{"id":5311,"date":"2026-09-03T09:00:00","date_gmt":"2026-09-03T07:00:00","guid":{"rendered":"https:\/\/www.integrationwien.at\/blog\/?p=5311"},"modified":"2026-09-03T08:19:24","modified_gmt":"2026-09-03T06:19:24","slug":"letzter-sommerausflug-2026-von-dominik-und-jeremias","status":"publish","type":"post","link":"https:\/\/www.integrationwien.at\/blog\/?p=5311","title":{"rendered":"Letzter Sommerausflug 2026 von Dominik und Jeremias"},"content":{"rendered":"\n<p>Dominik und Freizeitassistent Jeremias haben Ende Juli einen Ausflug gemacht. Weil Jeremias im August nicht da sein w\u00fcrde, haben sie sich nochmal getroffen, um sich vor der Pause voneinander zu verabschieden.<\/p>\n\n\n\n<figure class=\"wp-block-image size-large\"><img loading=\"lazy\" decoding=\"async\" width=\"1024\" height=\"576\" src=\"https:\/\/www.integrationwien.at\/blog\/wp-content\/uploads\/2026\/09\/Bild1-1024x576.jpg\" alt=\"\" class=\"wp-image-5312\" srcset=\"https:\/\/www.integrationwien.at\/blog\/wp-content\/uploads\/2026\/09\/Bild1-1024x576.jpg 1024w, https:\/\/www.integrationwien.at\/blog\/wp-content\/uploads\/2026\/09\/Bild1-300x169.jpg 300w, https:\/\/www.integrationwien.at\/blog\/wp-content\/uploads\/2026\/09\/Bild1-768x432.jpg 768w, https:\/\/www.integrationwien.at\/blog\/wp-content\/uploads\/2026\/09\/Bild1-624x351.jpg 624w, https:\/\/www.integrationwien.at\/blog\/wp-content\/uploads\/2026\/09\/Bild1.jpg 1386w\" sizes=\"auto, (max-width: 1024px) 100vw, 1024px\" \/><\/figure>\n\n\n\n<p>Dominik und Jeremias haben sich beim Allgemeinen Krankenhaus getroffen. Dominik arbeitet dort und Jeremias hat ihn von der Arbeit abgeholt.<\/p>\n\n\n\n<figure class=\"wp-block-image size-large\"><img loading=\"lazy\" decoding=\"async\" width=\"1024\" height=\"576\" src=\"https:\/\/www.integrationwien.at\/blog\/wp-content\/uploads\/2026\/09\/Bild2-1024x576.jpg\" alt=\"\" class=\"wp-image-5313\" srcset=\"https:\/\/www.integrationwien.at\/blog\/wp-content\/uploads\/2026\/09\/Bild2-1024x576.jpg 1024w, https:\/\/www.integrationwien.at\/blog\/wp-content\/uploads\/2026\/09\/Bild2-300x169.jpg 300w, https:\/\/www.integrationwien.at\/blog\/wp-content\/uploads\/2026\/09\/Bild2-768x432.jpg 768w, https:\/\/www.integrationwien.at\/blog\/wp-content\/uploads\/2026\/09\/Bild2-624x351.jpg 624w, https:\/\/www.integrationwien.at\/blog\/wp-content\/uploads\/2026\/09\/Bild2.jpg 1386w\" sizes=\"auto, (max-width: 1024px) 100vw, 1024px\" \/><\/figure>\n\n\n\n<p>Gemeinsam sind Jeremias und Dominik nach Floridsdorf gefahren. Von dort ging es mit der Stra\u00dfenbahnlinie 25 weiter. Dominik wollte zu seiner Bank. Er hat \u00fcber das Jahr viele M\u00fcnzen gesammelt, die er auf der Bank abgeben wollte, damit das Geld auf sein Konto \u00fcberwiesen wird.<\/p>\n\n\n\n<figure class=\"wp-block-image size-large\"><img loading=\"lazy\" decoding=\"async\" width=\"1024\" height=\"576\" src=\"https:\/\/www.integrationwien.at\/blog\/wp-content\/uploads\/2026\/09\/Bild3-1024x576.jpg\" alt=\"\" class=\"wp-image-5314\" srcset=\"https:\/\/www.integrationwien.at\/blog\/wp-content\/uploads\/2026\/09\/Bild3-1024x576.jpg 1024w, https:\/\/www.integrationwien.at\/blog\/wp-content\/uploads\/2026\/09\/Bild3-300x169.jpg 300w, https:\/\/www.integrationwien.at\/blog\/wp-content\/uploads\/2026\/09\/Bild3-768x432.jpg 768w, https:\/\/www.integrationwien.at\/blog\/wp-content\/uploads\/2026\/09\/Bild3-624x351.jpg 624w, https:\/\/www.integrationwien.at\/blog\/wp-content\/uploads\/2026\/09\/Bild3.jpg 1386w\" sizes=\"auto, (max-width: 1024px) 100vw, 1024px\" \/><\/figure>\n\n\n\n<p>Dominik hat alle M\u00fcnzen in einen Automaten gegeben. Der Automat ist dazu da, dass er die ganzen M\u00fcnzen z\u00e4hlt. Erst hat er nicht funktioniert, aber am Ende haben die beiden es geschafft. Das Geld wurde auf Dominiks Konto \u00fcberwiesen. Dominik hat eine Best\u00e4tigung auf Papier erhalten:<\/p>\n\n\n\n<figure class=\"wp-block-image size-large\"><img loading=\"lazy\" decoding=\"async\" width=\"1024\" height=\"576\" src=\"https:\/\/www.integrationwien.at\/blog\/wp-content\/uploads\/2026\/09\/Bild4-1024x576.jpg\" alt=\"\" class=\"wp-image-5315\" srcset=\"https:\/\/www.integrationwien.at\/blog\/wp-content\/uploads\/2026\/09\/Bild4-1024x576.jpg 1024w, https:\/\/www.integrationwien.at\/blog\/wp-content\/uploads\/2026\/09\/Bild4-300x169.jpg 300w, https:\/\/www.integrationwien.at\/blog\/wp-content\/uploads\/2026\/09\/Bild4-768x432.jpg 768w, https:\/\/www.integrationwien.at\/blog\/wp-content\/uploads\/2026\/09\/Bild4-624x351.jpg 624w, https:\/\/www.integrationwien.at\/blog\/wp-content\/uploads\/2026\/09\/Bild4.jpg 1386w\" sizes=\"auto, (max-width: 1024px) 100vw, 1024px\" \/><\/figure>\n\n\n\n<p>Danach sind Dominik und Jeremias noch in das Einkaufszentrum gegangen, das neben der Bank ist. Dort haben sie einen gro\u00dfen Haribo-Shop entdeckt, in dem es richtig viele Gummib\u00e4rchen gab.<\/p>\n\n\n\n<figure class=\"wp-block-image size-large\"><img loading=\"lazy\" decoding=\"async\" width=\"1024\" height=\"576\" src=\"https:\/\/www.integrationwien.at\/blog\/wp-content\/uploads\/2026\/09\/Bild5-1024x576.jpg\" alt=\"\" class=\"wp-image-5316\" srcset=\"https:\/\/www.integrationwien.at\/blog\/wp-content\/uploads\/2026\/09\/Bild5-1024x576.jpg 1024w, https:\/\/www.integrationwien.at\/blog\/wp-content\/uploads\/2026\/09\/Bild5-300x169.jpg 300w, https:\/\/www.integrationwien.at\/blog\/wp-content\/uploads\/2026\/09\/Bild5-768x432.jpg 768w, https:\/\/www.integrationwien.at\/blog\/wp-content\/uploads\/2026\/09\/Bild5-624x351.jpg 624w, https:\/\/www.integrationwien.at\/blog\/wp-content\/uploads\/2026\/09\/Bild5.jpg 1386w\" sizes=\"auto, (max-width: 1024px) 100vw, 1024px\" \/><\/figure>\n\n\n\n<p>Weil es sehr hei\u00df war, haben Dominik und Jeremias dann aber lieber ein Eis gegessen:<\/p>\n\n\n\n<figure class=\"wp-block-image size-large\"><img loading=\"lazy\" decoding=\"async\" width=\"1024\" height=\"584\" src=\"https:\/\/www.integrationwien.at\/blog\/wp-content\/uploads\/2026\/09\/Bild6-1024x584.jpg\" alt=\"\" class=\"wp-image-5317\" srcset=\"https:\/\/www.integrationwien.at\/blog\/wp-content\/uploads\/2026\/09\/Bild6-1024x584.jpg 1024w, https:\/\/www.integrationwien.at\/blog\/wp-content\/uploads\/2026\/09\/Bild6-300x171.jpg 300w, https:\/\/www.integrationwien.at\/blog\/wp-content\/uploads\/2026\/09\/Bild6-768x438.jpg 768w, https:\/\/www.integrationwien.at\/blog\/wp-content\/uploads\/2026\/09\/Bild6-624x356.jpg 624w, https:\/\/www.integrationwien.at\/blog\/wp-content\/uploads\/2026\/09\/Bild6.jpg 1386w\" sizes=\"auto, (max-width: 1024px) 100vw, 1024px\" \/><\/figure>\n\n\n\n<p>Danach hat Dominik Jeremias noch zum Westbahnhof begleitet. Jeremias hatte einen Zug gebucht, der ihn nach Salzburg bringen w\u00fcrde. Am Bahnhof haben die beiden sich verabschiedet. Dominik und Jeremias freuen sich schon, wenn sie sich im September wiedersehen.<\/p>\n\n\n\n<p>Am Bahnhof haben sie noch ein kleines Abschiedsfoto gemacht. &nbsp;Bis Bald. \ud83d\ude0a<\/p>\n\n\n\n<figure class=\"wp-block-image size-large\"><img loading=\"lazy\" decoding=\"async\" width=\"1024\" height=\"576\" src=\"https:\/\/www.integrationwien.at\/blog\/wp-content\/uploads\/2026\/09\/Bild7-1024x576.jpg\" alt=\"\" class=\"wp-image-5318\" srcset=\"https:\/\/www.integrationwien.at\/blog\/wp-content\/uploads\/2026\/09\/Bild7-1024x576.jpg 1024w, https:\/\/www.integrationwien.at\/blog\/wp-content\/uploads\/2026\/09\/Bild7-300x169.jpg 300w, https:\/\/www.integrationwien.at\/blog\/wp-content\/uploads\/2026\/09\/Bild7-768x432.jpg 768w, https:\/\/www.integrationwien.at\/blog\/wp-content\/uploads\/2026\/09\/Bild7-624x351.jpg 624w, https:\/\/www.integrationwien.at\/blog\/wp-content\/uploads\/2026\/09\/Bild7.jpg 1386w\" sizes=\"auto, (max-width: 1024px) 100vw, 1024px\" \/><\/figure>\n\n\n\n<p>Ein Beitrag von Jeremias, Freizeitassistenz bei integration wien.<\/p>\n","protected":false},"excerpt":{"rendered":"<p>Dominik und Freizeitassistent Jeremias haben Ende Juli einen Ausflug gemacht. Weil Jeremias im August nicht da sein w\u00fcrde, haben sie sich nochmal getroffen, um sich vor der Pause voneinander zu verabschieden. Dominik und Jeremias haben sich beim Allgemeinen Krankenhaus getroffen. Dominik arbeitet dort und Jeremias hat ihn von der Arbeit abgeholt. Gemeinsam sind Jeremias und [&hellip;]<\/p>\n","protected":false},"author":9,"featured_media":0,"comment_status":"closed","ping_status":"open","sticky":false,"template":"","format":"standard","meta":{"footnotes":""},"categories":[1],"tags":[],"class_list":["post-5311","post","type-post","status-publish","format-standard","hentry","category-allgemein"],"yoast_head":"<!-- This site is optimized with the Yoast SEO plugin v25.8 - https:\/\/yoast.com\/wordpress\/plugins\/seo\/ -->\n<title>Letzter Sommerausflug 2026 von Dominik und Jeremias - Integration Wien<\/title>\n<meta name=\"robots\" content=\"index, follow, max-snippet:-1, max-image-preview:large, max-video-preview:-1\" \/>\n<link rel=\"canonical\" href=\"https:\/\/www.integrationwien.at\/blog\/?p=5311\" \/>\n<meta property=\"og:locale\" content=\"de_DE\" \/>\n<meta property=\"og:type\" content=\"article\" \/>\n<meta property=\"og:title\" content=\"Letzter Sommerausflug 2026 von Dominik und Jeremias - Integration Wien\" \/>\n<meta property=\"og:description\" content=\"Dominik und Freizeitassistent Jeremias haben Ende Juli einen Ausflug gemacht. Weil Jeremias im August nicht da sein w\u00fcrde, haben sie sich nochmal getroffen, um sich vor der Pause voneinander zu verabschieden. Dominik und Jeremias haben sich beim Allgemeinen Krankenhaus getroffen. Dominik arbeitet dort und Jeremias hat ihn von der Arbeit abgeholt. Gemeinsam sind Jeremias und [&hellip;]\" \/>\n<meta property=\"og:url\" content=\"https:\/\/www.integrationwien.at\/blog\/?p=5311\" \/>\n<meta property=\"og:site_name\" content=\"Integration Wien\" \/>\n<meta property=\"article:published_time\" content=\"2026-09-03T07:00:00+00:00\" \/>\n<meta property=\"og:image\" content=\"https:\/\/www.integrationwien.at\/blog\/wp-content\/uploads\/2026\/09\/Bild1.jpg\" \/>\n\t<meta property=\"og:image:width\" content=\"1386\" \/>\n\t<meta property=\"og:image:height\" content=\"780\" \/>\n\t<meta property=\"og:image:type\" content=\"image\/jpeg\" \/>\n<meta name=\"author\" content=\"Matea Maric-Popilka\" \/>\n<meta name=\"twitter:card\" content=\"summary_large_image\" \/>\n<meta name=\"twitter:label1\" content=\"Verfasst von\" \/>\n\t<meta name=\"twitter:data1\" content=\"Matea Maric-Popilka\" \/>\n\t<meta name=\"twitter:label2\" content=\"Gesch\u00e4tzte Lesezeit\" \/>\n\t<meta name=\"twitter:data2\" content=\"3\u00a0Minuten\" \/>\n<script type=\"application\/ld+json\" class=\"yoast-schema-graph\">{\"@context\":\"https:\/\/schema.org\",\"@graph\":[{\"@type\":\"WebPage\",\"@id\":\"https:\/\/www.integrationwien.at\/blog\/?p=5311\",\"url\":\"https:\/\/www.integrationwien.at\/blog\/?p=5311\",\"name\":\"Letzter Sommerausflug 2026 von Dominik und Jeremias - Integration Wien\",\"isPartOf\":{\"@id\":\"https:\/\/www.integrationwien.at\/blog\/#website\"},\"primaryImageOfPage\":{\"@id\":\"https:\/\/www.integrationwien.at\/blog\/?p=5311#primaryimage\"},\"image\":{\"@id\":\"https:\/\/www.integrationwien.at\/blog\/?p=5311#primaryimage\"},\"thumbnailUrl\":\"https:\/\/www.integrationwien.at\/blog\/wp-content\/uploads\/2026\/09\/Bild1-1024x576.jpg\",\"datePublished\":\"2026-09-03T07:00:00+00:00\",\"author\":{\"@id\":\"https:\/\/www.integrationwien.at\/blog\/#\/schema\/person\/5ea7380a200aa96fd4fec1e09b54fcc6\"},\"breadcrumb\":{\"@id\":\"https:\/\/www.integrationwien.at\/blog\/?p=5311#breadcrumb\"},\"inLanguage\":\"de\",\"potentialAction\":[{\"@type\":\"ReadAction\",\"target\":[\"https:\/\/www.integrationwien.at\/blog\/?p=5311\"]}]},{\"@type\":\"ImageObject\",\"inLanguage\":\"de\",\"@id\":\"https:\/\/www.integrationwien.at\/blog\/?p=5311#primaryimage\",\"url\":\"https:\/\/www.integrationwien.at\/blog\/wp-content\/uploads\/2026\/09\/Bild1.jpg\",\"contentUrl\":\"https:\/\/www.integrationwien.at\/blog\/wp-content\/uploads\/2026\/09\/Bild1.jpg\",\"width\":1386,\"height\":780},{\"@type\":\"BreadcrumbList\",\"@id\":\"https:\/\/www.integrationwien.at\/blog\/?p=5311#breadcrumb\",\"itemListElement\":[{\"@type\":\"ListItem\",\"position\":1,\"name\":\"Startseite\",\"item\":\"https:\/\/www.integrationwien.at\/blog\"},{\"@type\":\"ListItem\",\"position\":2,\"name\":\"Letzter Sommerausflug 2026 von Dominik und Jeremias\"}]},{\"@type\":\"WebSite\",\"@id\":\"https:\/\/www.integrationwien.at\/blog\/#website\",\"url\":\"https:\/\/www.integrationwien.at\/blog\/\",\"name\":\"Integration Wien\",\"description\":\"\",\"potentialAction\":[{\"@type\":\"SearchAction\",\"target\":{\"@type\":\"EntryPoint\",\"urlTemplate\":\"https:\/\/www.integrationwien.at\/blog\/?s={search_term_string}\"},\"query-input\":{\"@type\":\"PropertyValueSpecification\",\"valueRequired\":true,\"valueName\":\"search_term_string\"}}],\"inLanguage\":\"de\"},{\"@type\":\"Person\",\"@id\":\"https:\/\/www.integrationwien.at\/blog\/#\/schema\/person\/5ea7380a200aa96fd4fec1e09b54fcc6\",\"name\":\"Matea Maric-Popilka\",\"image\":{\"@type\":\"ImageObject\",\"inLanguage\":\"de\",\"@id\":\"https:\/\/www.integrationwien.at\/blog\/#\/schema\/person\/image\/\",\"url\":\"https:\/\/secure.gravatar.com\/avatar\/ada542f0c9e1c90ed1c6ea5dd5af491171b1730669416c07bb4b3b2cace5f8ed?s=96&d=retro&r=g\",\"contentUrl\":\"https:\/\/secure.gravatar.com\/avatar\/ada542f0c9e1c90ed1c6ea5dd5af491171b1730669416c07bb4b3b2cace5f8ed?s=96&d=retro&r=g\",\"caption\":\"Matea Maric-Popilka\"},\"url\":\"https:\/\/www.integrationwien.at\/blog\/?author=9\"}]}<\/script>\n<!-- \/ Yoast SEO plugin. -->","yoast_head_json":{"title":"Letzter Sommerausflug 2026 von Dominik und Jeremias - Integration Wien","robots":{"index":"index","follow":"follow","max-snippet":"max-snippet:-1","max-image-preview":"max-image-preview:large","max-video-preview":"max-video-preview:-1"},"canonical":"https:\/\/www.integrationwien.at\/blog\/?p=5311","og_locale":"de_DE","og_type":"article","og_title":"Letzter Sommerausflug 2026 von Dominik und Jeremias - Integration Wien","og_description":"Dominik und Freizeitassistent Jeremias haben Ende Juli einen Ausflug gemacht. Weil Jeremias im August nicht da sein w\u00fcrde, haben sie sich nochmal getroffen, um sich vor der Pause voneinander zu verabschieden. Dominik und Jeremias haben sich beim Allgemeinen Krankenhaus getroffen. Dominik arbeitet dort und Jeremias hat ihn von der Arbeit abgeholt. Gemeinsam sind Jeremias und [&hellip;]","og_url":"https:\/\/www.integrationwien.at\/blog\/?p=5311","og_site_name":"Integration Wien","article_published_time":"2026-09-03T07:00:00+00:00","og_image":[{"width":1386,"height":780,"url":"https:\/\/www.integrationwien.at\/blog\/wp-content\/uploads\/2026\/09\/Bild1.jpg","type":"image\/jpeg"}],"author":"Matea Maric-Popilka","twitter_card":"summary_large_image","twitter_misc":{"Verfasst von":"Matea Maric-Popilka","Gesch\u00e4tzte Lesezeit":"3\u00a0Minuten"},"schema":{"@context":"https:\/\/schema.org","@graph":[{"@type":"WebPage","@id":"https:\/\/www.integrationwien.at\/blog\/?p=5311","url":"https:\/\/www.integrationwien.at\/blog\/?p=5311","name":"Letzter Sommerausflug 2026 von Dominik und Jeremias - Integration Wien","isPartOf":{"@id":"https:\/\/www.integrationwien.at\/blog\/#website"},"primaryImageOfPage":{"@id":"https:\/\/www.integrationwien.at\/blog\/?p=5311#primaryimage"},"image":{"@id":"https:\/\/www.integrationwien.at\/blog\/?p=5311#primaryimage"},"thumbnailUrl":"https:\/\/www.integrationwien.at\/blog\/wp-content\/uploads\/2026\/09\/Bild1-1024x576.jpg","datePublished":"2026-09-03T07:00:00+00:00","author":{"@id":"https:\/\/www.integrationwien.at\/blog\/#\/schema\/person\/5ea7380a200aa96fd4fec1e09b54fcc6"},"breadcrumb":{"@id":"https:\/\/www.integrationwien.at\/blog\/?p=5311#breadcrumb"},"inLanguage":"de","potentialAction":[{"@type":"ReadAction","target":["https:\/\/www.integrationwien.at\/blog\/?p=5311"]}]},{"@type":"ImageObject","inLanguage":"de","@id":"https:\/\/www.integrationwien.at\/blog\/?p=5311#primaryimage","url":"https:\/\/www.integrationwien.at\/blog\/wp-content\/uploads\/2026\/09\/Bild1.jpg","contentUrl":"https:\/\/www.integrationwien.at\/blog\/wp-content\/uploads\/2026\/09\/Bild1.jpg","width":1386,"height":780},{"@type":"BreadcrumbList","@id":"https:\/\/www.integrationwien.at\/blog\/?p=5311#breadcrumb","itemListElement":[{"@type":"ListItem","position":1,"name":"Startseite","item":"https:\/\/www.integrationwien.at\/blog"},{"@type":"ListItem","position":2,"name":"Letzter Sommerausflug 2026 von Dominik und Jeremias"}]},{"@type":"WebSite","@id":"https:\/\/www.integrationwien.at\/blog\/#website","url":"https:\/\/www.integrationwien.at\/blog\/","name":"Integration Wien","description":"","potentialAction":[{"@type":"SearchAction","target":{"@type":"EntryPoint","urlTemplate":"https:\/\/www.integrationwien.at\/blog\/?s={search_term_string}"},"query-input":{"@type":"PropertyValueSpecification","valueRequired":true,"valueName":"search_term_string"}}],"inLanguage":"de"},{"@type":"Person","@id":"https:\/\/www.integrationwien.at\/blog\/#\/schema\/person\/5ea7380a200aa96fd4fec1e09b54fcc6","name":"Matea Maric-Popilka","image":{"@type":"ImageObject","inLanguage":"de","@id":"https:\/\/www.integrationwien.at\/blog\/#\/schema\/person\/image\/","url":"https:\/\/secure.gravatar.com\/avatar\/ada542f0c9e1c90ed1c6ea5dd5af491171b1730669416c07bb4b3b2cace5f8ed?s=96&d=retro&r=g","contentUrl":"https:\/\/secure.gravatar.com\/avatar\/ada542f0c9e1c90ed1c6ea5dd5af491171b1730669416c07bb4b3b2cace5f8ed?s=96&d=retro&r=g","caption":"Matea Maric-Popilka"},"url":"https:\/\/www.integrationwien.at\/blog\/?author=9"}]}},"_links":{"self":[{"href":"https:\/\/www.integrationwien.at\/blog\/index.php?rest_route=\/wp\/v2\/posts\/5311","targetHints":{"allow":["GET"]}}],"collection":[{"href":"https:\/\/www.integrationwien.at\/blog\/index.php?rest_route=\/wp\/v2\/posts"}],"about":[{"href":"https:\/\/www.integrationwien.at\/blog\/index.php?rest_route=\/wp\/v2\/types\/post"}],"author":[{"embeddable":true,"href":"https:\/\/www.integrationwien.at\/blog\/index.php?rest_route=\/wp\/v2\/users\/9"}],"replies":[{"embeddable":true,"href":"https:\/\/www.integrationwien.at\/blog\/index.php?rest_route=%2Fwp%2Fv2%2Fcomments&post=5311"}],"version-history":[{"count":2,"href":"https:\/\/www.integrationwien.at\/blog\/index.php?rest_route=\/wp\/v2\/posts\/5311\/revisions"}],"predecessor-version":[{"id":5320,"href":"https:\/\/www.integrationwien.at\/blog\/index.php?rest_route=\/wp\/v2\/posts\/5311\/revisions\/5320"}],"wp:attachment":[{"href":"https:\/\/www.integrationwien.at\/blog\/index.php?rest_route=%2Fwp%2Fv2%2Fmedia&parent=5311"}],"wp:term":[{"taxonomy":"category","embeddable":true,"href":"https:\/\/www.integrationwien.at\/blog\/index.php?rest_route=%2Fwp%2Fv2%2Fcategories&post=5311"},{"taxonomy":"post_tag","embeddable":true,"href":"https:\/\/www.integrationwien.at\/blog\/index.php?rest_route=%2Fwp%2Fv2%2Ftags&post=5311"}],"curies":[{"name":"wp","href":"https:\/\/api.w.org\/{rel}","templated":true}]}}