{"id":5067,"date":"2025-06-26T08:00:00","date_gmt":"2025-06-26T06:00:00","guid":{"rendered":"https:\/\/www.integrationwien.at\/blog\/?p=5067"},"modified":"2025-06-20T12:44:53","modified_gmt":"2025-06-20T10:44:53","slug":"musik-und-eis-beim-wasserweltfest","status":"publish","type":"post","link":"https:\/\/www.integrationwien.at\/blog\/?p=5067","title":{"rendered":"Musik und Eis beim Wasserweltfest"},"content":{"rendered":"\n<p>Anfang Juni waren wir beim Wasserweltfest, das ist ein Gr\u00e4tzlfest im 15. Bezirk. Beim U-Bahn-Ausgang haben wir schon Musik geh\u00f6rt und Essen gerochen. Au\u00dferdem haben wir Info-St\u00e4nde von unterschiedlichen Organisationen gesehen.<\/p>\n\n\n<div class=\"wp-block-image\">\n<figure class=\"aligncenter size-large is-resized\"><img loading=\"lazy\" decoding=\"async\" width=\"768\" height=\"1024\" src=\"https:\/\/www.integrationwien.at\/blog\/wp-content\/uploads\/2025\/06\/Susi-und-Lena-768x1024.jpg\" alt=\"\" class=\"wp-image-5068\" style=\"width:386px;height:auto\" srcset=\"https:\/\/www.integrationwien.at\/blog\/wp-content\/uploads\/2025\/06\/Susi-und-Lena-768x1024.jpg 768w, https:\/\/www.integrationwien.at\/blog\/wp-content\/uploads\/2025\/06\/Susi-und-Lena-225x300.jpg 225w, https:\/\/www.integrationwien.at\/blog\/wp-content\/uploads\/2025\/06\/Susi-und-Lena-1152x1536.jpg 1152w, https:\/\/www.integrationwien.at\/blog\/wp-content\/uploads\/2025\/06\/Susi-und-Lena-624x832.jpg 624w, https:\/\/www.integrationwien.at\/blog\/wp-content\/uploads\/2025\/06\/Susi-und-Lena.jpg 1200w\" sizes=\"auto, (max-width: 768px) 100vw, 768px\" \/><\/figure><\/div>\n\n\n<p>Als wir angekommen sind war auf der B\u00fchne ein Tanzauftritt von einer Frauengruppe. Wir haben uns unter ein Zelt und in den Schatten gesetzt. Von hier haben wir den Tanzauftritt angeschaut und Susi hat eine Cola getrunken.<\/p>\n\n\n\n<p>Weil es auch im Schatten hei\u00df war, haben wir uns in der Eisdiele zwei Kugeln Eis gekauft. Susi hat Schokoladeneis gegessen und Lena hat Mangoeis gegessen.<\/p>\n\n\n\n<p>Danach war der Auftritt der Monkeys of Earth. Zuerst haben wir ein bisschen zugeh\u00f6rt. Sp\u00e4ter haben wir gemeinsam mit anderen Personen im Schatten zur Musik getanzt. Die Musik war laut und beschwingt und hat gute Laune gemacht.<\/p>\n\n\n<div class=\"wp-block-image\">\n<figure class=\"aligncenter size-large is-resized\"><img loading=\"lazy\" decoding=\"async\" width=\"768\" height=\"1024\" src=\"https:\/\/www.integrationwien.at\/blog\/wp-content\/uploads\/2025\/06\/Monkeys-of-Earth-768x1024.jpg\" alt=\"\" class=\"wp-image-5069\" style=\"width:389px;height:auto\" srcset=\"https:\/\/www.integrationwien.at\/blog\/wp-content\/uploads\/2025\/06\/Monkeys-of-Earth-768x1024.jpg 768w, https:\/\/www.integrationwien.at\/blog\/wp-content\/uploads\/2025\/06\/Monkeys-of-Earth-225x300.jpg 225w, https:\/\/www.integrationwien.at\/blog\/wp-content\/uploads\/2025\/06\/Monkeys-of-Earth-1152x1536.jpg 1152w, https:\/\/www.integrationwien.at\/blog\/wp-content\/uploads\/2025\/06\/Monkeys-of-Earth-624x832.jpg 624w, https:\/\/www.integrationwien.at\/blog\/wp-content\/uploads\/2025\/06\/Monkeys-of-Earth.jpg 1200w\" sizes=\"auto, (max-width: 768px) 100vw, 768px\" \/><\/figure><\/div>\n\n\n<p>Zum Schluss haben wir bei den Info-St\u00e4nden Flyer f\u00fcr Konzerte und Workshops im Sommer gefunden. Susi hat au\u00dferdem eine Geschenktasche mit Marmelade und ein Klebetattoo bekommen.<\/p>\n\n\n<div class=\"wp-block-image\">\n<figure class=\"aligncenter size-large is-resized\"><img loading=\"lazy\" decoding=\"async\" width=\"768\" height=\"1024\" src=\"https:\/\/www.integrationwien.at\/blog\/wp-content\/uploads\/2025\/06\/Klebetattoo-768x1024.jpg\" alt=\"\" class=\"wp-image-5070\" style=\"width:402px;height:auto\" srcset=\"https:\/\/www.integrationwien.at\/blog\/wp-content\/uploads\/2025\/06\/Klebetattoo-768x1024.jpg 768w, https:\/\/www.integrationwien.at\/blog\/wp-content\/uploads\/2025\/06\/Klebetattoo-225x300.jpg 225w, https:\/\/www.integrationwien.at\/blog\/wp-content\/uploads\/2025\/06\/Klebetattoo-1152x1536.jpg 1152w, https:\/\/www.integrationwien.at\/blog\/wp-content\/uploads\/2025\/06\/Klebetattoo-624x832.jpg 624w, https:\/\/www.integrationwien.at\/blog\/wp-content\/uploads\/2025\/06\/Klebetattoo.jpg 1200w\" sizes=\"auto, (max-width: 768px) 100vw, 768px\" \/><\/figure><\/div>\n\n\n<p>Wir haben am Wasserweltfest viel Spa\u00df gehabt!<\/p>\n\n\n\n<p>Ein Beitrag von Lena, Freizeitassistenz bei integration wien.<\/p>\n","protected":false},"excerpt":{"rendered":"<p>Anfang Juni waren wir beim Wasserweltfest, das ist ein Gr\u00e4tzlfest im 15. Bezirk. Beim U-Bahn-Ausgang haben wir schon Musik geh\u00f6rt und Essen gerochen. Au\u00dferdem haben wir Info-St\u00e4nde von unterschiedlichen Organisationen gesehen. Als wir angekommen sind war auf der B\u00fchne ein Tanzauftritt von einer Frauengruppe. Wir haben uns unter ein Zelt und in den Schatten gesetzt. [&hellip;]<\/p>\n","protected":false},"author":9,"featured_media":0,"comment_status":"closed","ping_status":"open","sticky":false,"template":"","format":"standard","meta":{"footnotes":""},"categories":[1],"tags":[],"class_list":["post-5067","post","type-post","status-publish","format-standard","hentry","category-allgemein"],"yoast_head":"<!-- This site is optimized with the Yoast SEO plugin v25.8 - https:\/\/yoast.com\/wordpress\/plugins\/seo\/ -->\n<title>Musik und Eis beim Wasserweltfest - Integration Wien<\/title>\n<meta name=\"robots\" content=\"index, follow, max-snippet:-1, max-image-preview:large, max-video-preview:-1\" \/>\n<link rel=\"canonical\" href=\"https:\/\/www.integrationwien.at\/blog\/?p=5067\" \/>\n<meta property=\"og:locale\" content=\"de_DE\" \/>\n<meta property=\"og:type\" content=\"article\" \/>\n<meta property=\"og:title\" content=\"Musik und Eis beim Wasserweltfest - Integration Wien\" \/>\n<meta property=\"og:description\" content=\"Anfang Juni waren wir beim Wasserweltfest, das ist ein Gr\u00e4tzlfest im 15. Bezirk. Beim U-Bahn-Ausgang haben wir schon Musik geh\u00f6rt und Essen gerochen. Au\u00dferdem haben wir Info-St\u00e4nde von unterschiedlichen Organisationen gesehen. Als wir angekommen sind war auf der B\u00fchne ein Tanzauftritt von einer Frauengruppe. Wir haben uns unter ein Zelt und in den Schatten gesetzt. [&hellip;]\" \/>\n<meta property=\"og:url\" content=\"https:\/\/www.integrationwien.at\/blog\/?p=5067\" \/>\n<meta property=\"og:site_name\" content=\"Integration Wien\" \/>\n<meta property=\"article:published_time\" content=\"2025-06-26T06:00:00+00:00\" \/>\n<meta property=\"og:image\" content=\"https:\/\/www.integrationwien.at\/blog\/wp-content\/uploads\/2025\/06\/Susi-und-Lena.jpg\" \/>\n\t<meta property=\"og:image:width\" content=\"1200\" \/>\n\t<meta property=\"og:image:height\" content=\"1600\" \/>\n\t<meta property=\"og:image:type\" content=\"image\/jpeg\" \/>\n<meta name=\"author\" content=\"Matea Maric-Popilka\" \/>\n<meta name=\"twitter:card\" content=\"summary_large_image\" \/>\n<meta name=\"twitter:label1\" content=\"Verfasst von\" \/>\n\t<meta name=\"twitter:data1\" content=\"Matea Maric-Popilka\" \/>\n\t<meta name=\"twitter:label2\" content=\"Gesch\u00e4tzte Lesezeit\" \/>\n\t<meta name=\"twitter:data2\" content=\"2\u00a0Minuten\" \/>\n<script type=\"application\/ld+json\" class=\"yoast-schema-graph\">{\"@context\":\"https:\/\/schema.org\",\"@graph\":[{\"@type\":\"WebPage\",\"@id\":\"https:\/\/www.integrationwien.at\/blog\/?p=5067\",\"url\":\"https:\/\/www.integrationwien.at\/blog\/?p=5067\",\"name\":\"Musik und Eis beim Wasserweltfest - Integration Wien\",\"isPartOf\":{\"@id\":\"https:\/\/www.integrationwien.at\/blog\/#website\"},\"primaryImageOfPage\":{\"@id\":\"https:\/\/www.integrationwien.at\/blog\/?p=5067#primaryimage\"},\"image\":{\"@id\":\"https:\/\/www.integrationwien.at\/blog\/?p=5067#primaryimage\"},\"thumbnailUrl\":\"https:\/\/www.integrationwien.at\/blog\/wp-content\/uploads\/2025\/06\/Susi-und-Lena-768x1024.jpg\",\"datePublished\":\"2025-06-26T06:00:00+00:00\",\"author\":{\"@id\":\"https:\/\/www.integrationwien.at\/blog\/#\/schema\/person\/5ea7380a200aa96fd4fec1e09b54fcc6\"},\"breadcrumb\":{\"@id\":\"https:\/\/www.integrationwien.at\/blog\/?p=5067#breadcrumb\"},\"inLanguage\":\"de\",\"potentialAction\":[{\"@type\":\"ReadAction\",\"target\":[\"https:\/\/www.integrationwien.at\/blog\/?p=5067\"]}]},{\"@type\":\"ImageObject\",\"inLanguage\":\"de\",\"@id\":\"https:\/\/www.integrationwien.at\/blog\/?p=5067#primaryimage\",\"url\":\"https:\/\/www.integrationwien.at\/blog\/wp-content\/uploads\/2025\/06\/Susi-und-Lena.jpg\",\"contentUrl\":\"https:\/\/www.integrationwien.at\/blog\/wp-content\/uploads\/2025\/06\/Susi-und-Lena.jpg\",\"width\":1200,\"height\":1600},{\"@type\":\"BreadcrumbList\",\"@id\":\"https:\/\/www.integrationwien.at\/blog\/?p=5067#breadcrumb\",\"itemListElement\":[{\"@type\":\"ListItem\",\"position\":1,\"name\":\"Startseite\",\"item\":\"https:\/\/www.integrationwien.at\/blog\"},{\"@type\":\"ListItem\",\"position\":2,\"name\":\"Musik und Eis beim Wasserweltfest\"}]},{\"@type\":\"WebSite\",\"@id\":\"https:\/\/www.integrationwien.at\/blog\/#website\",\"url\":\"https:\/\/www.integrationwien.at\/blog\/\",\"name\":\"Integration Wien\",\"description\":\"\",\"potentialAction\":[{\"@type\":\"SearchAction\",\"target\":{\"@type\":\"EntryPoint\",\"urlTemplate\":\"https:\/\/www.integrationwien.at\/blog\/?s={search_term_string}\"},\"query-input\":{\"@type\":\"PropertyValueSpecification\",\"valueRequired\":true,\"valueName\":\"search_term_string\"}}],\"inLanguage\":\"de\"},{\"@type\":\"Person\",\"@id\":\"https:\/\/www.integrationwien.at\/blog\/#\/schema\/person\/5ea7380a200aa96fd4fec1e09b54fcc6\",\"name\":\"Matea Maric-Popilka\",\"image\":{\"@type\":\"ImageObject\",\"inLanguage\":\"de\",\"@id\":\"https:\/\/www.integrationwien.at\/blog\/#\/schema\/person\/image\/\",\"url\":\"https:\/\/secure.gravatar.com\/avatar\/ada542f0c9e1c90ed1c6ea5dd5af491171b1730669416c07bb4b3b2cace5f8ed?s=96&d=retro&r=g\",\"contentUrl\":\"https:\/\/secure.gravatar.com\/avatar\/ada542f0c9e1c90ed1c6ea5dd5af491171b1730669416c07bb4b3b2cace5f8ed?s=96&d=retro&r=g\",\"caption\":\"Matea Maric-Popilka\"},\"url\":\"https:\/\/www.integrationwien.at\/blog\/?author=9\"}]}<\/script>\n<!-- \/ Yoast SEO plugin. -->","yoast_head_json":{"title":"Musik und Eis beim Wasserweltfest - Integration Wien","robots":{"index":"index","follow":"follow","max-snippet":"max-snippet:-1","max-image-preview":"max-image-preview:large","max-video-preview":"max-video-preview:-1"},"canonical":"https:\/\/www.integrationwien.at\/blog\/?p=5067","og_locale":"de_DE","og_type":"article","og_title":"Musik und Eis beim Wasserweltfest - Integration Wien","og_description":"Anfang Juni waren wir beim Wasserweltfest, das ist ein Gr\u00e4tzlfest im 15. Bezirk. Beim U-Bahn-Ausgang haben wir schon Musik geh\u00f6rt und Essen gerochen. Au\u00dferdem haben wir Info-St\u00e4nde von unterschiedlichen Organisationen gesehen. Als wir angekommen sind war auf der B\u00fchne ein Tanzauftritt von einer Frauengruppe. Wir haben uns unter ein Zelt und in den Schatten gesetzt. [&hellip;]","og_url":"https:\/\/www.integrationwien.at\/blog\/?p=5067","og_site_name":"Integration Wien","article_published_time":"2025-06-26T06:00:00+00:00","og_image":[{"width":1200,"height":1600,"url":"https:\/\/www.integrationwien.at\/blog\/wp-content\/uploads\/2025\/06\/Susi-und-Lena.jpg","type":"image\/jpeg"}],"author":"Matea Maric-Popilka","twitter_card":"summary_large_image","twitter_misc":{"Verfasst von":"Matea Maric-Popilka","Gesch\u00e4tzte Lesezeit":"2\u00a0Minuten"},"schema":{"@context":"https:\/\/schema.org","@graph":[{"@type":"WebPage","@id":"https:\/\/www.integrationwien.at\/blog\/?p=5067","url":"https:\/\/www.integrationwien.at\/blog\/?p=5067","name":"Musik und Eis beim Wasserweltfest - Integration Wien","isPartOf":{"@id":"https:\/\/www.integrationwien.at\/blog\/#website"},"primaryImageOfPage":{"@id":"https:\/\/www.integrationwien.at\/blog\/?p=5067#primaryimage"},"image":{"@id":"https:\/\/www.integrationwien.at\/blog\/?p=5067#primaryimage"},"thumbnailUrl":"https:\/\/www.integrationwien.at\/blog\/wp-content\/uploads\/2025\/06\/Susi-und-Lena-768x1024.jpg","datePublished":"2025-06-26T06:00:00+00:00","author":{"@id":"https:\/\/www.integrationwien.at\/blog\/#\/schema\/person\/5ea7380a200aa96fd4fec1e09b54fcc6"},"breadcrumb":{"@id":"https:\/\/www.integrationwien.at\/blog\/?p=5067#breadcrumb"},"inLanguage":"de","potentialAction":[{"@type":"ReadAction","target":["https:\/\/www.integrationwien.at\/blog\/?p=5067"]}]},{"@type":"ImageObject","inLanguage":"de","@id":"https:\/\/www.integrationwien.at\/blog\/?p=5067#primaryimage","url":"https:\/\/www.integrationwien.at\/blog\/wp-content\/uploads\/2025\/06\/Susi-und-Lena.jpg","contentUrl":"https:\/\/www.integrationwien.at\/blog\/wp-content\/uploads\/2025\/06\/Susi-und-Lena.jpg","width":1200,"height":1600},{"@type":"BreadcrumbList","@id":"https:\/\/www.integrationwien.at\/blog\/?p=5067#breadcrumb","itemListElement":[{"@type":"ListItem","position":1,"name":"Startseite","item":"https:\/\/www.integrationwien.at\/blog"},{"@type":"ListItem","position":2,"name":"Musik und Eis beim Wasserweltfest"}]},{"@type":"WebSite","@id":"https:\/\/www.integrationwien.at\/blog\/#website","url":"https:\/\/www.integrationwien.at\/blog\/","name":"Integration Wien","description":"","potentialAction":[{"@type":"SearchAction","target":{"@type":"EntryPoint","urlTemplate":"https:\/\/www.integrationwien.at\/blog\/?s={search_term_string}"},"query-input":{"@type":"PropertyValueSpecification","valueRequired":true,"valueName":"search_term_string"}}],"inLanguage":"de"},{"@type":"Person","@id":"https:\/\/www.integrationwien.at\/blog\/#\/schema\/person\/5ea7380a200aa96fd4fec1e09b54fcc6","name":"Matea Maric-Popilka","image":{"@type":"ImageObject","inLanguage":"de","@id":"https:\/\/www.integrationwien.at\/blog\/#\/schema\/person\/image\/","url":"https:\/\/secure.gravatar.com\/avatar\/ada542f0c9e1c90ed1c6ea5dd5af491171b1730669416c07bb4b3b2cace5f8ed?s=96&d=retro&r=g","contentUrl":"https:\/\/secure.gravatar.com\/avatar\/ada542f0c9e1c90ed1c6ea5dd5af491171b1730669416c07bb4b3b2cace5f8ed?s=96&d=retro&r=g","caption":"Matea Maric-Popilka"},"url":"https:\/\/www.integrationwien.at\/blog\/?author=9"}]}},"_links":{"self":[{"href":"https:\/\/www.integrationwien.at\/blog\/index.php?rest_route=\/wp\/v2\/posts\/5067","targetHints":{"allow":["GET"]}}],"collection":[{"href":"https:\/\/www.integrationwien.at\/blog\/index.php?rest_route=\/wp\/v2\/posts"}],"about":[{"href":"https:\/\/www.integrationwien.at\/blog\/index.php?rest_route=\/wp\/v2\/types\/post"}],"author":[{"embeddable":true,"href":"https:\/\/www.integrationwien.at\/blog\/index.php?rest_route=\/wp\/v2\/users\/9"}],"replies":[{"embeddable":true,"href":"https:\/\/www.integrationwien.at\/blog\/index.php?rest_route=%2Fwp%2Fv2%2Fcomments&post=5067"}],"version-history":[{"count":1,"href":"https:\/\/www.integrationwien.at\/blog\/index.php?rest_route=\/wp\/v2\/posts\/5067\/revisions"}],"predecessor-version":[{"id":5071,"href":"https:\/\/www.integrationwien.at\/blog\/index.php?rest_route=\/wp\/v2\/posts\/5067\/revisions\/5071"}],"wp:attachment":[{"href":"https:\/\/www.integrationwien.at\/blog\/index.php?rest_route=%2Fwp%2Fv2%2Fmedia&parent=5067"}],"wp:term":[{"taxonomy":"category","embeddable":true,"href":"https:\/\/www.integrationwien.at\/blog\/index.php?rest_route=%2Fwp%2Fv2%2Fcategories&post=5067"},{"taxonomy":"post_tag","embeddable":true,"href":"https:\/\/www.integrationwien.at\/blog\/index.php?rest_route=%2Fwp%2Fv2%2Ftags&post=5067"}],"curies":[{"name":"wp","href":"https:\/\/api.w.org\/{rel}","templated":true}]}}