{"id":4609,"date":"2023-08-14T10:18:28","date_gmt":"2023-08-14T08:18:28","guid":{"rendered":"https:\/\/www.integrationwien.at\/blog\/?p=4609"},"modified":"2023-08-14T10:18:29","modified_gmt":"2023-08-14T08:18:29","slug":"abschlusskonzert","status":"publish","type":"post","link":"https:\/\/www.integrationwien.at\/blog\/?p=4609","title":{"rendered":"Abschlusskonzert"},"content":{"rendered":"<div class=\"wp-block-image\">\n<figure class=\"aligncenter size-full is-resized\"><img loading=\"lazy\" decoding=\"async\" src=\"https:\/\/www.integrationwien.at\/blog\/wp-content\/uploads\/2023\/08\/Konzert.jpg\" alt=\"\" class=\"wp-image-4607\" width=\"321\" height=\"241\" srcset=\"https:\/\/www.integrationwien.at\/blog\/wp-content\/uploads\/2023\/08\/Konzert.jpg 1024w, https:\/\/www.integrationwien.at\/blog\/wp-content\/uploads\/2023\/08\/Konzert-300x225.jpg 300w, https:\/\/www.integrationwien.at\/blog\/wp-content\/uploads\/2023\/08\/Konzert-768x576.jpg 768w, https:\/\/www.integrationwien.at\/blog\/wp-content\/uploads\/2023\/08\/Konzert-624x468.jpg 624w\" sizes=\"auto, (max-width: 321px) 100vw, 321px\" \/><\/figure><\/div>\n\n\n<p>Mehrere Monate \u00fcbten wir jeden Dienstag daran, ein sch\u00f6nes Programm f\u00fcr das Abschlusskonzert in unserer Polgar-Inklusions-Band zusammen zu stellen. Wir haben Bandmitglieder, die Schlagzeug spielen, Klavier oder Gitarre. Vivi und ich singen und manchmal rasseln wir dazu. Das macht uns am meisten Spa\u00df!<br>Das Abschlusskonzert fand im Polgargymnasium in der Aula statt. Es standen auch noch Tanz und andere Bands im Programm des Abends. Es waren sehr viele Leute gekommen, um uns zuzuschauen. Das war nat\u00fcrlich etwas aufregend f\u00fcr Vivi und mich.<br><\/p>\n\n\n\n<p>Wir waren der erste Programmpunkt und starteten mit einem Lied von Harry Styles. <strong>Das n\u00e4chste Lied haben wir in unserer Band selber geschrieben. <\/strong>Dabei geht es darum, wie wichtig Freundschaften f\u00fcr uns sind. Das Lied haben wir auf Englisch geschrieben. Als kr\u00f6nenden Abschluss spielten wir \u201eWhat makes you beautiful\u201c von One Direction. Wir bekamen sehr viel Applaus und waren gl\u00fccklich dar\u00fcber, dass der Abend so sch\u00f6n war. Wir freuen uns schon auf unseren n\u00e4chsten Auftritt!<\/p>\n\n\n<div class=\"wp-block-image\">\n<figure class=\"aligncenter size-full is-resized\"><img loading=\"lazy\" decoding=\"async\" src=\"https:\/\/www.integrationwien.at\/blog\/wp-content\/uploads\/2023\/08\/Muriel_Vivi.jpg\" alt=\"\" class=\"wp-image-4608\" width=\"534\" height=\"712\" srcset=\"https:\/\/www.integrationwien.at\/blog\/wp-content\/uploads\/2023\/08\/Muriel_Vivi.jpg 768w, https:\/\/www.integrationwien.at\/blog\/wp-content\/uploads\/2023\/08\/Muriel_Vivi-225x300.jpg 225w, https:\/\/www.integrationwien.at\/blog\/wp-content\/uploads\/2023\/08\/Muriel_Vivi-624x832.jpg 624w\" sizes=\"auto, (max-width: 534px) 100vw, 534px\" \/><\/figure><\/div>\n\n\n<p><\/p>\n\n\n\n<p>Ein Beitrag von Muriel, Freizeitassistentin bei integration wien.<\/p>\n","protected":false},"excerpt":{"rendered":"<p>Mehrere Monate \u00fcbten wir jeden Dienstag daran, ein sch\u00f6nes Programm f\u00fcr das Abschlusskonzert in unserer Polgar-Inklusions-Band zusammen zu stellen. Wir haben Bandmitglieder, die Schlagzeug spielen, Klavier oder Gitarre. Vivi und ich singen und manchmal rasseln wir dazu. Das macht uns am meisten Spa\u00df!Das Abschlusskonzert fand im Polgargymnasium in der Aula statt. Es standen auch noch [&hellip;]<\/p>\n","protected":false},"author":7,"featured_media":0,"comment_status":"closed","ping_status":"open","sticky":false,"template":"","format":"standard","meta":{"footnotes":""},"categories":[1],"tags":[],"class_list":["post-4609","post","type-post","status-publish","format-standard","hentry","category-allgemein"],"yoast_head":"<!-- This site is optimized with the Yoast SEO plugin v25.8 - https:\/\/yoast.com\/wordpress\/plugins\/seo\/ -->\n<title>Abschlusskonzert - Integration Wien<\/title>\n<meta name=\"robots\" content=\"index, follow, max-snippet:-1, max-image-preview:large, max-video-preview:-1\" \/>\n<link rel=\"canonical\" href=\"https:\/\/www.integrationwien.at\/blog\/?p=4609\" \/>\n<meta property=\"og:locale\" content=\"de_DE\" \/>\n<meta property=\"og:type\" content=\"article\" \/>\n<meta property=\"og:title\" content=\"Abschlusskonzert - Integration Wien\" \/>\n<meta property=\"og:description\" content=\"Mehrere Monate \u00fcbten wir jeden Dienstag daran, ein sch\u00f6nes Programm f\u00fcr das Abschlusskonzert in unserer Polgar-Inklusions-Band zusammen zu stellen. Wir haben Bandmitglieder, die Schlagzeug spielen, Klavier oder Gitarre. Vivi und ich singen und manchmal rasseln wir dazu. Das macht uns am meisten Spa\u00df!Das Abschlusskonzert fand im Polgargymnasium in der Aula statt. Es standen auch noch [&hellip;]\" \/>\n<meta property=\"og:url\" content=\"https:\/\/www.integrationwien.at\/blog\/?p=4609\" \/>\n<meta property=\"og:site_name\" content=\"Integration Wien\" \/>\n<meta property=\"article:published_time\" content=\"2023-08-14T08:18:28+00:00\" \/>\n<meta property=\"article:modified_time\" content=\"2023-08-14T08:18:29+00:00\" \/>\n<meta property=\"og:image\" content=\"https:\/\/www.integrationwien.at\/blog\/wp-content\/uploads\/2023\/08\/Muriel_Vivi.jpg\" \/>\n\t<meta property=\"og:image:width\" content=\"768\" \/>\n\t<meta property=\"og:image:height\" content=\"1024\" \/>\n\t<meta property=\"og:image:type\" content=\"image\/jpeg\" \/>\n<meta name=\"author\" content=\"Karin Luz\" \/>\n<meta name=\"twitter:card\" content=\"summary_large_image\" \/>\n<meta name=\"twitter:label1\" content=\"Verfasst von\" \/>\n\t<meta name=\"twitter:data1\" content=\"Karin Luz\" \/>\n\t<meta name=\"twitter:label2\" content=\"Gesch\u00e4tzte Lesezeit\" \/>\n\t<meta name=\"twitter:data2\" content=\"2\u00a0Minuten\" \/>\n<script type=\"application\/ld+json\" class=\"yoast-schema-graph\">{\"@context\":\"https:\/\/schema.org\",\"@graph\":[{\"@type\":\"WebPage\",\"@id\":\"https:\/\/www.integrationwien.at\/blog\/?p=4609\",\"url\":\"https:\/\/www.integrationwien.at\/blog\/?p=4609\",\"name\":\"Abschlusskonzert - Integration Wien\",\"isPartOf\":{\"@id\":\"https:\/\/www.integrationwien.at\/blog\/#website\"},\"primaryImageOfPage\":{\"@id\":\"https:\/\/www.integrationwien.at\/blog\/?p=4609#primaryimage\"},\"image\":{\"@id\":\"https:\/\/www.integrationwien.at\/blog\/?p=4609#primaryimage\"},\"thumbnailUrl\":\"https:\/\/www.integrationwien.at\/blog\/wp-content\/uploads\/2023\/08\/Konzert.jpg\",\"datePublished\":\"2023-08-14T08:18:28+00:00\",\"dateModified\":\"2023-08-14T08:18:29+00:00\",\"author\":{\"@id\":\"https:\/\/www.integrationwien.at\/blog\/#\/schema\/person\/ef2342be938874271e30917fb7f9d7f7\"},\"breadcrumb\":{\"@id\":\"https:\/\/www.integrationwien.at\/blog\/?p=4609#breadcrumb\"},\"inLanguage\":\"de\",\"potentialAction\":[{\"@type\":\"ReadAction\",\"target\":[\"https:\/\/www.integrationwien.at\/blog\/?p=4609\"]}]},{\"@type\":\"ImageObject\",\"inLanguage\":\"de\",\"@id\":\"https:\/\/www.integrationwien.at\/blog\/?p=4609#primaryimage\",\"url\":\"https:\/\/www.integrationwien.at\/blog\/wp-content\/uploads\/2023\/08\/Konzert.jpg\",\"contentUrl\":\"https:\/\/www.integrationwien.at\/blog\/wp-content\/uploads\/2023\/08\/Konzert.jpg\",\"width\":1024,\"height\":768},{\"@type\":\"BreadcrumbList\",\"@id\":\"https:\/\/www.integrationwien.at\/blog\/?p=4609#breadcrumb\",\"itemListElement\":[{\"@type\":\"ListItem\",\"position\":1,\"name\":\"Startseite\",\"item\":\"https:\/\/www.integrationwien.at\/blog\"},{\"@type\":\"ListItem\",\"position\":2,\"name\":\"Abschlusskonzert\"}]},{\"@type\":\"WebSite\",\"@id\":\"https:\/\/www.integrationwien.at\/blog\/#website\",\"url\":\"https:\/\/www.integrationwien.at\/blog\/\",\"name\":\"Integration Wien\",\"description\":\"\",\"potentialAction\":[{\"@type\":\"SearchAction\",\"target\":{\"@type\":\"EntryPoint\",\"urlTemplate\":\"https:\/\/www.integrationwien.at\/blog\/?s={search_term_string}\"},\"query-input\":{\"@type\":\"PropertyValueSpecification\",\"valueRequired\":true,\"valueName\":\"search_term_string\"}}],\"inLanguage\":\"de\"},{\"@type\":\"Person\",\"@id\":\"https:\/\/www.integrationwien.at\/blog\/#\/schema\/person\/ef2342be938874271e30917fb7f9d7f7\",\"name\":\"Karin Luz\",\"image\":{\"@type\":\"ImageObject\",\"inLanguage\":\"de\",\"@id\":\"https:\/\/www.integrationwien.at\/blog\/#\/schema\/person\/image\/\",\"url\":\"https:\/\/secure.gravatar.com\/avatar\/a6da314033d99b7d5457e171710382f857e5e6f528c4bfdb60fdf1333080ea2f?s=96&d=retro&r=g\",\"contentUrl\":\"https:\/\/secure.gravatar.com\/avatar\/a6da314033d99b7d5457e171710382f857e5e6f528c4bfdb60fdf1333080ea2f?s=96&d=retro&r=g\",\"caption\":\"Karin Luz\"},\"url\":\"https:\/\/www.integrationwien.at\/blog\/?author=7\"}]}<\/script>\n<!-- \/ Yoast SEO plugin. -->","yoast_head_json":{"title":"Abschlusskonzert - Integration Wien","robots":{"index":"index","follow":"follow","max-snippet":"max-snippet:-1","max-image-preview":"max-image-preview:large","max-video-preview":"max-video-preview:-1"},"canonical":"https:\/\/www.integrationwien.at\/blog\/?p=4609","og_locale":"de_DE","og_type":"article","og_title":"Abschlusskonzert - Integration Wien","og_description":"Mehrere Monate \u00fcbten wir jeden Dienstag daran, ein sch\u00f6nes Programm f\u00fcr das Abschlusskonzert in unserer Polgar-Inklusions-Band zusammen zu stellen. Wir haben Bandmitglieder, die Schlagzeug spielen, Klavier oder Gitarre. Vivi und ich singen und manchmal rasseln wir dazu. Das macht uns am meisten Spa\u00df!Das Abschlusskonzert fand im Polgargymnasium in der Aula statt. Es standen auch noch [&hellip;]","og_url":"https:\/\/www.integrationwien.at\/blog\/?p=4609","og_site_name":"Integration Wien","article_published_time":"2023-08-14T08:18:28+00:00","article_modified_time":"2023-08-14T08:18:29+00:00","og_image":[{"width":768,"height":1024,"url":"https:\/\/www.integrationwien.at\/blog\/wp-content\/uploads\/2023\/08\/Muriel_Vivi.jpg","type":"image\/jpeg"}],"author":"Karin Luz","twitter_card":"summary_large_image","twitter_misc":{"Verfasst von":"Karin Luz","Gesch\u00e4tzte Lesezeit":"2\u00a0Minuten"},"schema":{"@context":"https:\/\/schema.org","@graph":[{"@type":"WebPage","@id":"https:\/\/www.integrationwien.at\/blog\/?p=4609","url":"https:\/\/www.integrationwien.at\/blog\/?p=4609","name":"Abschlusskonzert - Integration Wien","isPartOf":{"@id":"https:\/\/www.integrationwien.at\/blog\/#website"},"primaryImageOfPage":{"@id":"https:\/\/www.integrationwien.at\/blog\/?p=4609#primaryimage"},"image":{"@id":"https:\/\/www.integrationwien.at\/blog\/?p=4609#primaryimage"},"thumbnailUrl":"https:\/\/www.integrationwien.at\/blog\/wp-content\/uploads\/2023\/08\/Konzert.jpg","datePublished":"2023-08-14T08:18:28+00:00","dateModified":"2023-08-14T08:18:29+00:00","author":{"@id":"https:\/\/www.integrationwien.at\/blog\/#\/schema\/person\/ef2342be938874271e30917fb7f9d7f7"},"breadcrumb":{"@id":"https:\/\/www.integrationwien.at\/blog\/?p=4609#breadcrumb"},"inLanguage":"de","potentialAction":[{"@type":"ReadAction","target":["https:\/\/www.integrationwien.at\/blog\/?p=4609"]}]},{"@type":"ImageObject","inLanguage":"de","@id":"https:\/\/www.integrationwien.at\/blog\/?p=4609#primaryimage","url":"https:\/\/www.integrationwien.at\/blog\/wp-content\/uploads\/2023\/08\/Konzert.jpg","contentUrl":"https:\/\/www.integrationwien.at\/blog\/wp-content\/uploads\/2023\/08\/Konzert.jpg","width":1024,"height":768},{"@type":"BreadcrumbList","@id":"https:\/\/www.integrationwien.at\/blog\/?p=4609#breadcrumb","itemListElement":[{"@type":"ListItem","position":1,"name":"Startseite","item":"https:\/\/www.integrationwien.at\/blog"},{"@type":"ListItem","position":2,"name":"Abschlusskonzert"}]},{"@type":"WebSite","@id":"https:\/\/www.integrationwien.at\/blog\/#website","url":"https:\/\/www.integrationwien.at\/blog\/","name":"Integration Wien","description":"","potentialAction":[{"@type":"SearchAction","target":{"@type":"EntryPoint","urlTemplate":"https:\/\/www.integrationwien.at\/blog\/?s={search_term_string}"},"query-input":{"@type":"PropertyValueSpecification","valueRequired":true,"valueName":"search_term_string"}}],"inLanguage":"de"},{"@type":"Person","@id":"https:\/\/www.integrationwien.at\/blog\/#\/schema\/person\/ef2342be938874271e30917fb7f9d7f7","name":"Karin Luz","image":{"@type":"ImageObject","inLanguage":"de","@id":"https:\/\/www.integrationwien.at\/blog\/#\/schema\/person\/image\/","url":"https:\/\/secure.gravatar.com\/avatar\/a6da314033d99b7d5457e171710382f857e5e6f528c4bfdb60fdf1333080ea2f?s=96&d=retro&r=g","contentUrl":"https:\/\/secure.gravatar.com\/avatar\/a6da314033d99b7d5457e171710382f857e5e6f528c4bfdb60fdf1333080ea2f?s=96&d=retro&r=g","caption":"Karin Luz"},"url":"https:\/\/www.integrationwien.at\/blog\/?author=7"}]}},"_links":{"self":[{"href":"https:\/\/www.integrationwien.at\/blog\/index.php?rest_route=\/wp\/v2\/posts\/4609","targetHints":{"allow":["GET"]}}],"collection":[{"href":"https:\/\/www.integrationwien.at\/blog\/index.php?rest_route=\/wp\/v2\/posts"}],"about":[{"href":"https:\/\/www.integrationwien.at\/blog\/index.php?rest_route=\/wp\/v2\/types\/post"}],"author":[{"embeddable":true,"href":"https:\/\/www.integrationwien.at\/blog\/index.php?rest_route=\/wp\/v2\/users\/7"}],"replies":[{"embeddable":true,"href":"https:\/\/www.integrationwien.at\/blog\/index.php?rest_route=%2Fwp%2Fv2%2Fcomments&post=4609"}],"version-history":[{"count":1,"href":"https:\/\/www.integrationwien.at\/blog\/index.php?rest_route=\/wp\/v2\/posts\/4609\/revisions"}],"predecessor-version":[{"id":4610,"href":"https:\/\/www.integrationwien.at\/blog\/index.php?rest_route=\/wp\/v2\/posts\/4609\/revisions\/4610"}],"wp:attachment":[{"href":"https:\/\/www.integrationwien.at\/blog\/index.php?rest_route=%2Fwp%2Fv2%2Fmedia&parent=4609"}],"wp:term":[{"taxonomy":"category","embeddable":true,"href":"https:\/\/www.integrationwien.at\/blog\/index.php?rest_route=%2Fwp%2Fv2%2Fcategories&post=4609"},{"taxonomy":"post_tag","embeddable":true,"href":"https:\/\/www.integrationwien.at\/blog\/index.php?rest_route=%2Fwp%2Fv2%2Ftags&post=4609"}],"curies":[{"name":"wp","href":"https:\/\/api.w.org\/{rel}","templated":true}]}}