{"id":4508,"date":"2023-01-23T13:03:52","date_gmt":"2023-01-23T11:03:52","guid":{"rendered":"https:\/\/www.integrationwien.at\/blog\/?p=4508"},"modified":"2023-01-23T13:03:53","modified_gmt":"2023-01-23T11:03:53","slug":"ein-erfrischender-spaziergang","status":"publish","type":"post","link":"https:\/\/www.integrationwien.at\/blog\/?p=4508","title":{"rendered":"<strong><u>Ein erfrischender Spaziergang<\/u><\/strong>"},"content":{"rendered":"\n<p>Da Jenny und ich nur begrenzt Zeit hatten an diesem Tag, wir uns aber sehen wollten, beschlossen wir im Erholungsgebiet Simmering spazieren zu gehen. Das Wetter war leider nicht so sonnig, wie erhofft, weshalb ich Jenny beneidete, da ihr &#8211; im Gegensatz zu mir \u2013 auf wundersame Weise warm war. Wir spazierten durch die Natur und konnten in Ruhe verschiedene V\u00f6gel beobachten, weil wir die einzigen waren, die sich bei diesem Wetter raustrauten. Auch ein Eichh\u00f6rnchen haben wir gesehen. Unser Weg f\u00fchrte uns \u00fcber einen kleinen Pfad bis hin zu einem Spielplatz. <\/p>\n\n\n<div class=\"wp-block-image\">\n<figure class=\"aligncenter size-large is-resized\"><img loading=\"lazy\" decoding=\"async\" src=\"https:\/\/www.integrationwien.at\/blog\/wp-content\/uploads\/2023\/01\/Bild-Jenny-und-Steffi-02-759x1024.jpg\" alt=\"\" class=\"wp-image-4507\" width=\"331\" height=\"446\" srcset=\"https:\/\/www.integrationwien.at\/blog\/wp-content\/uploads\/2023\/01\/Bild-Jenny-und-Steffi-02-759x1024.jpg 759w, https:\/\/www.integrationwien.at\/blog\/wp-content\/uploads\/2023\/01\/Bild-Jenny-und-Steffi-02-222x300.jpg 222w, https:\/\/www.integrationwien.at\/blog\/wp-content\/uploads\/2023\/01\/Bild-Jenny-und-Steffi-02-768x1036.jpg 768w, https:\/\/www.integrationwien.at\/blog\/wp-content\/uploads\/2023\/01\/Bild-Jenny-und-Steffi-02-1139x1536.jpg 1139w, https:\/\/www.integrationwien.at\/blog\/wp-content\/uploads\/2023\/01\/Bild-Jenny-und-Steffi-02-1518x2048.jpg 1518w, https:\/\/www.integrationwien.at\/blog\/wp-content\/uploads\/2023\/01\/Bild-Jenny-und-Steffi-02-624x842.jpg 624w, https:\/\/www.integrationwien.at\/blog\/wp-content\/uploads\/2023\/01\/Bild-Jenny-und-Steffi-02-scaled.jpg 1898w\" sizes=\"auto, (max-width: 331px) 100vw, 331px\" \/><\/figure><\/div>\n\n\n<p><\/p>\n\n\n\n<p>Dort haben wir uns ein bisschen bewegt und Sportger\u00e4te ausprobiert, um uns aufzuw\u00e4rmen. Das hat Spa\u00df gemacht. Wir haben viel geredet und uns \u00fcber die letzten Tage ausgetauscht. Als uns dann doch etwas zu kalt war, sind wir zur\u00fcck spaziert.<\/p>\n\n\n\n<p><\/p>\n\n\n<div class=\"wp-block-image\">\n<figure class=\"aligncenter size-large is-resized\"><img loading=\"lazy\" decoding=\"async\" src=\"https:\/\/www.integrationwien.at\/blog\/wp-content\/uploads\/2023\/01\/Bild-Jenny-03-771x1024.jpg\" alt=\"\" class=\"wp-image-4506\" width=\"260\" height=\"343\"\/><\/figure><\/div>\n\n\n<p>Das Spazieren und drau\u00dfen sein in der Natur, sowie das Bewegen, haben zwar gut getan, aber im Zusammenspiel mit der K\u00e4lte, waren Jenny und ich danach doch recht m\u00fcde und freuten uns wieder nach Hause zu kommen. Das n\u00e4chste Mal werden wir hoffentlich einen sonnigen, warmen Tag erwischen!<\/p>\n\n\n<div class=\"wp-block-image\">\n<figure class=\"aligncenter size-large is-resized\"><img loading=\"lazy\" decoding=\"async\" src=\"https:\/\/www.integrationwien.at\/blog\/wp-content\/uploads\/2023\/01\/Bild-Jenny-01-771x1024.jpg\" alt=\"\" class=\"wp-image-4505\" width=\"412\" height=\"546\" srcset=\"https:\/\/www.integrationwien.at\/blog\/wp-content\/uploads\/2023\/01\/Bild-Jenny-01-771x1024.jpg 771w, https:\/\/www.integrationwien.at\/blog\/wp-content\/uploads\/2023\/01\/Bild-Jenny-01-226x300.jpg 226w, https:\/\/www.integrationwien.at\/blog\/wp-content\/uploads\/2023\/01\/Bild-Jenny-01-768x1020.jpg 768w, https:\/\/www.integrationwien.at\/blog\/wp-content\/uploads\/2023\/01\/Bild-Jenny-01-1157x1536.jpg 1157w, https:\/\/www.integrationwien.at\/blog\/wp-content\/uploads\/2023\/01\/Bild-Jenny-01-1542x2048.jpg 1542w, https:\/\/www.integrationwien.at\/blog\/wp-content\/uploads\/2023\/01\/Bild-Jenny-01-624x829.jpg 624w, https:\/\/www.integrationwien.at\/blog\/wp-content\/uploads\/2023\/01\/Bild-Jenny-01-scaled.jpg 1928w\" sizes=\"auto, (max-width: 412px) 100vw, 412px\" \/><\/figure><\/div>\n\n\n<p>Ein Beitrag von Steffi, Freizeitassistentin bei integration wien.<\/p>\n","protected":false},"excerpt":{"rendered":"<p>Da Jenny und ich nur begrenzt Zeit hatten an diesem Tag, wir uns aber sehen wollten, beschlossen wir im Erholungsgebiet Simmering spazieren zu gehen. Das Wetter war leider nicht so sonnig, wie erhofft, weshalb ich Jenny beneidete, da ihr &#8211; im Gegensatz zu mir \u2013 auf wundersame Weise warm war. Wir spazierten durch die Natur [&hellip;]<\/p>\n","protected":false},"author":7,"featured_media":0,"comment_status":"closed","ping_status":"open","sticky":false,"template":"","format":"standard","meta":{"footnotes":""},"categories":[1],"tags":[],"class_list":["post-4508","post","type-post","status-publish","format-standard","hentry","category-allgemein"],"yoast_head":"<!-- This site is optimized with the Yoast SEO plugin v25.8 - https:\/\/yoast.com\/wordpress\/plugins\/seo\/ -->\n<title>Ein erfrischender Spaziergang - Integration Wien<\/title>\n<meta name=\"robots\" content=\"index, follow, max-snippet:-1, max-image-preview:large, max-video-preview:-1\" \/>\n<link rel=\"canonical\" href=\"https:\/\/www.integrationwien.at\/blog\/?p=4508\" \/>\n<meta property=\"og:locale\" content=\"de_DE\" \/>\n<meta property=\"og:type\" content=\"article\" \/>\n<meta property=\"og:title\" content=\"Ein erfrischender Spaziergang - Integration Wien\" \/>\n<meta property=\"og:description\" content=\"Da Jenny und ich nur begrenzt Zeit hatten an diesem Tag, wir uns aber sehen wollten, beschlossen wir im Erholungsgebiet Simmering spazieren zu gehen. Das Wetter war leider nicht so sonnig, wie erhofft, weshalb ich Jenny beneidete, da ihr &#8211; im Gegensatz zu mir \u2013 auf wundersame Weise warm war. Wir spazierten durch die Natur [&hellip;]\" \/>\n<meta property=\"og:url\" content=\"https:\/\/www.integrationwien.at\/blog\/?p=4508\" \/>\n<meta property=\"og:site_name\" content=\"Integration Wien\" \/>\n<meta property=\"article:published_time\" content=\"2023-01-23T11:03:52+00:00\" \/>\n<meta property=\"article:modified_time\" content=\"2023-01-23T11:03:53+00:00\" \/>\n<meta property=\"og:image\" content=\"https:\/\/www.integrationwien.at\/blog\/wp-content\/uploads\/2023\/01\/Bild-Jenny-01-scaled.jpg\" \/>\n\t<meta property=\"og:image:width\" content=\"1928\" \/>\n\t<meta property=\"og:image:height\" content=\"2560\" \/>\n\t<meta property=\"og:image:type\" content=\"image\/jpeg\" \/>\n<meta name=\"author\" content=\"Karin Luz\" \/>\n<meta name=\"twitter:card\" content=\"summary_large_image\" \/>\n<meta name=\"twitter:label1\" content=\"Verfasst von\" \/>\n\t<meta name=\"twitter:data1\" content=\"Karin Luz\" \/>\n\t<meta name=\"twitter:label2\" content=\"Gesch\u00e4tzte Lesezeit\" \/>\n\t<meta name=\"twitter:data2\" content=\"2\u00a0Minuten\" \/>\n<script type=\"application\/ld+json\" class=\"yoast-schema-graph\">{\"@context\":\"https:\/\/schema.org\",\"@graph\":[{\"@type\":\"WebPage\",\"@id\":\"https:\/\/www.integrationwien.at\/blog\/?p=4508\",\"url\":\"https:\/\/www.integrationwien.at\/blog\/?p=4508\",\"name\":\"Ein erfrischender Spaziergang - Integration Wien\",\"isPartOf\":{\"@id\":\"https:\/\/www.integrationwien.at\/blog\/#website\"},\"primaryImageOfPage\":{\"@id\":\"https:\/\/www.integrationwien.at\/blog\/?p=4508#primaryimage\"},\"image\":{\"@id\":\"https:\/\/www.integrationwien.at\/blog\/?p=4508#primaryimage\"},\"thumbnailUrl\":\"https:\/\/www.integrationwien.at\/blog\/wp-content\/uploads\/2023\/01\/Bild-Jenny-und-Steffi-02-759x1024.jpg\",\"datePublished\":\"2023-01-23T11:03:52+00:00\",\"dateModified\":\"2023-01-23T11:03:53+00:00\",\"author\":{\"@id\":\"https:\/\/www.integrationwien.at\/blog\/#\/schema\/person\/ef2342be938874271e30917fb7f9d7f7\"},\"breadcrumb\":{\"@id\":\"https:\/\/www.integrationwien.at\/blog\/?p=4508#breadcrumb\"},\"inLanguage\":\"de\",\"potentialAction\":[{\"@type\":\"ReadAction\",\"target\":[\"https:\/\/www.integrationwien.at\/blog\/?p=4508\"]}]},{\"@type\":\"ImageObject\",\"inLanguage\":\"de\",\"@id\":\"https:\/\/www.integrationwien.at\/blog\/?p=4508#primaryimage\",\"url\":\"https:\/\/www.integrationwien.at\/blog\/wp-content\/uploads\/2023\/01\/Bild-Jenny-und-Steffi-02-scaled.jpg\",\"contentUrl\":\"https:\/\/www.integrationwien.at\/blog\/wp-content\/uploads\/2023\/01\/Bild-Jenny-und-Steffi-02-scaled.jpg\",\"width\":1898,\"height\":2560},{\"@type\":\"BreadcrumbList\",\"@id\":\"https:\/\/www.integrationwien.at\/blog\/?p=4508#breadcrumb\",\"itemListElement\":[{\"@type\":\"ListItem\",\"position\":1,\"name\":\"Startseite\",\"item\":\"https:\/\/www.integrationwien.at\/blog\"},{\"@type\":\"ListItem\",\"position\":2,\"name\":\"Ein erfrischender Spaziergang\"}]},{\"@type\":\"WebSite\",\"@id\":\"https:\/\/www.integrationwien.at\/blog\/#website\",\"url\":\"https:\/\/www.integrationwien.at\/blog\/\",\"name\":\"Integration Wien\",\"description\":\"\",\"potentialAction\":[{\"@type\":\"SearchAction\",\"target\":{\"@type\":\"EntryPoint\",\"urlTemplate\":\"https:\/\/www.integrationwien.at\/blog\/?s={search_term_string}\"},\"query-input\":{\"@type\":\"PropertyValueSpecification\",\"valueRequired\":true,\"valueName\":\"search_term_string\"}}],\"inLanguage\":\"de\"},{\"@type\":\"Person\",\"@id\":\"https:\/\/www.integrationwien.at\/blog\/#\/schema\/person\/ef2342be938874271e30917fb7f9d7f7\",\"name\":\"Karin Luz\",\"image\":{\"@type\":\"ImageObject\",\"inLanguage\":\"de\",\"@id\":\"https:\/\/www.integrationwien.at\/blog\/#\/schema\/person\/image\/\",\"url\":\"https:\/\/secure.gravatar.com\/avatar\/a6da314033d99b7d5457e171710382f857e5e6f528c4bfdb60fdf1333080ea2f?s=96&d=retro&r=g\",\"contentUrl\":\"https:\/\/secure.gravatar.com\/avatar\/a6da314033d99b7d5457e171710382f857e5e6f528c4bfdb60fdf1333080ea2f?s=96&d=retro&r=g\",\"caption\":\"Karin Luz\"},\"url\":\"https:\/\/www.integrationwien.at\/blog\/?author=7\"}]}<\/script>\n<!-- \/ Yoast SEO plugin. -->","yoast_head_json":{"title":"Ein erfrischender Spaziergang - Integration Wien","robots":{"index":"index","follow":"follow","max-snippet":"max-snippet:-1","max-image-preview":"max-image-preview:large","max-video-preview":"max-video-preview:-1"},"canonical":"https:\/\/www.integrationwien.at\/blog\/?p=4508","og_locale":"de_DE","og_type":"article","og_title":"Ein erfrischender Spaziergang - Integration Wien","og_description":"Da Jenny und ich nur begrenzt Zeit hatten an diesem Tag, wir uns aber sehen wollten, beschlossen wir im Erholungsgebiet Simmering spazieren zu gehen. Das Wetter war leider nicht so sonnig, wie erhofft, weshalb ich Jenny beneidete, da ihr &#8211; im Gegensatz zu mir \u2013 auf wundersame Weise warm war. Wir spazierten durch die Natur [&hellip;]","og_url":"https:\/\/www.integrationwien.at\/blog\/?p=4508","og_site_name":"Integration Wien","article_published_time":"2023-01-23T11:03:52+00:00","article_modified_time":"2023-01-23T11:03:53+00:00","og_image":[{"width":1928,"height":2560,"url":"https:\/\/www.integrationwien.at\/blog\/wp-content\/uploads\/2023\/01\/Bild-Jenny-01-scaled.jpg","type":"image\/jpeg"}],"author":"Karin Luz","twitter_card":"summary_large_image","twitter_misc":{"Verfasst von":"Karin Luz","Gesch\u00e4tzte Lesezeit":"2\u00a0Minuten"},"schema":{"@context":"https:\/\/schema.org","@graph":[{"@type":"WebPage","@id":"https:\/\/www.integrationwien.at\/blog\/?p=4508","url":"https:\/\/www.integrationwien.at\/blog\/?p=4508","name":"Ein erfrischender Spaziergang - Integration Wien","isPartOf":{"@id":"https:\/\/www.integrationwien.at\/blog\/#website"},"primaryImageOfPage":{"@id":"https:\/\/www.integrationwien.at\/blog\/?p=4508#primaryimage"},"image":{"@id":"https:\/\/www.integrationwien.at\/blog\/?p=4508#primaryimage"},"thumbnailUrl":"https:\/\/www.integrationwien.at\/blog\/wp-content\/uploads\/2023\/01\/Bild-Jenny-und-Steffi-02-759x1024.jpg","datePublished":"2023-01-23T11:03:52+00:00","dateModified":"2023-01-23T11:03:53+00:00","author":{"@id":"https:\/\/www.integrationwien.at\/blog\/#\/schema\/person\/ef2342be938874271e30917fb7f9d7f7"},"breadcrumb":{"@id":"https:\/\/www.integrationwien.at\/blog\/?p=4508#breadcrumb"},"inLanguage":"de","potentialAction":[{"@type":"ReadAction","target":["https:\/\/www.integrationwien.at\/blog\/?p=4508"]}]},{"@type":"ImageObject","inLanguage":"de","@id":"https:\/\/www.integrationwien.at\/blog\/?p=4508#primaryimage","url":"https:\/\/www.integrationwien.at\/blog\/wp-content\/uploads\/2023\/01\/Bild-Jenny-und-Steffi-02-scaled.jpg","contentUrl":"https:\/\/www.integrationwien.at\/blog\/wp-content\/uploads\/2023\/01\/Bild-Jenny-und-Steffi-02-scaled.jpg","width":1898,"height":2560},{"@type":"BreadcrumbList","@id":"https:\/\/www.integrationwien.at\/blog\/?p=4508#breadcrumb","itemListElement":[{"@type":"ListItem","position":1,"name":"Startseite","item":"https:\/\/www.integrationwien.at\/blog"},{"@type":"ListItem","position":2,"name":"Ein erfrischender Spaziergang"}]},{"@type":"WebSite","@id":"https:\/\/www.integrationwien.at\/blog\/#website","url":"https:\/\/www.integrationwien.at\/blog\/","name":"Integration Wien","description":"","potentialAction":[{"@type":"SearchAction","target":{"@type":"EntryPoint","urlTemplate":"https:\/\/www.integrationwien.at\/blog\/?s={search_term_string}"},"query-input":{"@type":"PropertyValueSpecification","valueRequired":true,"valueName":"search_term_string"}}],"inLanguage":"de"},{"@type":"Person","@id":"https:\/\/www.integrationwien.at\/blog\/#\/schema\/person\/ef2342be938874271e30917fb7f9d7f7","name":"Karin Luz","image":{"@type":"ImageObject","inLanguage":"de","@id":"https:\/\/www.integrationwien.at\/blog\/#\/schema\/person\/image\/","url":"https:\/\/secure.gravatar.com\/avatar\/a6da314033d99b7d5457e171710382f857e5e6f528c4bfdb60fdf1333080ea2f?s=96&d=retro&r=g","contentUrl":"https:\/\/secure.gravatar.com\/avatar\/a6da314033d99b7d5457e171710382f857e5e6f528c4bfdb60fdf1333080ea2f?s=96&d=retro&r=g","caption":"Karin Luz"},"url":"https:\/\/www.integrationwien.at\/blog\/?author=7"}]}},"_links":{"self":[{"href":"https:\/\/www.integrationwien.at\/blog\/index.php?rest_route=\/wp\/v2\/posts\/4508","targetHints":{"allow":["GET"]}}],"collection":[{"href":"https:\/\/www.integrationwien.at\/blog\/index.php?rest_route=\/wp\/v2\/posts"}],"about":[{"href":"https:\/\/www.integrationwien.at\/blog\/index.php?rest_route=\/wp\/v2\/types\/post"}],"author":[{"embeddable":true,"href":"https:\/\/www.integrationwien.at\/blog\/index.php?rest_route=\/wp\/v2\/users\/7"}],"replies":[{"embeddable":true,"href":"https:\/\/www.integrationwien.at\/blog\/index.php?rest_route=%2Fwp%2Fv2%2Fcomments&post=4508"}],"version-history":[{"count":6,"href":"https:\/\/www.integrationwien.at\/blog\/index.php?rest_route=\/wp\/v2\/posts\/4508\/revisions"}],"predecessor-version":[{"id":4514,"href":"https:\/\/www.integrationwien.at\/blog\/index.php?rest_route=\/wp\/v2\/posts\/4508\/revisions\/4514"}],"wp:attachment":[{"href":"https:\/\/www.integrationwien.at\/blog\/index.php?rest_route=%2Fwp%2Fv2%2Fmedia&parent=4508"}],"wp:term":[{"taxonomy":"category","embeddable":true,"href":"https:\/\/www.integrationwien.at\/blog\/index.php?rest_route=%2Fwp%2Fv2%2Fcategories&post=4508"},{"taxonomy":"post_tag","embeddable":true,"href":"https:\/\/www.integrationwien.at\/blog\/index.php?rest_route=%2Fwp%2Fv2%2Ftags&post=4508"}],"curies":[{"name":"wp","href":"https:\/\/api.w.org\/{rel}","templated":true}]}}