{"id":4487,"date":"2022-11-21T14:39:07","date_gmt":"2022-11-21T12:39:07","guid":{"rendered":"https:\/\/www.integrationwien.at\/blog\/?p=4487"},"modified":"2022-11-21T14:39:08","modified_gmt":"2022-11-21T12:39:08","slug":"ein-schoener-herbstspaziergang","status":"publish","type":"post","link":"https:\/\/www.integrationwien.at\/blog\/?p=4487","title":{"rendered":"Ein sch\u00f6ner Herbstspaziergang&#8230;"},"content":{"rendered":"\n<p><\/p>\n\n\n<div class=\"wp-block-image\">\n<figure class=\"aligncenter size-large is-resized\"><img loading=\"lazy\" decoding=\"async\" src=\"https:\/\/www.integrationwien.at\/blog\/wp-content\/uploads\/2022\/11\/Aktivstammtisch-Willy-01-1024x768.jpg\" alt=\"\" class=\"wp-image-4482\" width=\"495\" height=\"371\" srcset=\"https:\/\/www.integrationwien.at\/blog\/wp-content\/uploads\/2022\/11\/Aktivstammtisch-Willy-01-1024x768.jpg 1024w, https:\/\/www.integrationwien.at\/blog\/wp-content\/uploads\/2022\/11\/Aktivstammtisch-Willy-01-300x225.jpg 300w, https:\/\/www.integrationwien.at\/blog\/wp-content\/uploads\/2022\/11\/Aktivstammtisch-Willy-01-768x576.jpg 768w, https:\/\/www.integrationwien.at\/blog\/wp-content\/uploads\/2022\/11\/Aktivstammtisch-Willy-01-1536x1152.jpg 1536w, https:\/\/www.integrationwien.at\/blog\/wp-content\/uploads\/2022\/11\/Aktivstammtisch-Willy-01-2048x1536.jpg 2048w, https:\/\/www.integrationwien.at\/blog\/wp-content\/uploads\/2022\/11\/Aktivstammtisch-Willy-01-624x468.jpg 624w\" sizes=\"auto, (max-width: 495px) 100vw, 495px\" \/><\/figure><\/div>\n\n\n<p>&#8230; sollte es werden beim Aktiv-Stammtisch Anfang November 2022. Aber die W\u00e4rme des Oktobers k\u00fchlte sich leider sturzartig ab und der Regen machte es auch nicht besser.<\/p>\n\n\n\n<p>Also begn\u00fcgten wir uns mit Plan B und es schien mir, als h\u00e4tten sich die Bowlingfans an diesem Tage schon l\u00e4nger aufs Kugelrollen gefreut.<\/p>\n\n\n\n<p>Die Halle war fast direkt bei unserem Treffpunkt im Prater.\u00a0<\/p>\n\n\n\n<p><\/p>\n\n\n<div class=\"wp-block-image\">\n<figure class=\"aligncenter size-large is-resized\"><img loading=\"lazy\" decoding=\"async\" src=\"https:\/\/www.integrationwien.at\/blog\/wp-content\/uploads\/2022\/11\/Aktivstammtisch-Willy-02-1024x780.jpg\" alt=\"\" class=\"wp-image-4483\" width=\"376\" height=\"285\" srcset=\"https:\/\/www.integrationwien.at\/blog\/wp-content\/uploads\/2022\/11\/Aktivstammtisch-Willy-02-1024x780.jpg 1024w, https:\/\/www.integrationwien.at\/blog\/wp-content\/uploads\/2022\/11\/Aktivstammtisch-Willy-02-300x228.jpg 300w, https:\/\/www.integrationwien.at\/blog\/wp-content\/uploads\/2022\/11\/Aktivstammtisch-Willy-02-768x585.jpg 768w, https:\/\/www.integrationwien.at\/blog\/wp-content\/uploads\/2022\/11\/Aktivstammtisch-Willy-02-624x475.jpg 624w, https:\/\/www.integrationwien.at\/blog\/wp-content\/uploads\/2022\/11\/Aktivstammtisch-Willy-02.jpg 1332w\" sizes=\"auto, (max-width: 376px) 100vw, 376px\" \/><\/figure><\/div>\n\n\n<p><\/p>\n\n\n\n<p>Antti und seine zwei Begleiter mussten leider erfahren, wie manchmal einfach keine rollstuhltaugliche Bim kommt. Also warteten wir in der Lounge, bis die drei ihren eigenen, unverhofften Spaziergang vom Praterstern durch das schiache Regenwetter abgeschlossen haben.<\/p>\n\n\n\n<p>Als wir dann vollz\u00e4hlig waren, erfuhren wir, dass gerade die H\u00e4lfte der Bowlingbahnen ausgefallen sind. Wir versuchen uns nichts draus zu machen, fragen nach einem Platz wo wir etwas trinken k\u00f6nnen und ein Rollstuhl gut hinkommt und plaudern.<\/p>\n\n\n\n<p>Das war gem\u00fctlich\u2026 aber auch nicht was wir uns unter einem Aktiv-Stammtisch vorgestellt hatten. Zum Gl\u00fcck gab es dann pl\u00f6tzlich trotz aller Umst\u00e4nde eine Bahn f\u00fcr uns!<\/p>\n\n\n\n<p><\/p>\n\n\n<div class=\"wp-block-image\">\n<figure class=\"alignright size-large is-resized\"><img loading=\"lazy\" decoding=\"async\" src=\"https:\/\/www.integrationwien.at\/blog\/wp-content\/uploads\/2022\/11\/Aktivstammtisch-Willy-03-e1669033813660-768x1024.jpg\" alt=\"\" class=\"wp-image-4484\" width=\"188\" height=\"250\" srcset=\"https:\/\/www.integrationwien.at\/blog\/wp-content\/uploads\/2022\/11\/Aktivstammtisch-Willy-03-e1669033813660-768x1024.jpg 768w, https:\/\/www.integrationwien.at\/blog\/wp-content\/uploads\/2022\/11\/Aktivstammtisch-Willy-03-e1669033813660-225x300.jpg 225w, https:\/\/www.integrationwien.at\/blog\/wp-content\/uploads\/2022\/11\/Aktivstammtisch-Willy-03-e1669033813660-624x832.jpg 624w, https:\/\/www.integrationwien.at\/blog\/wp-content\/uploads\/2022\/11\/Aktivstammtisch-Willy-03-e1669033813660.jpg 1037w\" sizes=\"auto, (max-width: 188px) 100vw, 188px\" \/><\/figure><\/div>\n\n\n<figure class=\"wp-block-image size-large is-resized\"><img loading=\"lazy\" decoding=\"async\" src=\"https:\/\/www.integrationwien.at\/blog\/wp-content\/uploads\/2022\/11\/Aktivstammtisch-Willy-04-1024x768.jpg\" alt=\"\" class=\"wp-image-4485\" width=\"382\" height=\"287\" srcset=\"https:\/\/www.integrationwien.at\/blog\/wp-content\/uploads\/2022\/11\/Aktivstammtisch-Willy-04-1024x768.jpg 1024w, https:\/\/www.integrationwien.at\/blog\/wp-content\/uploads\/2022\/11\/Aktivstammtisch-Willy-04-300x225.jpg 300w, https:\/\/www.integrationwien.at\/blog\/wp-content\/uploads\/2022\/11\/Aktivstammtisch-Willy-04-768x576.jpg 768w, https:\/\/www.integrationwien.at\/blog\/wp-content\/uploads\/2022\/11\/Aktivstammtisch-Willy-04-624x468.jpg 624w, https:\/\/www.integrationwien.at\/blog\/wp-content\/uploads\/2022\/11\/Aktivstammtisch-Willy-04.jpg 1383w\" sizes=\"auto, (max-width: 382px) 100vw, 382px\" \/><\/figure>\n\n\n\n<p><\/p>\n\n\n\n<p>Also spielten wir, genossen es, Muriel und Matthias gingen ein wenig fr\u00fcher los, sodass Matthias seinen Abendtermin sicher nicht verpasst. <\/p>\n\n\n\n<p>Auch f\u00fcr uns wurde es dann Zeit uns zu verabschieden. Ich gehe mit Dominik noch zum Praterstern in der fr\u00fchen Dunkelheit, wo er sich dann mit der S-Bahn allein auf den Weg macht, und fahre selbst nach Haus. <\/p>\n\n\n\n<p>Bassam und Antti gehen sogar abends noch fort. In den Club 21, wo auch andere Freizeitassistenzpaare sich auf einen ausgelassenen Abend eingelassen haben.<\/p>\n\n\n\n<p><\/p>\n\n\n<div class=\"wp-block-image\">\n<figure class=\"aligncenter size-large is-resized\"><img loading=\"lazy\" decoding=\"async\" src=\"https:\/\/www.integrationwien.at\/blog\/wp-content\/uploads\/2022\/11\/Aktivstammtisch-Willy-05-1024x768.jpg\" alt=\"\" class=\"wp-image-4486\" width=\"320\" height=\"240\" srcset=\"https:\/\/www.integrationwien.at\/blog\/wp-content\/uploads\/2022\/11\/Aktivstammtisch-Willy-05-1024x768.jpg 1024w, https:\/\/www.integrationwien.at\/blog\/wp-content\/uploads\/2022\/11\/Aktivstammtisch-Willy-05-300x225.jpg 300w, https:\/\/www.integrationwien.at\/blog\/wp-content\/uploads\/2022\/11\/Aktivstammtisch-Willy-05-768x576.jpg 768w, https:\/\/www.integrationwien.at\/blog\/wp-content\/uploads\/2022\/11\/Aktivstammtisch-Willy-05-624x468.jpg 624w, https:\/\/www.integrationwien.at\/blog\/wp-content\/uploads\/2022\/11\/Aktivstammtisch-Willy-05.jpg 1280w\" sizes=\"auto, (max-width: 320px) 100vw, 320px\" \/><\/figure><\/div>\n\n\n<p><\/p>\n\n\n\n<p><\/p>\n\n\n\n<p>Ein Beitrag von Willy, Freizeitassistenz, integration wien.<\/p>\n","protected":false},"excerpt":{"rendered":"<p>&#8230; sollte es werden beim Aktiv-Stammtisch Anfang November 2022. Aber die W\u00e4rme des Oktobers k\u00fchlte sich leider sturzartig ab und der Regen machte es auch nicht besser. Also begn\u00fcgten wir uns mit Plan B und es schien mir, als h\u00e4tten sich die Bowlingfans an diesem Tage schon l\u00e4nger aufs Kugelrollen gefreut. Die Halle war fast [&hellip;]<\/p>\n","protected":false},"author":7,"featured_media":0,"comment_status":"closed","ping_status":"open","sticky":false,"template":"","format":"standard","meta":{"footnotes":""},"categories":[1],"tags":[],"class_list":["post-4487","post","type-post","status-publish","format-standard","hentry","category-allgemein"],"yoast_head":"<!-- This site is optimized with the Yoast SEO plugin v25.8 - https:\/\/yoast.com\/wordpress\/plugins\/seo\/ -->\n<title>Ein sch\u00f6ner Herbstspaziergang... - Integration Wien<\/title>\n<meta name=\"robots\" content=\"index, follow, max-snippet:-1, max-image-preview:large, max-video-preview:-1\" \/>\n<link rel=\"canonical\" href=\"https:\/\/www.integrationwien.at\/blog\/?p=4487\" \/>\n<meta property=\"og:locale\" content=\"de_DE\" \/>\n<meta property=\"og:type\" content=\"article\" \/>\n<meta property=\"og:title\" content=\"Ein sch\u00f6ner Herbstspaziergang... - Integration Wien\" \/>\n<meta property=\"og:description\" content=\"&#8230; sollte es werden beim Aktiv-Stammtisch Anfang November 2022. Aber die W\u00e4rme des Oktobers k\u00fchlte sich leider sturzartig ab und der Regen machte es auch nicht besser. Also begn\u00fcgten wir uns mit Plan B und es schien mir, als h\u00e4tten sich die Bowlingfans an diesem Tage schon l\u00e4nger aufs Kugelrollen gefreut. Die Halle war fast [&hellip;]\" \/>\n<meta property=\"og:url\" content=\"https:\/\/www.integrationwien.at\/blog\/?p=4487\" \/>\n<meta property=\"og:site_name\" content=\"Integration Wien\" \/>\n<meta property=\"article:published_time\" content=\"2022-11-21T12:39:07+00:00\" \/>\n<meta property=\"article:modified_time\" content=\"2022-11-21T12:39:08+00:00\" \/>\n<meta property=\"og:image\" content=\"https:\/\/www.integrationwien.at\/blog\/wp-content\/uploads\/2022\/11\/Aktivstammtisch-Willy-01-1024x768.jpg\" \/>\n<meta name=\"author\" content=\"Karin Luz\" \/>\n<meta name=\"twitter:card\" content=\"summary_large_image\" \/>\n<meta name=\"twitter:label1\" content=\"Verfasst von\" \/>\n\t<meta name=\"twitter:data1\" content=\"Karin Luz\" \/>\n\t<meta name=\"twitter:label2\" content=\"Gesch\u00e4tzte Lesezeit\" \/>\n\t<meta name=\"twitter:data2\" content=\"3\u00a0Minuten\" \/>\n<script type=\"application\/ld+json\" class=\"yoast-schema-graph\">{\"@context\":\"https:\/\/schema.org\",\"@graph\":[{\"@type\":\"WebPage\",\"@id\":\"https:\/\/www.integrationwien.at\/blog\/?p=4487\",\"url\":\"https:\/\/www.integrationwien.at\/blog\/?p=4487\",\"name\":\"Ein sch\u00f6ner Herbstspaziergang... - Integration Wien\",\"isPartOf\":{\"@id\":\"https:\/\/www.integrationwien.at\/blog\/#website\"},\"primaryImageOfPage\":{\"@id\":\"https:\/\/www.integrationwien.at\/blog\/?p=4487#primaryimage\"},\"image\":{\"@id\":\"https:\/\/www.integrationwien.at\/blog\/?p=4487#primaryimage\"},\"thumbnailUrl\":\"https:\/\/www.integrationwien.at\/blog\/wp-content\/uploads\/2022\/11\/Aktivstammtisch-Willy-01-1024x768.jpg\",\"datePublished\":\"2022-11-21T12:39:07+00:00\",\"dateModified\":\"2022-11-21T12:39:08+00:00\",\"author\":{\"@id\":\"https:\/\/www.integrationwien.at\/blog\/#\/schema\/person\/ef2342be938874271e30917fb7f9d7f7\"},\"breadcrumb\":{\"@id\":\"https:\/\/www.integrationwien.at\/blog\/?p=4487#breadcrumb\"},\"inLanguage\":\"de\",\"potentialAction\":[{\"@type\":\"ReadAction\",\"target\":[\"https:\/\/www.integrationwien.at\/blog\/?p=4487\"]}]},{\"@type\":\"ImageObject\",\"inLanguage\":\"de\",\"@id\":\"https:\/\/www.integrationwien.at\/blog\/?p=4487#primaryimage\",\"url\":\"https:\/\/www.integrationwien.at\/blog\/wp-content\/uploads\/2022\/11\/Aktivstammtisch-Willy-01-scaled.jpg\",\"contentUrl\":\"https:\/\/www.integrationwien.at\/blog\/wp-content\/uploads\/2022\/11\/Aktivstammtisch-Willy-01-scaled.jpg\",\"width\":2560,\"height\":1920},{\"@type\":\"BreadcrumbList\",\"@id\":\"https:\/\/www.integrationwien.at\/blog\/?p=4487#breadcrumb\",\"itemListElement\":[{\"@type\":\"ListItem\",\"position\":1,\"name\":\"Startseite\",\"item\":\"https:\/\/www.integrationwien.at\/blog\"},{\"@type\":\"ListItem\",\"position\":2,\"name\":\"Ein sch\u00f6ner Herbstspaziergang&#8230;\"}]},{\"@type\":\"WebSite\",\"@id\":\"https:\/\/www.integrationwien.at\/blog\/#website\",\"url\":\"https:\/\/www.integrationwien.at\/blog\/\",\"name\":\"Integration Wien\",\"description\":\"\",\"potentialAction\":[{\"@type\":\"SearchAction\",\"target\":{\"@type\":\"EntryPoint\",\"urlTemplate\":\"https:\/\/www.integrationwien.at\/blog\/?s={search_term_string}\"},\"query-input\":{\"@type\":\"PropertyValueSpecification\",\"valueRequired\":true,\"valueName\":\"search_term_string\"}}],\"inLanguage\":\"de\"},{\"@type\":\"Person\",\"@id\":\"https:\/\/www.integrationwien.at\/blog\/#\/schema\/person\/ef2342be938874271e30917fb7f9d7f7\",\"name\":\"Karin Luz\",\"image\":{\"@type\":\"ImageObject\",\"inLanguage\":\"de\",\"@id\":\"https:\/\/www.integrationwien.at\/blog\/#\/schema\/person\/image\/\",\"url\":\"https:\/\/secure.gravatar.com\/avatar\/a6da314033d99b7d5457e171710382f857e5e6f528c4bfdb60fdf1333080ea2f?s=96&d=retro&r=g\",\"contentUrl\":\"https:\/\/secure.gravatar.com\/avatar\/a6da314033d99b7d5457e171710382f857e5e6f528c4bfdb60fdf1333080ea2f?s=96&d=retro&r=g\",\"caption\":\"Karin Luz\"},\"url\":\"https:\/\/www.integrationwien.at\/blog\/?author=7\"}]}<\/script>\n<!-- \/ Yoast SEO plugin. -->","yoast_head_json":{"title":"Ein sch\u00f6ner Herbstspaziergang... - Integration Wien","robots":{"index":"index","follow":"follow","max-snippet":"max-snippet:-1","max-image-preview":"max-image-preview:large","max-video-preview":"max-video-preview:-1"},"canonical":"https:\/\/www.integrationwien.at\/blog\/?p=4487","og_locale":"de_DE","og_type":"article","og_title":"Ein sch\u00f6ner Herbstspaziergang... - Integration Wien","og_description":"&#8230; sollte es werden beim Aktiv-Stammtisch Anfang November 2022. Aber die W\u00e4rme des Oktobers k\u00fchlte sich leider sturzartig ab und der Regen machte es auch nicht besser. Also begn\u00fcgten wir uns mit Plan B und es schien mir, als h\u00e4tten sich die Bowlingfans an diesem Tage schon l\u00e4nger aufs Kugelrollen gefreut. Die Halle war fast [&hellip;]","og_url":"https:\/\/www.integrationwien.at\/blog\/?p=4487","og_site_name":"Integration Wien","article_published_time":"2022-11-21T12:39:07+00:00","article_modified_time":"2022-11-21T12:39:08+00:00","og_image":[{"url":"https:\/\/www.integrationwien.at\/blog\/wp-content\/uploads\/2022\/11\/Aktivstammtisch-Willy-01-1024x768.jpg","type":"","width":"","height":""}],"author":"Karin Luz","twitter_card":"summary_large_image","twitter_misc":{"Verfasst von":"Karin Luz","Gesch\u00e4tzte Lesezeit":"3\u00a0Minuten"},"schema":{"@context":"https:\/\/schema.org","@graph":[{"@type":"WebPage","@id":"https:\/\/www.integrationwien.at\/blog\/?p=4487","url":"https:\/\/www.integrationwien.at\/blog\/?p=4487","name":"Ein sch\u00f6ner Herbstspaziergang... - Integration Wien","isPartOf":{"@id":"https:\/\/www.integrationwien.at\/blog\/#website"},"primaryImageOfPage":{"@id":"https:\/\/www.integrationwien.at\/blog\/?p=4487#primaryimage"},"image":{"@id":"https:\/\/www.integrationwien.at\/blog\/?p=4487#primaryimage"},"thumbnailUrl":"https:\/\/www.integrationwien.at\/blog\/wp-content\/uploads\/2022\/11\/Aktivstammtisch-Willy-01-1024x768.jpg","datePublished":"2022-11-21T12:39:07+00:00","dateModified":"2022-11-21T12:39:08+00:00","author":{"@id":"https:\/\/www.integrationwien.at\/blog\/#\/schema\/person\/ef2342be938874271e30917fb7f9d7f7"},"breadcrumb":{"@id":"https:\/\/www.integrationwien.at\/blog\/?p=4487#breadcrumb"},"inLanguage":"de","potentialAction":[{"@type":"ReadAction","target":["https:\/\/www.integrationwien.at\/blog\/?p=4487"]}]},{"@type":"ImageObject","inLanguage":"de","@id":"https:\/\/www.integrationwien.at\/blog\/?p=4487#primaryimage","url":"https:\/\/www.integrationwien.at\/blog\/wp-content\/uploads\/2022\/11\/Aktivstammtisch-Willy-01-scaled.jpg","contentUrl":"https:\/\/www.integrationwien.at\/blog\/wp-content\/uploads\/2022\/11\/Aktivstammtisch-Willy-01-scaled.jpg","width":2560,"height":1920},{"@type":"BreadcrumbList","@id":"https:\/\/www.integrationwien.at\/blog\/?p=4487#breadcrumb","itemListElement":[{"@type":"ListItem","position":1,"name":"Startseite","item":"https:\/\/www.integrationwien.at\/blog"},{"@type":"ListItem","position":2,"name":"Ein sch\u00f6ner Herbstspaziergang&#8230;"}]},{"@type":"WebSite","@id":"https:\/\/www.integrationwien.at\/blog\/#website","url":"https:\/\/www.integrationwien.at\/blog\/","name":"Integration Wien","description":"","potentialAction":[{"@type":"SearchAction","target":{"@type":"EntryPoint","urlTemplate":"https:\/\/www.integrationwien.at\/blog\/?s={search_term_string}"},"query-input":{"@type":"PropertyValueSpecification","valueRequired":true,"valueName":"search_term_string"}}],"inLanguage":"de"},{"@type":"Person","@id":"https:\/\/www.integrationwien.at\/blog\/#\/schema\/person\/ef2342be938874271e30917fb7f9d7f7","name":"Karin Luz","image":{"@type":"ImageObject","inLanguage":"de","@id":"https:\/\/www.integrationwien.at\/blog\/#\/schema\/person\/image\/","url":"https:\/\/secure.gravatar.com\/avatar\/a6da314033d99b7d5457e171710382f857e5e6f528c4bfdb60fdf1333080ea2f?s=96&d=retro&r=g","contentUrl":"https:\/\/secure.gravatar.com\/avatar\/a6da314033d99b7d5457e171710382f857e5e6f528c4bfdb60fdf1333080ea2f?s=96&d=retro&r=g","caption":"Karin Luz"},"url":"https:\/\/www.integrationwien.at\/blog\/?author=7"}]}},"_links":{"self":[{"href":"https:\/\/www.integrationwien.at\/blog\/index.php?rest_route=\/wp\/v2\/posts\/4487","targetHints":{"allow":["GET"]}}],"collection":[{"href":"https:\/\/www.integrationwien.at\/blog\/index.php?rest_route=\/wp\/v2\/posts"}],"about":[{"href":"https:\/\/www.integrationwien.at\/blog\/index.php?rest_route=\/wp\/v2\/types\/post"}],"author":[{"embeddable":true,"href":"https:\/\/www.integrationwien.at\/blog\/index.php?rest_route=\/wp\/v2\/users\/7"}],"replies":[{"embeddable":true,"href":"https:\/\/www.integrationwien.at\/blog\/index.php?rest_route=%2Fwp%2Fv2%2Fcomments&post=4487"}],"version-history":[{"count":3,"href":"https:\/\/www.integrationwien.at\/blog\/index.php?rest_route=\/wp\/v2\/posts\/4487\/revisions"}],"predecessor-version":[{"id":4490,"href":"https:\/\/www.integrationwien.at\/blog\/index.php?rest_route=\/wp\/v2\/posts\/4487\/revisions\/4490"}],"wp:attachment":[{"href":"https:\/\/www.integrationwien.at\/blog\/index.php?rest_route=%2Fwp%2Fv2%2Fmedia&parent=4487"}],"wp:term":[{"taxonomy":"category","embeddable":true,"href":"https:\/\/www.integrationwien.at\/blog\/index.php?rest_route=%2Fwp%2Fv2%2Fcategories&post=4487"},{"taxonomy":"post_tag","embeddable":true,"href":"https:\/\/www.integrationwien.at\/blog\/index.php?rest_route=%2Fwp%2Fv2%2Ftags&post=4487"}],"curies":[{"name":"wp","href":"https:\/\/api.w.org\/{rel}","templated":true}]}}