{"id":4424,"date":"2022-08-17T14:17:00","date_gmt":"2022-08-17T12:17:00","guid":{"rendered":"https:\/\/www.integrationwien.at\/blog\/?p=4424"},"modified":"2022-08-17T14:17:02","modified_gmt":"2022-08-17T12:17:02","slug":"minigolf-mit-matthias","status":"publish","type":"post","link":"https:\/\/www.integrationwien.at\/blog\/?p=4424","title":{"rendered":"Minigolf mit Matthias"},"content":{"rendered":"<div class=\"wp-block-image\">\n<figure class=\"aligncenter size-large is-resized\"><img loading=\"lazy\" decoding=\"async\" src=\"https:\/\/www.integrationwien.at\/blog\/wp-content\/uploads\/2022\/08\/mini-golf-pixabay-1024x768.jpg\" alt=\"\" class=\"wp-image-4422\" width=\"439\" height=\"329\" srcset=\"https:\/\/www.integrationwien.at\/blog\/wp-content\/uploads\/2022\/08\/mini-golf-pixabay-1024x768.jpg 1024w, https:\/\/www.integrationwien.at\/blog\/wp-content\/uploads\/2022\/08\/mini-golf-pixabay-300x225.jpg 300w, https:\/\/www.integrationwien.at\/blog\/wp-content\/uploads\/2022\/08\/mini-golf-pixabay-768x576.jpg 768w, https:\/\/www.integrationwien.at\/blog\/wp-content\/uploads\/2022\/08\/mini-golf-pixabay-1536x1152.jpg 1536w, https:\/\/www.integrationwien.at\/blog\/wp-content\/uploads\/2022\/08\/mini-golf-pixabay-624x468.jpg 624w, https:\/\/www.integrationwien.at\/blog\/wp-content\/uploads\/2022\/08\/mini-golf-pixabay.jpg 1920w\" sizes=\"auto, (max-width: 439px) 100vw, 439px\" \/><\/figure><\/div>\n\n\n<p>Es ist ein sch\u00f6ner Sommertag und Matthias und ich wollen wieder etwas unternehmen. Wir haben schon einmal Minigolf zusammen gespielt und Matthias hatte gro\u00dfen Gefallen daran. Also geht es ab in den Prater zum Minigolfen. Wir schnappen uns die Schl\u00e4ger und B\u00e4lle und versuchen in 18 Runden die B\u00e4lle in das Minigolfloch zu treffen. Daf\u00fcr ist Geschick, Ruhe und Geduld gefordert. Manche Bahnen sind f\u00fcr uns einfach und wir treffen mit nur 2 Schl\u00e4gen. Bei anderen hingegen, besonders bei solchen mit Rampen, ist Kraft und Zielgenauigkeit gefordert. Nebenan h\u00f6rt man die Menschen in den Achterbahnen kreischen, wir hingegen haben unsere Ruheoase bei den Bahnen. Nach dem Minigolfen haben wir dann aber noch eine St\u00e4rkung verdient und holen uns eine leckere Kleinigkeit auf dem Prater nebenan bei einem Stand. Praktisch, dass dieser gleich nebenan ist. Was f\u00fcr ein herrlicher Sommertag!\u00a0<\/p>\n\n\n\n<p><\/p>\n\n\n\n<p>Ein Bericht von Muriel, Freizeitassistentin bei integration wien.<\/p>\n","protected":false},"excerpt":{"rendered":"<p>Es ist ein sch\u00f6ner Sommertag und Matthias und ich wollen wieder etwas unternehmen. Wir haben schon einmal Minigolf zusammen gespielt und Matthias hatte gro\u00dfen Gefallen daran. Also geht es ab in den Prater zum Minigolfen. Wir schnappen uns die Schl\u00e4ger und B\u00e4lle und versuchen in 18 Runden die B\u00e4lle in das Minigolfloch zu treffen. Daf\u00fcr [&hellip;]<\/p>\n","protected":false},"author":7,"featured_media":0,"comment_status":"closed","ping_status":"open","sticky":false,"template":"","format":"standard","meta":{"footnotes":""},"categories":[1],"tags":[],"class_list":["post-4424","post","type-post","status-publish","format-standard","hentry","category-allgemein"],"yoast_head":"<!-- This site is optimized with the Yoast SEO plugin v25.8 - https:\/\/yoast.com\/wordpress\/plugins\/seo\/ -->\n<title>Minigolf mit Matthias - Integration Wien<\/title>\n<meta name=\"robots\" content=\"index, follow, max-snippet:-1, max-image-preview:large, max-video-preview:-1\" \/>\n<link rel=\"canonical\" href=\"https:\/\/www.integrationwien.at\/blog\/?p=4424\" \/>\n<meta property=\"og:locale\" content=\"de_DE\" \/>\n<meta property=\"og:type\" content=\"article\" \/>\n<meta property=\"og:title\" content=\"Minigolf mit Matthias - Integration Wien\" \/>\n<meta property=\"og:description\" content=\"Es ist ein sch\u00f6ner Sommertag und Matthias und ich wollen wieder etwas unternehmen. Wir haben schon einmal Minigolf zusammen gespielt und Matthias hatte gro\u00dfen Gefallen daran. Also geht es ab in den Prater zum Minigolfen. Wir schnappen uns die Schl\u00e4ger und B\u00e4lle und versuchen in 18 Runden die B\u00e4lle in das Minigolfloch zu treffen. Daf\u00fcr [&hellip;]\" \/>\n<meta property=\"og:url\" content=\"https:\/\/www.integrationwien.at\/blog\/?p=4424\" \/>\n<meta property=\"og:site_name\" content=\"Integration Wien\" \/>\n<meta property=\"article:published_time\" content=\"2022-08-17T12:17:00+00:00\" \/>\n<meta property=\"article:modified_time\" content=\"2022-08-17T12:17:02+00:00\" \/>\n<meta property=\"og:image\" content=\"https:\/\/www.integrationwien.at\/blog\/wp-content\/uploads\/2022\/08\/mini-golf-pixabay.jpg\" \/>\n\t<meta property=\"og:image:width\" content=\"1920\" \/>\n\t<meta property=\"og:image:height\" content=\"1440\" \/>\n\t<meta property=\"og:image:type\" content=\"image\/jpeg\" \/>\n<meta name=\"author\" content=\"Karin Luz\" \/>\n<meta name=\"twitter:card\" content=\"summary_large_image\" \/>\n<meta name=\"twitter:label1\" content=\"Verfasst von\" \/>\n\t<meta name=\"twitter:data1\" content=\"Karin Luz\" \/>\n\t<meta name=\"twitter:label2\" content=\"Gesch\u00e4tzte Lesezeit\" \/>\n\t<meta name=\"twitter:data2\" content=\"2\u00a0Minuten\" \/>\n<script type=\"application\/ld+json\" class=\"yoast-schema-graph\">{\"@context\":\"https:\/\/schema.org\",\"@graph\":[{\"@type\":\"WebPage\",\"@id\":\"https:\/\/www.integrationwien.at\/blog\/?p=4424\",\"url\":\"https:\/\/www.integrationwien.at\/blog\/?p=4424\",\"name\":\"Minigolf mit Matthias - Integration Wien\",\"isPartOf\":{\"@id\":\"https:\/\/www.integrationwien.at\/blog\/#website\"},\"primaryImageOfPage\":{\"@id\":\"https:\/\/www.integrationwien.at\/blog\/?p=4424#primaryimage\"},\"image\":{\"@id\":\"https:\/\/www.integrationwien.at\/blog\/?p=4424#primaryimage\"},\"thumbnailUrl\":\"https:\/\/www.integrationwien.at\/blog\/wp-content\/uploads\/2022\/08\/mini-golf-pixabay-1024x768.jpg\",\"datePublished\":\"2022-08-17T12:17:00+00:00\",\"dateModified\":\"2022-08-17T12:17:02+00:00\",\"author\":{\"@id\":\"https:\/\/www.integrationwien.at\/blog\/#\/schema\/person\/ef2342be938874271e30917fb7f9d7f7\"},\"breadcrumb\":{\"@id\":\"https:\/\/www.integrationwien.at\/blog\/?p=4424#breadcrumb\"},\"inLanguage\":\"de\",\"potentialAction\":[{\"@type\":\"ReadAction\",\"target\":[\"https:\/\/www.integrationwien.at\/blog\/?p=4424\"]}]},{\"@type\":\"ImageObject\",\"inLanguage\":\"de\",\"@id\":\"https:\/\/www.integrationwien.at\/blog\/?p=4424#primaryimage\",\"url\":\"https:\/\/www.integrationwien.at\/blog\/wp-content\/uploads\/2022\/08\/mini-golf-pixabay.jpg\",\"contentUrl\":\"https:\/\/www.integrationwien.at\/blog\/wp-content\/uploads\/2022\/08\/mini-golf-pixabay.jpg\",\"width\":1920,\"height\":1440},{\"@type\":\"BreadcrumbList\",\"@id\":\"https:\/\/www.integrationwien.at\/blog\/?p=4424#breadcrumb\",\"itemListElement\":[{\"@type\":\"ListItem\",\"position\":1,\"name\":\"Startseite\",\"item\":\"https:\/\/www.integrationwien.at\/blog\"},{\"@type\":\"ListItem\",\"position\":2,\"name\":\"Minigolf mit Matthias\"}]},{\"@type\":\"WebSite\",\"@id\":\"https:\/\/www.integrationwien.at\/blog\/#website\",\"url\":\"https:\/\/www.integrationwien.at\/blog\/\",\"name\":\"Integration Wien\",\"description\":\"\",\"potentialAction\":[{\"@type\":\"SearchAction\",\"target\":{\"@type\":\"EntryPoint\",\"urlTemplate\":\"https:\/\/www.integrationwien.at\/blog\/?s={search_term_string}\"},\"query-input\":{\"@type\":\"PropertyValueSpecification\",\"valueRequired\":true,\"valueName\":\"search_term_string\"}}],\"inLanguage\":\"de\"},{\"@type\":\"Person\",\"@id\":\"https:\/\/www.integrationwien.at\/blog\/#\/schema\/person\/ef2342be938874271e30917fb7f9d7f7\",\"name\":\"Karin Luz\",\"image\":{\"@type\":\"ImageObject\",\"inLanguage\":\"de\",\"@id\":\"https:\/\/www.integrationwien.at\/blog\/#\/schema\/person\/image\/\",\"url\":\"https:\/\/secure.gravatar.com\/avatar\/a6da314033d99b7d5457e171710382f857e5e6f528c4bfdb60fdf1333080ea2f?s=96&d=retro&r=g\",\"contentUrl\":\"https:\/\/secure.gravatar.com\/avatar\/a6da314033d99b7d5457e171710382f857e5e6f528c4bfdb60fdf1333080ea2f?s=96&d=retro&r=g\",\"caption\":\"Karin Luz\"},\"url\":\"https:\/\/www.integrationwien.at\/blog\/?author=7\"}]}<\/script>\n<!-- \/ Yoast SEO plugin. -->","yoast_head_json":{"title":"Minigolf mit Matthias - Integration Wien","robots":{"index":"index","follow":"follow","max-snippet":"max-snippet:-1","max-image-preview":"max-image-preview:large","max-video-preview":"max-video-preview:-1"},"canonical":"https:\/\/www.integrationwien.at\/blog\/?p=4424","og_locale":"de_DE","og_type":"article","og_title":"Minigolf mit Matthias - Integration Wien","og_description":"Es ist ein sch\u00f6ner Sommertag und Matthias und ich wollen wieder etwas unternehmen. Wir haben schon einmal Minigolf zusammen gespielt und Matthias hatte gro\u00dfen Gefallen daran. Also geht es ab in den Prater zum Minigolfen. Wir schnappen uns die Schl\u00e4ger und B\u00e4lle und versuchen in 18 Runden die B\u00e4lle in das Minigolfloch zu treffen. Daf\u00fcr [&hellip;]","og_url":"https:\/\/www.integrationwien.at\/blog\/?p=4424","og_site_name":"Integration Wien","article_published_time":"2022-08-17T12:17:00+00:00","article_modified_time":"2022-08-17T12:17:02+00:00","og_image":[{"width":1920,"height":1440,"url":"https:\/\/www.integrationwien.at\/blog\/wp-content\/uploads\/2022\/08\/mini-golf-pixabay.jpg","type":"image\/jpeg"}],"author":"Karin Luz","twitter_card":"summary_large_image","twitter_misc":{"Verfasst von":"Karin Luz","Gesch\u00e4tzte Lesezeit":"2\u00a0Minuten"},"schema":{"@context":"https:\/\/schema.org","@graph":[{"@type":"WebPage","@id":"https:\/\/www.integrationwien.at\/blog\/?p=4424","url":"https:\/\/www.integrationwien.at\/blog\/?p=4424","name":"Minigolf mit Matthias - Integration Wien","isPartOf":{"@id":"https:\/\/www.integrationwien.at\/blog\/#website"},"primaryImageOfPage":{"@id":"https:\/\/www.integrationwien.at\/blog\/?p=4424#primaryimage"},"image":{"@id":"https:\/\/www.integrationwien.at\/blog\/?p=4424#primaryimage"},"thumbnailUrl":"https:\/\/www.integrationwien.at\/blog\/wp-content\/uploads\/2022\/08\/mini-golf-pixabay-1024x768.jpg","datePublished":"2022-08-17T12:17:00+00:00","dateModified":"2022-08-17T12:17:02+00:00","author":{"@id":"https:\/\/www.integrationwien.at\/blog\/#\/schema\/person\/ef2342be938874271e30917fb7f9d7f7"},"breadcrumb":{"@id":"https:\/\/www.integrationwien.at\/blog\/?p=4424#breadcrumb"},"inLanguage":"de","potentialAction":[{"@type":"ReadAction","target":["https:\/\/www.integrationwien.at\/blog\/?p=4424"]}]},{"@type":"ImageObject","inLanguage":"de","@id":"https:\/\/www.integrationwien.at\/blog\/?p=4424#primaryimage","url":"https:\/\/www.integrationwien.at\/blog\/wp-content\/uploads\/2022\/08\/mini-golf-pixabay.jpg","contentUrl":"https:\/\/www.integrationwien.at\/blog\/wp-content\/uploads\/2022\/08\/mini-golf-pixabay.jpg","width":1920,"height":1440},{"@type":"BreadcrumbList","@id":"https:\/\/www.integrationwien.at\/blog\/?p=4424#breadcrumb","itemListElement":[{"@type":"ListItem","position":1,"name":"Startseite","item":"https:\/\/www.integrationwien.at\/blog"},{"@type":"ListItem","position":2,"name":"Minigolf mit Matthias"}]},{"@type":"WebSite","@id":"https:\/\/www.integrationwien.at\/blog\/#website","url":"https:\/\/www.integrationwien.at\/blog\/","name":"Integration Wien","description":"","potentialAction":[{"@type":"SearchAction","target":{"@type":"EntryPoint","urlTemplate":"https:\/\/www.integrationwien.at\/blog\/?s={search_term_string}"},"query-input":{"@type":"PropertyValueSpecification","valueRequired":true,"valueName":"search_term_string"}}],"inLanguage":"de"},{"@type":"Person","@id":"https:\/\/www.integrationwien.at\/blog\/#\/schema\/person\/ef2342be938874271e30917fb7f9d7f7","name":"Karin Luz","image":{"@type":"ImageObject","inLanguage":"de","@id":"https:\/\/www.integrationwien.at\/blog\/#\/schema\/person\/image\/","url":"https:\/\/secure.gravatar.com\/avatar\/a6da314033d99b7d5457e171710382f857e5e6f528c4bfdb60fdf1333080ea2f?s=96&d=retro&r=g","contentUrl":"https:\/\/secure.gravatar.com\/avatar\/a6da314033d99b7d5457e171710382f857e5e6f528c4bfdb60fdf1333080ea2f?s=96&d=retro&r=g","caption":"Karin Luz"},"url":"https:\/\/www.integrationwien.at\/blog\/?author=7"}]}},"_links":{"self":[{"href":"https:\/\/www.integrationwien.at\/blog\/index.php?rest_route=\/wp\/v2\/posts\/4424","targetHints":{"allow":["GET"]}}],"collection":[{"href":"https:\/\/www.integrationwien.at\/blog\/index.php?rest_route=\/wp\/v2\/posts"}],"about":[{"href":"https:\/\/www.integrationwien.at\/blog\/index.php?rest_route=\/wp\/v2\/types\/post"}],"author":[{"embeddable":true,"href":"https:\/\/www.integrationwien.at\/blog\/index.php?rest_route=\/wp\/v2\/users\/7"}],"replies":[{"embeddable":true,"href":"https:\/\/www.integrationwien.at\/blog\/index.php?rest_route=%2Fwp%2Fv2%2Fcomments&post=4424"}],"version-history":[{"count":1,"href":"https:\/\/www.integrationwien.at\/blog\/index.php?rest_route=\/wp\/v2\/posts\/4424\/revisions"}],"predecessor-version":[{"id":4425,"href":"https:\/\/www.integrationwien.at\/blog\/index.php?rest_route=\/wp\/v2\/posts\/4424\/revisions\/4425"}],"wp:attachment":[{"href":"https:\/\/www.integrationwien.at\/blog\/index.php?rest_route=%2Fwp%2Fv2%2Fmedia&parent=4424"}],"wp:term":[{"taxonomy":"category","embeddable":true,"href":"https:\/\/www.integrationwien.at\/blog\/index.php?rest_route=%2Fwp%2Fv2%2Fcategories&post=4424"},{"taxonomy":"post_tag","embeddable":true,"href":"https:\/\/www.integrationwien.at\/blog\/index.php?rest_route=%2Fwp%2Fv2%2Ftags&post=4424"}],"curies":[{"name":"wp","href":"https:\/\/api.w.org\/{rel}","templated":true}]}}