{"id":4053,"date":"2021-03-29T11:36:42","date_gmt":"2021-03-29T09:36:42","guid":{"rendered":"https:\/\/www.integrationwien.at\/blog\/?p=4053"},"modified":"2021-03-29T11:36:44","modified_gmt":"2021-03-29T09:36:44","slug":"bewegtes-kennenlernen","status":"publish","type":"post","link":"https:\/\/www.integrationwien.at\/blog\/?p=4053","title":{"rendered":"Bewegtes Kennenlernen"},"content":{"rendered":"\n<p>Jan und ich lernen uns gerade richtig AKTIV kennen. Bewegung und viel frische Luft zeichnen unsere bisherigen gemeinsamen Erfahrungen aus.<\/p>\n\n\n\n<p>Beim Eislaufen am Rathausplatz schl\u00e4ngelte sich Jan geschickt an den anderen BesucherInnen vorbei, sodass meine Eislaufk\u00fcnste ganz sch\u00f6n auf die Probe gestellt wurden, als ich versuchte ihm hinterherzukommen.<\/p>\n\n\n\n<div class=\"wp-block-image\"><figure class=\"aligncenter size-large is-resized\"><img loading=\"lazy\" decoding=\"async\" src=\"https:\/\/www.integrationwien.at\/blog\/wp-content\/uploads\/2021\/03\/2103_Jan_02.jpg\" alt=\"\" class=\"wp-image-4056\" width=\"331\" height=\"442\" srcset=\"https:\/\/www.integrationwien.at\/blog\/wp-content\/uploads\/2021\/03\/2103_Jan_02.jpg 768w, https:\/\/www.integrationwien.at\/blog\/wp-content\/uploads\/2021\/03\/2103_Jan_02-225x300.jpg 225w, https:\/\/www.integrationwien.at\/blog\/wp-content\/uploads\/2021\/03\/2103_Jan_02-624x832.jpg 624w\" sizes=\"auto, (max-width: 331px) 100vw, 331px\" \/><\/figure><\/div>\n\n\n\n<p>Auch beim Wandern am Kahlenberg konnte uns das windige, etwas unfreundliche Wetter nicht abschrecken \u2013 wir waren gut ausgestattet mit warmen Jacken, dicken Handschuhen und einer guten Jause.<\/p>\n\n\n\n<div class=\"wp-block-image\"><figure class=\"aligncenter size-large is-resized\"><img loading=\"lazy\" decoding=\"async\" src=\"https:\/\/www.integrationwien.at\/blog\/wp-content\/uploads\/2021\/03\/2103_Jan_03.jpg\" alt=\"\" class=\"wp-image-4057\" width=\"367\" height=\"489\" srcset=\"https:\/\/www.integrationwien.at\/blog\/wp-content\/uploads\/2021\/03\/2103_Jan_03.jpg 768w, https:\/\/www.integrationwien.at\/blog\/wp-content\/uploads\/2021\/03\/2103_Jan_03-225x300.jpg 225w, https:\/\/www.integrationwien.at\/blog\/wp-content\/uploads\/2021\/03\/2103_Jan_03-624x832.jpg 624w\" sizes=\"auto, (max-width: 367px) 100vw, 367px\" \/><\/figure><\/div>\n\n\n\n<p><\/p>\n\n\n\n<p>Bei unserem letzten Treffen haben wir das Schaukeln f\u00fcr uns entdeckt und hatten beide viel Spa\u00df. Der n\u00e4chste Ausflug wird uns in den Motorikpark f\u00fchren \u2013 ich kann es kaum erwarten.<\/p>\n\n\n\n<div class=\"wp-block-image\"><figure class=\"aligncenter size-large is-resized\"><img loading=\"lazy\" decoding=\"async\" src=\"https:\/\/www.integrationwien.at\/blog\/wp-content\/uploads\/2021\/03\/2103_Jan_01.jpg\" alt=\"\" class=\"wp-image-4055\" width=\"386\" height=\"515\" srcset=\"https:\/\/www.integrationwien.at\/blog\/wp-content\/uploads\/2021\/03\/2103_Jan_01.jpg 599w, https:\/\/www.integrationwien.at\/blog\/wp-content\/uploads\/2021\/03\/2103_Jan_01-225x300.jpg 225w\" sizes=\"auto, (max-width: 386px) 100vw, 386px\" \/><\/figure><\/div>\n\n\n\n<p><\/p>\n\n\n\n<p>Ein Beitrag von Karina Schwarz, Freizeitassistentin bei integration wien<\/p>\n","protected":false},"excerpt":{"rendered":"<p>Jan und ich lernen uns gerade richtig AKTIV kennen. Bewegung und viel frische Luft zeichnen unsere bisherigen gemeinsamen Erfahrungen aus. Beim Eislaufen am Rathausplatz schl\u00e4ngelte sich Jan geschickt an den anderen BesucherInnen vorbei, sodass meine Eislaufk\u00fcnste ganz sch\u00f6n auf die Probe gestellt wurden, als ich versuchte ihm hinterherzukommen. Auch beim Wandern am Kahlenberg konnte uns [&hellip;]<\/p>\n","protected":false},"author":5,"featured_media":0,"comment_status":"closed","ping_status":"open","sticky":false,"template":"","format":"standard","meta":{"footnotes":""},"categories":[1],"tags":[],"class_list":["post-4053","post","type-post","status-publish","format-standard","hentry","category-allgemein"],"yoast_head":"<!-- This site is optimized with the Yoast SEO plugin v25.8 - https:\/\/yoast.com\/wordpress\/plugins\/seo\/ -->\n<title>Bewegtes Kennenlernen - Integration Wien<\/title>\n<meta name=\"robots\" content=\"index, follow, max-snippet:-1, max-image-preview:large, max-video-preview:-1\" \/>\n<link rel=\"canonical\" href=\"https:\/\/www.integrationwien.at\/blog\/?p=4053\" \/>\n<meta property=\"og:locale\" content=\"de_DE\" \/>\n<meta property=\"og:type\" content=\"article\" \/>\n<meta property=\"og:title\" content=\"Bewegtes Kennenlernen - Integration Wien\" \/>\n<meta property=\"og:description\" content=\"Jan und ich lernen uns gerade richtig AKTIV kennen. Bewegung und viel frische Luft zeichnen unsere bisherigen gemeinsamen Erfahrungen aus. Beim Eislaufen am Rathausplatz schl\u00e4ngelte sich Jan geschickt an den anderen BesucherInnen vorbei, sodass meine Eislaufk\u00fcnste ganz sch\u00f6n auf die Probe gestellt wurden, als ich versuchte ihm hinterherzukommen. Auch beim Wandern am Kahlenberg konnte uns [&hellip;]\" \/>\n<meta property=\"og:url\" content=\"https:\/\/www.integrationwien.at\/blog\/?p=4053\" \/>\n<meta property=\"og:site_name\" content=\"Integration Wien\" \/>\n<meta property=\"article:published_time\" content=\"2021-03-29T09:36:42+00:00\" \/>\n<meta property=\"article:modified_time\" content=\"2021-03-29T09:36:44+00:00\" \/>\n<meta property=\"og:image\" content=\"https:\/\/www.integrationwien.at\/blog\/wp-content\/uploads\/2021\/03\/2103_Jan_03.jpg\" \/>\n\t<meta property=\"og:image:width\" content=\"768\" \/>\n\t<meta property=\"og:image:height\" content=\"1024\" \/>\n\t<meta property=\"og:image:type\" content=\"image\/jpeg\" \/>\n<meta name=\"author\" content=\"Sabine Wolf\" \/>\n<meta name=\"twitter:card\" content=\"summary_large_image\" \/>\n<meta name=\"twitter:label1\" content=\"Verfasst von\" \/>\n\t<meta name=\"twitter:data1\" content=\"Sabine Wolf\" \/>\n\t<meta name=\"twitter:label2\" content=\"Gesch\u00e4tzte Lesezeit\" \/>\n\t<meta name=\"twitter:data2\" content=\"2\u00a0Minuten\" \/>\n<script type=\"application\/ld+json\" class=\"yoast-schema-graph\">{\"@context\":\"https:\/\/schema.org\",\"@graph\":[{\"@type\":\"WebPage\",\"@id\":\"https:\/\/www.integrationwien.at\/blog\/?p=4053\",\"url\":\"https:\/\/www.integrationwien.at\/blog\/?p=4053\",\"name\":\"Bewegtes Kennenlernen - Integration Wien\",\"isPartOf\":{\"@id\":\"https:\/\/www.integrationwien.at\/blog\/#website\"},\"primaryImageOfPage\":{\"@id\":\"https:\/\/www.integrationwien.at\/blog\/?p=4053#primaryimage\"},\"image\":{\"@id\":\"https:\/\/www.integrationwien.at\/blog\/?p=4053#primaryimage\"},\"thumbnailUrl\":\"https:\/\/www.integrationwien.at\/blog\/wp-content\/uploads\/2021\/03\/2103_Jan_02.jpg\",\"datePublished\":\"2021-03-29T09:36:42+00:00\",\"dateModified\":\"2021-03-29T09:36:44+00:00\",\"author\":{\"@id\":\"https:\/\/www.integrationwien.at\/blog\/#\/schema\/person\/037f1cbd2cf5d0891ab1ef3f8c411e1b\"},\"breadcrumb\":{\"@id\":\"https:\/\/www.integrationwien.at\/blog\/?p=4053#breadcrumb\"},\"inLanguage\":\"de\",\"potentialAction\":[{\"@type\":\"ReadAction\",\"target\":[\"https:\/\/www.integrationwien.at\/blog\/?p=4053\"]}]},{\"@type\":\"ImageObject\",\"inLanguage\":\"de\",\"@id\":\"https:\/\/www.integrationwien.at\/blog\/?p=4053#primaryimage\",\"url\":\"https:\/\/www.integrationwien.at\/blog\/wp-content\/uploads\/2021\/03\/2103_Jan_02.jpg\",\"contentUrl\":\"https:\/\/www.integrationwien.at\/blog\/wp-content\/uploads\/2021\/03\/2103_Jan_02.jpg\",\"width\":768,\"height\":1024},{\"@type\":\"BreadcrumbList\",\"@id\":\"https:\/\/www.integrationwien.at\/blog\/?p=4053#breadcrumb\",\"itemListElement\":[{\"@type\":\"ListItem\",\"position\":1,\"name\":\"Startseite\",\"item\":\"https:\/\/www.integrationwien.at\/blog\"},{\"@type\":\"ListItem\",\"position\":2,\"name\":\"Bewegtes Kennenlernen\"}]},{\"@type\":\"WebSite\",\"@id\":\"https:\/\/www.integrationwien.at\/blog\/#website\",\"url\":\"https:\/\/www.integrationwien.at\/blog\/\",\"name\":\"Integration Wien\",\"description\":\"\",\"potentialAction\":[{\"@type\":\"SearchAction\",\"target\":{\"@type\":\"EntryPoint\",\"urlTemplate\":\"https:\/\/www.integrationwien.at\/blog\/?s={search_term_string}\"},\"query-input\":{\"@type\":\"PropertyValueSpecification\",\"valueRequired\":true,\"valueName\":\"search_term_string\"}}],\"inLanguage\":\"de\"},{\"@type\":\"Person\",\"@id\":\"https:\/\/www.integrationwien.at\/blog\/#\/schema\/person\/037f1cbd2cf5d0891ab1ef3f8c411e1b\",\"name\":\"Sabine Wolf\",\"image\":{\"@type\":\"ImageObject\",\"inLanguage\":\"de\",\"@id\":\"https:\/\/www.integrationwien.at\/blog\/#\/schema\/person\/image\/\",\"url\":\"https:\/\/secure.gravatar.com\/avatar\/bd61ef8204be3763c07e7bb17574a0a6514f1ce003afb24b6e162b483c9e4b32?s=96&d=retro&r=g\",\"contentUrl\":\"https:\/\/secure.gravatar.com\/avatar\/bd61ef8204be3763c07e7bb17574a0a6514f1ce003afb24b6e162b483c9e4b32?s=96&d=retro&r=g\",\"caption\":\"Sabine Wolf\"},\"url\":\"https:\/\/www.integrationwien.at\/blog\/?author=5\"}]}<\/script>\n<!-- \/ Yoast SEO plugin. -->","yoast_head_json":{"title":"Bewegtes Kennenlernen - Integration Wien","robots":{"index":"index","follow":"follow","max-snippet":"max-snippet:-1","max-image-preview":"max-image-preview:large","max-video-preview":"max-video-preview:-1"},"canonical":"https:\/\/www.integrationwien.at\/blog\/?p=4053","og_locale":"de_DE","og_type":"article","og_title":"Bewegtes Kennenlernen - Integration Wien","og_description":"Jan und ich lernen uns gerade richtig AKTIV kennen. Bewegung und viel frische Luft zeichnen unsere bisherigen gemeinsamen Erfahrungen aus. Beim Eislaufen am Rathausplatz schl\u00e4ngelte sich Jan geschickt an den anderen BesucherInnen vorbei, sodass meine Eislaufk\u00fcnste ganz sch\u00f6n auf die Probe gestellt wurden, als ich versuchte ihm hinterherzukommen. Auch beim Wandern am Kahlenberg konnte uns [&hellip;]","og_url":"https:\/\/www.integrationwien.at\/blog\/?p=4053","og_site_name":"Integration Wien","article_published_time":"2021-03-29T09:36:42+00:00","article_modified_time":"2021-03-29T09:36:44+00:00","og_image":[{"width":768,"height":1024,"url":"https:\/\/www.integrationwien.at\/blog\/wp-content\/uploads\/2021\/03\/2103_Jan_03.jpg","type":"image\/jpeg"}],"author":"Sabine Wolf","twitter_card":"summary_large_image","twitter_misc":{"Verfasst von":"Sabine Wolf","Gesch\u00e4tzte Lesezeit":"2\u00a0Minuten"},"schema":{"@context":"https:\/\/schema.org","@graph":[{"@type":"WebPage","@id":"https:\/\/www.integrationwien.at\/blog\/?p=4053","url":"https:\/\/www.integrationwien.at\/blog\/?p=4053","name":"Bewegtes Kennenlernen - Integration Wien","isPartOf":{"@id":"https:\/\/www.integrationwien.at\/blog\/#website"},"primaryImageOfPage":{"@id":"https:\/\/www.integrationwien.at\/blog\/?p=4053#primaryimage"},"image":{"@id":"https:\/\/www.integrationwien.at\/blog\/?p=4053#primaryimage"},"thumbnailUrl":"https:\/\/www.integrationwien.at\/blog\/wp-content\/uploads\/2021\/03\/2103_Jan_02.jpg","datePublished":"2021-03-29T09:36:42+00:00","dateModified":"2021-03-29T09:36:44+00:00","author":{"@id":"https:\/\/www.integrationwien.at\/blog\/#\/schema\/person\/037f1cbd2cf5d0891ab1ef3f8c411e1b"},"breadcrumb":{"@id":"https:\/\/www.integrationwien.at\/blog\/?p=4053#breadcrumb"},"inLanguage":"de","potentialAction":[{"@type":"ReadAction","target":["https:\/\/www.integrationwien.at\/blog\/?p=4053"]}]},{"@type":"ImageObject","inLanguage":"de","@id":"https:\/\/www.integrationwien.at\/blog\/?p=4053#primaryimage","url":"https:\/\/www.integrationwien.at\/blog\/wp-content\/uploads\/2021\/03\/2103_Jan_02.jpg","contentUrl":"https:\/\/www.integrationwien.at\/blog\/wp-content\/uploads\/2021\/03\/2103_Jan_02.jpg","width":768,"height":1024},{"@type":"BreadcrumbList","@id":"https:\/\/www.integrationwien.at\/blog\/?p=4053#breadcrumb","itemListElement":[{"@type":"ListItem","position":1,"name":"Startseite","item":"https:\/\/www.integrationwien.at\/blog"},{"@type":"ListItem","position":2,"name":"Bewegtes Kennenlernen"}]},{"@type":"WebSite","@id":"https:\/\/www.integrationwien.at\/blog\/#website","url":"https:\/\/www.integrationwien.at\/blog\/","name":"Integration Wien","description":"","potentialAction":[{"@type":"SearchAction","target":{"@type":"EntryPoint","urlTemplate":"https:\/\/www.integrationwien.at\/blog\/?s={search_term_string}"},"query-input":{"@type":"PropertyValueSpecification","valueRequired":true,"valueName":"search_term_string"}}],"inLanguage":"de"},{"@type":"Person","@id":"https:\/\/www.integrationwien.at\/blog\/#\/schema\/person\/037f1cbd2cf5d0891ab1ef3f8c411e1b","name":"Sabine Wolf","image":{"@type":"ImageObject","inLanguage":"de","@id":"https:\/\/www.integrationwien.at\/blog\/#\/schema\/person\/image\/","url":"https:\/\/secure.gravatar.com\/avatar\/bd61ef8204be3763c07e7bb17574a0a6514f1ce003afb24b6e162b483c9e4b32?s=96&d=retro&r=g","contentUrl":"https:\/\/secure.gravatar.com\/avatar\/bd61ef8204be3763c07e7bb17574a0a6514f1ce003afb24b6e162b483c9e4b32?s=96&d=retro&r=g","caption":"Sabine Wolf"},"url":"https:\/\/www.integrationwien.at\/blog\/?author=5"}]}},"_links":{"self":[{"href":"https:\/\/www.integrationwien.at\/blog\/index.php?rest_route=\/wp\/v2\/posts\/4053","targetHints":{"allow":["GET"]}}],"collection":[{"href":"https:\/\/www.integrationwien.at\/blog\/index.php?rest_route=\/wp\/v2\/posts"}],"about":[{"href":"https:\/\/www.integrationwien.at\/blog\/index.php?rest_route=\/wp\/v2\/types\/post"}],"author":[{"embeddable":true,"href":"https:\/\/www.integrationwien.at\/blog\/index.php?rest_route=\/wp\/v2\/users\/5"}],"replies":[{"embeddable":true,"href":"https:\/\/www.integrationwien.at\/blog\/index.php?rest_route=%2Fwp%2Fv2%2Fcomments&post=4053"}],"version-history":[{"count":3,"href":"https:\/\/www.integrationwien.at\/blog\/index.php?rest_route=\/wp\/v2\/posts\/4053\/revisions"}],"predecessor-version":[{"id":4059,"href":"https:\/\/www.integrationwien.at\/blog\/index.php?rest_route=\/wp\/v2\/posts\/4053\/revisions\/4059"}],"wp:attachment":[{"href":"https:\/\/www.integrationwien.at\/blog\/index.php?rest_route=%2Fwp%2Fv2%2Fmedia&parent=4053"}],"wp:term":[{"taxonomy":"category","embeddable":true,"href":"https:\/\/www.integrationwien.at\/blog\/index.php?rest_route=%2Fwp%2Fv2%2Fcategories&post=4053"},{"taxonomy":"post_tag","embeddable":true,"href":"https:\/\/www.integrationwien.at\/blog\/index.php?rest_route=%2Fwp%2Fv2%2Ftags&post=4053"}],"curies":[{"name":"wp","href":"https:\/\/api.w.org\/{rel}","templated":true}]}}