{"id":4042,"date":"2021-03-15T11:14:41","date_gmt":"2021-03-15T09:14:41","guid":{"rendered":"https:\/\/www.integrationwien.at\/blog\/?p=4042"},"modified":"2021-03-15T14:40:49","modified_gmt":"2021-03-15T12:40:49","slug":"der-junge-mann-und-das-schilf","status":"publish","type":"post","link":"https:\/\/www.integrationwien.at\/blog\/?p=4042","title":{"rendered":"Der junge Mann und das Schilf"},"content":{"rendered":"\n<p>Auf unbefestigtem Wege steht ein junger Mann, sein Name k\u00f6nnte Moritz sein. Der Weg gleicht dem vergangenen Jahr \u2013 steinig, roh, nicht immer findet man festen Tritt.<br>Der junge Mann tr\u00e4gt dunkle Jacke und Stiefel, auf seiner Hose spiegelt sich der Himmel.<\/p>\n\n\n\n<p>Hinter unserem jungen Mann er\u00f6ffnet sich das Meer, doch da unser Mann ein junger, kein alter ist, ist es ein Meer aus Schilf, nicht aus Wasser. Aus dem Schilf ragen die Bauten unserer Kultur hervor, erwachsen sie daraus? Oder gehen sie darin unter? Doch was schert das unseren jungen Mann, solchen Fragen hat er l\u00e4ngst seinen R\u00fccken zugekehrt.<\/p>\n\n\n\n<figure class=\"wp-block-image size-large\"><img loading=\"lazy\" decoding=\"async\" width=\"1024\" height=\"768\" src=\"https:\/\/www.integrationwien.at\/blog\/wp-content\/uploads\/2021\/03\/2103_FotoMoritz-1024x768.jpeg\" alt=\"\" class=\"wp-image-4041\" srcset=\"https:\/\/www.integrationwien.at\/blog\/wp-content\/uploads\/2021\/03\/2103_FotoMoritz-1024x768.jpeg 1024w, https:\/\/www.integrationwien.at\/blog\/wp-content\/uploads\/2021\/03\/2103_FotoMoritz-300x225.jpeg 300w, https:\/\/www.integrationwien.at\/blog\/wp-content\/uploads\/2021\/03\/2103_FotoMoritz-768x576.jpeg 768w, https:\/\/www.integrationwien.at\/blog\/wp-content\/uploads\/2021\/03\/2103_FotoMoritz-1536x1152.jpeg 1536w, https:\/\/www.integrationwien.at\/blog\/wp-content\/uploads\/2021\/03\/2103_FotoMoritz-2048x1536.jpeg 2048w, https:\/\/www.integrationwien.at\/blog\/wp-content\/uploads\/2021\/03\/2103_FotoMoritz-624x468.jpeg 624w\" sizes=\"auto, (max-width: 1024px) 100vw, 1024px\" \/><\/figure>\n\n\n\n<p>Er scheint sich entschlossen zu haben, seinen Blick, selbst strahlend, zur Sonne zu richten, auch wenn es blendet und die Schatten dorthin fallen zu lassen, wo er sie nicht sehen kann.<\/p>\n\n\n\n<p>Wohin wird der junge Mann wohl weitergehen? Im Grunde wei\u00df das nur er selbst, auch wenn manch einer die Vermutung \u00e4u\u00dfert, dass er zu seinem Freizeitassistenten gehen wird und ihn fragen wird: \u201cFreizeitassistent, was schreibst denn du f\u00fcr seltsame Blogbeitr\u00e4ge? Kannst du nicht einfach schreiben \u2018Und dann\u2026 und dann\u2026 \u2018und dann\u2026\u2018?\u201c<br>Und der Freizeitassistenz wird antworten: \u201cBeim n\u00e4chsten Mal wieder!\u201c.<\/p>\n\n\n\n<p>Ein Beitrag von Julian Reitetschl\u00e4ger, Freizeitassistent bei integration wien<\/p>\n","protected":false},"excerpt":{"rendered":"<p>Auf unbefestigtem Wege steht ein junger Mann, sein Name k\u00f6nnte Moritz sein. Der Weg gleicht dem vergangenen Jahr \u2013 steinig, roh, nicht immer findet man festen Tritt.Der junge Mann tr\u00e4gt dunkle Jacke und Stiefel, auf seiner Hose spiegelt sich der Himmel. Hinter unserem jungen Mann er\u00f6ffnet sich das Meer, doch da unser Mann ein junger, [&hellip;]<\/p>\n","protected":false},"author":5,"featured_media":0,"comment_status":"closed","ping_status":"open","sticky":false,"template":"","format":"standard","meta":{"footnotes":""},"categories":[1],"tags":[],"class_list":["post-4042","post","type-post","status-publish","format-standard","hentry","category-allgemein"],"yoast_head":"<!-- This site is optimized with the Yoast SEO plugin v25.8 - https:\/\/yoast.com\/wordpress\/plugins\/seo\/ -->\n<title>Der junge Mann und das Schilf - Integration Wien<\/title>\n<meta name=\"robots\" content=\"index, follow, max-snippet:-1, max-image-preview:large, max-video-preview:-1\" \/>\n<link rel=\"canonical\" href=\"https:\/\/www.integrationwien.at\/blog\/?p=4042\" \/>\n<meta property=\"og:locale\" content=\"de_DE\" \/>\n<meta property=\"og:type\" content=\"article\" \/>\n<meta property=\"og:title\" content=\"Der junge Mann und das Schilf - Integration Wien\" \/>\n<meta property=\"og:description\" content=\"Auf unbefestigtem Wege steht ein junger Mann, sein Name k\u00f6nnte Moritz sein. Der Weg gleicht dem vergangenen Jahr \u2013 steinig, roh, nicht immer findet man festen Tritt.Der junge Mann tr\u00e4gt dunkle Jacke und Stiefel, auf seiner Hose spiegelt sich der Himmel. Hinter unserem jungen Mann er\u00f6ffnet sich das Meer, doch da unser Mann ein junger, [&hellip;]\" \/>\n<meta property=\"og:url\" content=\"https:\/\/www.integrationwien.at\/blog\/?p=4042\" \/>\n<meta property=\"og:site_name\" content=\"Integration Wien\" \/>\n<meta property=\"article:published_time\" content=\"2021-03-15T09:14:41+00:00\" \/>\n<meta property=\"article:modified_time\" content=\"2021-03-15T12:40:49+00:00\" \/>\n<meta property=\"og:image\" content=\"https:\/\/www.integrationwien.at\/blog\/wp-content\/uploads\/2021\/03\/2103_FotoMoritz-scaled.jpeg\" \/>\n\t<meta property=\"og:image:width\" content=\"2560\" \/>\n\t<meta property=\"og:image:height\" content=\"1920\" \/>\n\t<meta property=\"og:image:type\" content=\"image\/jpeg\" \/>\n<meta name=\"author\" content=\"Sabine Wolf\" \/>\n<meta name=\"twitter:card\" content=\"summary_large_image\" \/>\n<meta name=\"twitter:label1\" content=\"Verfasst von\" \/>\n\t<meta name=\"twitter:data1\" content=\"Sabine Wolf\" \/>\n\t<meta name=\"twitter:label2\" content=\"Gesch\u00e4tzte Lesezeit\" \/>\n\t<meta name=\"twitter:data2\" content=\"2\u00a0Minuten\" \/>\n<script type=\"application\/ld+json\" class=\"yoast-schema-graph\">{\"@context\":\"https:\/\/schema.org\",\"@graph\":[{\"@type\":\"WebPage\",\"@id\":\"https:\/\/www.integrationwien.at\/blog\/?p=4042\",\"url\":\"https:\/\/www.integrationwien.at\/blog\/?p=4042\",\"name\":\"Der junge Mann und das Schilf - Integration Wien\",\"isPartOf\":{\"@id\":\"https:\/\/www.integrationwien.at\/blog\/#website\"},\"primaryImageOfPage\":{\"@id\":\"https:\/\/www.integrationwien.at\/blog\/?p=4042#primaryimage\"},\"image\":{\"@id\":\"https:\/\/www.integrationwien.at\/blog\/?p=4042#primaryimage\"},\"thumbnailUrl\":\"https:\/\/www.integrationwien.at\/blog\/wp-content\/uploads\/2021\/03\/2103_FotoMoritz-1024x768.jpeg\",\"datePublished\":\"2021-03-15T09:14:41+00:00\",\"dateModified\":\"2021-03-15T12:40:49+00:00\",\"author\":{\"@id\":\"https:\/\/www.integrationwien.at\/blog\/#\/schema\/person\/037f1cbd2cf5d0891ab1ef3f8c411e1b\"},\"breadcrumb\":{\"@id\":\"https:\/\/www.integrationwien.at\/blog\/?p=4042#breadcrumb\"},\"inLanguage\":\"de\",\"potentialAction\":[{\"@type\":\"ReadAction\",\"target\":[\"https:\/\/www.integrationwien.at\/blog\/?p=4042\"]}]},{\"@type\":\"ImageObject\",\"inLanguage\":\"de\",\"@id\":\"https:\/\/www.integrationwien.at\/blog\/?p=4042#primaryimage\",\"url\":\"https:\/\/www.integrationwien.at\/blog\/wp-content\/uploads\/2021\/03\/2103_FotoMoritz-scaled.jpeg\",\"contentUrl\":\"https:\/\/www.integrationwien.at\/blog\/wp-content\/uploads\/2021\/03\/2103_FotoMoritz-scaled.jpeg\",\"width\":2560,\"height\":1920},{\"@type\":\"BreadcrumbList\",\"@id\":\"https:\/\/www.integrationwien.at\/blog\/?p=4042#breadcrumb\",\"itemListElement\":[{\"@type\":\"ListItem\",\"position\":1,\"name\":\"Startseite\",\"item\":\"https:\/\/www.integrationwien.at\/blog\"},{\"@type\":\"ListItem\",\"position\":2,\"name\":\"Der junge Mann und das Schilf\"}]},{\"@type\":\"WebSite\",\"@id\":\"https:\/\/www.integrationwien.at\/blog\/#website\",\"url\":\"https:\/\/www.integrationwien.at\/blog\/\",\"name\":\"Integration Wien\",\"description\":\"\",\"potentialAction\":[{\"@type\":\"SearchAction\",\"target\":{\"@type\":\"EntryPoint\",\"urlTemplate\":\"https:\/\/www.integrationwien.at\/blog\/?s={search_term_string}\"},\"query-input\":{\"@type\":\"PropertyValueSpecification\",\"valueRequired\":true,\"valueName\":\"search_term_string\"}}],\"inLanguage\":\"de\"},{\"@type\":\"Person\",\"@id\":\"https:\/\/www.integrationwien.at\/blog\/#\/schema\/person\/037f1cbd2cf5d0891ab1ef3f8c411e1b\",\"name\":\"Sabine Wolf\",\"image\":{\"@type\":\"ImageObject\",\"inLanguage\":\"de\",\"@id\":\"https:\/\/www.integrationwien.at\/blog\/#\/schema\/person\/image\/\",\"url\":\"https:\/\/secure.gravatar.com\/avatar\/bd61ef8204be3763c07e7bb17574a0a6514f1ce003afb24b6e162b483c9e4b32?s=96&d=retro&r=g\",\"contentUrl\":\"https:\/\/secure.gravatar.com\/avatar\/bd61ef8204be3763c07e7bb17574a0a6514f1ce003afb24b6e162b483c9e4b32?s=96&d=retro&r=g\",\"caption\":\"Sabine Wolf\"},\"url\":\"https:\/\/www.integrationwien.at\/blog\/?author=5\"}]}<\/script>\n<!-- \/ Yoast SEO plugin. -->","yoast_head_json":{"title":"Der junge Mann und das Schilf - Integration Wien","robots":{"index":"index","follow":"follow","max-snippet":"max-snippet:-1","max-image-preview":"max-image-preview:large","max-video-preview":"max-video-preview:-1"},"canonical":"https:\/\/www.integrationwien.at\/blog\/?p=4042","og_locale":"de_DE","og_type":"article","og_title":"Der junge Mann und das Schilf - Integration Wien","og_description":"Auf unbefestigtem Wege steht ein junger Mann, sein Name k\u00f6nnte Moritz sein. Der Weg gleicht dem vergangenen Jahr \u2013 steinig, roh, nicht immer findet man festen Tritt.Der junge Mann tr\u00e4gt dunkle Jacke und Stiefel, auf seiner Hose spiegelt sich der Himmel. Hinter unserem jungen Mann er\u00f6ffnet sich das Meer, doch da unser Mann ein junger, [&hellip;]","og_url":"https:\/\/www.integrationwien.at\/blog\/?p=4042","og_site_name":"Integration Wien","article_published_time":"2021-03-15T09:14:41+00:00","article_modified_time":"2021-03-15T12:40:49+00:00","og_image":[{"width":2560,"height":1920,"url":"https:\/\/www.integrationwien.at\/blog\/wp-content\/uploads\/2021\/03\/2103_FotoMoritz-scaled.jpeg","type":"image\/jpeg"}],"author":"Sabine Wolf","twitter_card":"summary_large_image","twitter_misc":{"Verfasst von":"Sabine Wolf","Gesch\u00e4tzte Lesezeit":"2\u00a0Minuten"},"schema":{"@context":"https:\/\/schema.org","@graph":[{"@type":"WebPage","@id":"https:\/\/www.integrationwien.at\/blog\/?p=4042","url":"https:\/\/www.integrationwien.at\/blog\/?p=4042","name":"Der junge Mann und das Schilf - Integration Wien","isPartOf":{"@id":"https:\/\/www.integrationwien.at\/blog\/#website"},"primaryImageOfPage":{"@id":"https:\/\/www.integrationwien.at\/blog\/?p=4042#primaryimage"},"image":{"@id":"https:\/\/www.integrationwien.at\/blog\/?p=4042#primaryimage"},"thumbnailUrl":"https:\/\/www.integrationwien.at\/blog\/wp-content\/uploads\/2021\/03\/2103_FotoMoritz-1024x768.jpeg","datePublished":"2021-03-15T09:14:41+00:00","dateModified":"2021-03-15T12:40:49+00:00","author":{"@id":"https:\/\/www.integrationwien.at\/blog\/#\/schema\/person\/037f1cbd2cf5d0891ab1ef3f8c411e1b"},"breadcrumb":{"@id":"https:\/\/www.integrationwien.at\/blog\/?p=4042#breadcrumb"},"inLanguage":"de","potentialAction":[{"@type":"ReadAction","target":["https:\/\/www.integrationwien.at\/blog\/?p=4042"]}]},{"@type":"ImageObject","inLanguage":"de","@id":"https:\/\/www.integrationwien.at\/blog\/?p=4042#primaryimage","url":"https:\/\/www.integrationwien.at\/blog\/wp-content\/uploads\/2021\/03\/2103_FotoMoritz-scaled.jpeg","contentUrl":"https:\/\/www.integrationwien.at\/blog\/wp-content\/uploads\/2021\/03\/2103_FotoMoritz-scaled.jpeg","width":2560,"height":1920},{"@type":"BreadcrumbList","@id":"https:\/\/www.integrationwien.at\/blog\/?p=4042#breadcrumb","itemListElement":[{"@type":"ListItem","position":1,"name":"Startseite","item":"https:\/\/www.integrationwien.at\/blog"},{"@type":"ListItem","position":2,"name":"Der junge Mann und das Schilf"}]},{"@type":"WebSite","@id":"https:\/\/www.integrationwien.at\/blog\/#website","url":"https:\/\/www.integrationwien.at\/blog\/","name":"Integration Wien","description":"","potentialAction":[{"@type":"SearchAction","target":{"@type":"EntryPoint","urlTemplate":"https:\/\/www.integrationwien.at\/blog\/?s={search_term_string}"},"query-input":{"@type":"PropertyValueSpecification","valueRequired":true,"valueName":"search_term_string"}}],"inLanguage":"de"},{"@type":"Person","@id":"https:\/\/www.integrationwien.at\/blog\/#\/schema\/person\/037f1cbd2cf5d0891ab1ef3f8c411e1b","name":"Sabine Wolf","image":{"@type":"ImageObject","inLanguage":"de","@id":"https:\/\/www.integrationwien.at\/blog\/#\/schema\/person\/image\/","url":"https:\/\/secure.gravatar.com\/avatar\/bd61ef8204be3763c07e7bb17574a0a6514f1ce003afb24b6e162b483c9e4b32?s=96&d=retro&r=g","contentUrl":"https:\/\/secure.gravatar.com\/avatar\/bd61ef8204be3763c07e7bb17574a0a6514f1ce003afb24b6e162b483c9e4b32?s=96&d=retro&r=g","caption":"Sabine Wolf"},"url":"https:\/\/www.integrationwien.at\/blog\/?author=5"}]}},"_links":{"self":[{"href":"https:\/\/www.integrationwien.at\/blog\/index.php?rest_route=\/wp\/v2\/posts\/4042","targetHints":{"allow":["GET"]}}],"collection":[{"href":"https:\/\/www.integrationwien.at\/blog\/index.php?rest_route=\/wp\/v2\/posts"}],"about":[{"href":"https:\/\/www.integrationwien.at\/blog\/index.php?rest_route=\/wp\/v2\/types\/post"}],"author":[{"embeddable":true,"href":"https:\/\/www.integrationwien.at\/blog\/index.php?rest_route=\/wp\/v2\/users\/5"}],"replies":[{"embeddable":true,"href":"https:\/\/www.integrationwien.at\/blog\/index.php?rest_route=%2Fwp%2Fv2%2Fcomments&post=4042"}],"version-history":[{"count":1,"href":"https:\/\/www.integrationwien.at\/blog\/index.php?rest_route=\/wp\/v2\/posts\/4042\/revisions"}],"predecessor-version":[{"id":4043,"href":"https:\/\/www.integrationwien.at\/blog\/index.php?rest_route=\/wp\/v2\/posts\/4042\/revisions\/4043"}],"wp:attachment":[{"href":"https:\/\/www.integrationwien.at\/blog\/index.php?rest_route=%2Fwp%2Fv2%2Fmedia&parent=4042"}],"wp:term":[{"taxonomy":"category","embeddable":true,"href":"https:\/\/www.integrationwien.at\/blog\/index.php?rest_route=%2Fwp%2Fv2%2Fcategories&post=4042"},{"taxonomy":"post_tag","embeddable":true,"href":"https:\/\/www.integrationwien.at\/blog\/index.php?rest_route=%2Fwp%2Fv2%2Ftags&post=4042"}],"curies":[{"name":"wp","href":"https:\/\/api.w.org\/{rel}","templated":true}]}}