{"id":4037,"date":"2021-03-02T11:35:25","date_gmt":"2021-03-02T09:35:25","guid":{"rendered":"https:\/\/www.integrationwien.at\/blog\/?p=4037"},"modified":"2021-03-02T11:37:37","modified_gmt":"2021-03-02T09:37:37","slug":"die-erde-ist-ein-kunstwerk-an-sich","status":"publish","type":"post","link":"https:\/\/www.integrationwien.at\/blog\/?p=4037","title":{"rendered":"\u201eDie Erde ist ein Kunstwerk an sich!\u201c"},"content":{"rendered":"\n<p>An einem kalten Februartag machten Joachim und ich uns auf ins <strong>Naturhistorische Museum<\/strong>, vor dessen Toren uns der Babyelefant begr\u00fc\u00dfte.<\/p>\n\n\n\n<figure class=\"wp-block-image size-large\"><img loading=\"lazy\" decoding=\"async\" width=\"1024\" height=\"768\" src=\"https:\/\/www.integrationwien.at\/blog\/wp-content\/uploads\/2021\/03\/2103_Tinhof_11-1024x768.jpg\" alt=\"\" class=\"wp-image-4032\" srcset=\"https:\/\/www.integrationwien.at\/blog\/wp-content\/uploads\/2021\/03\/2103_Tinhof_11-1024x768.jpg 1024w, https:\/\/www.integrationwien.at\/blog\/wp-content\/uploads\/2021\/03\/2103_Tinhof_11-300x225.jpg 300w, https:\/\/www.integrationwien.at\/blog\/wp-content\/uploads\/2021\/03\/2103_Tinhof_11-768x576.jpg 768w, https:\/\/www.integrationwien.at\/blog\/wp-content\/uploads\/2021\/03\/2103_Tinhof_11-1536x1152.jpg 1536w, https:\/\/www.integrationwien.at\/blog\/wp-content\/uploads\/2021\/03\/2103_Tinhof_11-624x468.jpg 624w, https:\/\/www.integrationwien.at\/blog\/wp-content\/uploads\/2021\/03\/2103_Tinhof_11.jpg 1600w\" sizes=\"auto, (max-width: 1024px) 100vw, 1024px\" \/><\/figure>\n\n\n\n<p>In diesem riesigen Geb\u00e4ude erwarteten uns viele sehenswerte Dinge, von Steinen und Wissen \u00fcber die Entstehung der Erde, altert\u00fcmlichen Funden fr\u00fcherer Kulturen bis zu Mammuts, anderen Tieren und fake-Dinosauriern.<\/p>\n\n\n\n<div class=\"wp-block-image\"><figure class=\"aligncenter size-large is-resized\"><img loading=\"lazy\" decoding=\"async\" src=\"https:\/\/www.integrationwien.at\/blog\/wp-content\/uploads\/2021\/03\/2103_Tinhof_01-768x1024.jpg\" alt=\"\" class=\"wp-image-4022\" width=\"368\" height=\"490\" srcset=\"https:\/\/www.integrationwien.at\/blog\/wp-content\/uploads\/2021\/03\/2103_Tinhof_01-768x1024.jpg 768w, https:\/\/www.integrationwien.at\/blog\/wp-content\/uploads\/2021\/03\/2103_Tinhof_01-225x300.jpg 225w, https:\/\/www.integrationwien.at\/blog\/wp-content\/uploads\/2021\/03\/2103_Tinhof_01-1152x1536.jpg 1152w, https:\/\/www.integrationwien.at\/blog\/wp-content\/uploads\/2021\/03\/2103_Tinhof_01-624x832.jpg 624w, https:\/\/www.integrationwien.at\/blog\/wp-content\/uploads\/2021\/03\/2103_Tinhof_01.jpg 1200w\" sizes=\"auto, (max-width: 368px) 100vw, 368px\" \/><\/figure><\/div>\n\n\n\n<div class=\"wp-block-image\"><figure class=\"aligncenter size-large is-resized\"><img loading=\"lazy\" decoding=\"async\" src=\"https:\/\/www.integrationwien.at\/blog\/wp-content\/uploads\/2021\/03\/2103_Tinhof_06-768x1024.jpg\" alt=\"\" class=\"wp-image-4027\" width=\"369\" height=\"491\" srcset=\"https:\/\/www.integrationwien.at\/blog\/wp-content\/uploads\/2021\/03\/2103_Tinhof_06-768x1024.jpg 768w, https:\/\/www.integrationwien.at\/blog\/wp-content\/uploads\/2021\/03\/2103_Tinhof_06-225x300.jpg 225w, https:\/\/www.integrationwien.at\/blog\/wp-content\/uploads\/2021\/03\/2103_Tinhof_06-1152x1536.jpg 1152w, https:\/\/www.integrationwien.at\/blog\/wp-content\/uploads\/2021\/03\/2103_Tinhof_06-624x832.jpg 624w, https:\/\/www.integrationwien.at\/blog\/wp-content\/uploads\/2021\/03\/2103_Tinhof_06.jpg 1200w\" sizes=\"auto, (max-width: 369px) 100vw, 369px\" \/><\/figure><\/div>\n\n\n\n<p><\/p>\n\n\n\n<p>Wir bewunderten die tausenden verschiedenen Gesteinsarten, die auf unserem Planeten vorkommen. Joachim entdeckte hier staunend seine Leidenschaft f\u00fcr Geologie und stellte fest:<strong> \u201eDie Erde ist ein Kunstwerk an sich!\u201c<\/strong>. Ja, da hat er Recht!<\/p>\n\n\n\n<div class=\"wp-block-image\"><figure class=\"aligncenter size-large is-resized\"><img loading=\"lazy\" decoding=\"async\" src=\"https:\/\/www.integrationwien.at\/blog\/wp-content\/uploads\/2021\/03\/2103_Tinhof_14-768x1024.jpg\" alt=\"\" class=\"wp-image-4036\" width=\"371\" height=\"495\" srcset=\"https:\/\/www.integrationwien.at\/blog\/wp-content\/uploads\/2021\/03\/2103_Tinhof_14-768x1024.jpg 768w, https:\/\/www.integrationwien.at\/blog\/wp-content\/uploads\/2021\/03\/2103_Tinhof_14-225x300.jpg 225w, https:\/\/www.integrationwien.at\/blog\/wp-content\/uploads\/2021\/03\/2103_Tinhof_14-1152x1536.jpg 1152w, https:\/\/www.integrationwien.at\/blog\/wp-content\/uploads\/2021\/03\/2103_Tinhof_14-624x832.jpg 624w, https:\/\/www.integrationwien.at\/blog\/wp-content\/uploads\/2021\/03\/2103_Tinhof_14.jpg 1200w\" sizes=\"auto, (max-width: 371px) 100vw, 371px\" \/><\/figure><\/div>\n\n\n\n<p><\/p>\n\n\n\n<p>Es gibt Steine, die in allen Farben schimmern. Und noch erstaunlicher: Es gibt Steine, die man biegen kann! Wir konnten die Steinplatten tats\u00e4chlich mit unseren eigenen H\u00e4nden verbiegen. Das war das absolute Highlight unseres Besuchs im Naturhistorischen Museum.<\/p>\n\n\n\n<figure class=\"wp-block-image size-large\"><img loading=\"lazy\" decoding=\"async\" width=\"1024\" height=\"768\" src=\"https:\/\/www.integrationwien.at\/blog\/wp-content\/uploads\/2021\/03\/2103_Tinhof_10-1024x768.jpg\" alt=\"\" class=\"wp-image-4031\" srcset=\"https:\/\/www.integrationwien.at\/blog\/wp-content\/uploads\/2021\/03\/2103_Tinhof_10-1024x768.jpg 1024w, https:\/\/www.integrationwien.at\/blog\/wp-content\/uploads\/2021\/03\/2103_Tinhof_10-300x225.jpg 300w, https:\/\/www.integrationwien.at\/blog\/wp-content\/uploads\/2021\/03\/2103_Tinhof_10-768x576.jpg 768w, https:\/\/www.integrationwien.at\/blog\/wp-content\/uploads\/2021\/03\/2103_Tinhof_10-1536x1152.jpg 1536w, https:\/\/www.integrationwien.at\/blog\/wp-content\/uploads\/2021\/03\/2103_Tinhof_10-624x468.jpg 624w, https:\/\/www.integrationwien.at\/blog\/wp-content\/uploads\/2021\/03\/2103_Tinhof_10.jpg 1600w\" sizes=\"auto, (max-width: 1024px) 100vw, 1024px\" \/><\/figure>\n\n\n\n<figure class=\"wp-block-image size-large\"><img loading=\"lazy\" decoding=\"async\" width=\"1024\" height=\"768\" src=\"https:\/\/www.integrationwien.at\/blog\/wp-content\/uploads\/2021\/03\/2103_Tinhof_13-1024x768.jpg\" alt=\"\" class=\"wp-image-4035\" srcset=\"https:\/\/www.integrationwien.at\/blog\/wp-content\/uploads\/2021\/03\/2103_Tinhof_13-1024x768.jpg 1024w, https:\/\/www.integrationwien.at\/blog\/wp-content\/uploads\/2021\/03\/2103_Tinhof_13-300x225.jpg 300w, https:\/\/www.integrationwien.at\/blog\/wp-content\/uploads\/2021\/03\/2103_Tinhof_13-768x576.jpg 768w, https:\/\/www.integrationwien.at\/blog\/wp-content\/uploads\/2021\/03\/2103_Tinhof_13-1536x1152.jpg 1536w, https:\/\/www.integrationwien.at\/blog\/wp-content\/uploads\/2021\/03\/2103_Tinhof_13-624x468.jpg 624w, https:\/\/www.integrationwien.at\/blog\/wp-content\/uploads\/2021\/03\/2103_Tinhof_13.jpg 1600w\" sizes=\"auto, (max-width: 1024px) 100vw, 1024px\" \/><\/figure>\n\n\n\n<p>Mit neuem Wissen verlie\u00dfen wir das Museum. Joachim will wieder hierherkommen und mehr \u00fcber die Erde, unseren tollen Planeten, lernen.<\/p>\n\n\n\n<div class=\"wp-block-image\"><figure class=\"aligncenter size-large is-resized\"><img loading=\"lazy\" decoding=\"async\" src=\"https:\/\/www.integrationwien.at\/blog\/wp-content\/uploads\/2021\/03\/2103_Tinhof_08-768x1024.jpg\" alt=\"\" class=\"wp-image-4029\" width=\"389\" height=\"519\" srcset=\"https:\/\/www.integrationwien.at\/blog\/wp-content\/uploads\/2021\/03\/2103_Tinhof_08-768x1024.jpg 768w, https:\/\/www.integrationwien.at\/blog\/wp-content\/uploads\/2021\/03\/2103_Tinhof_08-225x300.jpg 225w, https:\/\/www.integrationwien.at\/blog\/wp-content\/uploads\/2021\/03\/2103_Tinhof_08-1152x1536.jpg 1152w, https:\/\/www.integrationwien.at\/blog\/wp-content\/uploads\/2021\/03\/2103_Tinhof_08-624x832.jpg 624w, https:\/\/www.integrationwien.at\/blog\/wp-content\/uploads\/2021\/03\/2103_Tinhof_08.jpg 1200w\" sizes=\"auto, (max-width: 389px) 100vw, 389px\" \/><\/figure><\/div>\n\n\n\n<p><\/p>\n\n\n\n<p>Ein Bericht von Valerie Tinhof, Freizeitassistentin bei integration wien<\/p>\n","protected":false},"excerpt":{"rendered":"<p>An einem kalten Februartag machten Joachim und ich uns auf ins Naturhistorische Museum, vor dessen Toren uns der Babyelefant begr\u00fc\u00dfte. In diesem riesigen Geb\u00e4ude erwarteten uns viele sehenswerte Dinge, von Steinen und Wissen \u00fcber die Entstehung der Erde, altert\u00fcmlichen Funden fr\u00fcherer Kulturen bis zu Mammuts, anderen Tieren und fake-Dinosauriern. Wir bewunderten die tausenden verschiedenen Gesteinsarten, [&hellip;]<\/p>\n","protected":false},"author":5,"featured_media":0,"comment_status":"closed","ping_status":"open","sticky":false,"template":"","format":"standard","meta":{"footnotes":""},"categories":[1],"tags":[],"class_list":["post-4037","post","type-post","status-publish","format-standard","hentry","category-allgemein"],"yoast_head":"<!-- This site is optimized with the Yoast SEO plugin v25.8 - https:\/\/yoast.com\/wordpress\/plugins\/seo\/ -->\n<title>\u201eDie Erde ist ein Kunstwerk an sich!\u201c - Integration Wien<\/title>\n<meta name=\"robots\" content=\"index, follow, max-snippet:-1, max-image-preview:large, max-video-preview:-1\" \/>\n<link rel=\"canonical\" href=\"https:\/\/www.integrationwien.at\/blog\/?p=4037\" \/>\n<meta property=\"og:locale\" content=\"de_DE\" \/>\n<meta property=\"og:type\" content=\"article\" \/>\n<meta property=\"og:title\" content=\"\u201eDie Erde ist ein Kunstwerk an sich!\u201c - Integration Wien\" \/>\n<meta property=\"og:description\" content=\"An einem kalten Februartag machten Joachim und ich uns auf ins Naturhistorische Museum, vor dessen Toren uns der Babyelefant begr\u00fc\u00dfte. In diesem riesigen Geb\u00e4ude erwarteten uns viele sehenswerte Dinge, von Steinen und Wissen \u00fcber die Entstehung der Erde, altert\u00fcmlichen Funden fr\u00fcherer Kulturen bis zu Mammuts, anderen Tieren und fake-Dinosauriern. Wir bewunderten die tausenden verschiedenen Gesteinsarten, [&hellip;]\" \/>\n<meta property=\"og:url\" content=\"https:\/\/www.integrationwien.at\/blog\/?p=4037\" \/>\n<meta property=\"og:site_name\" content=\"Integration Wien\" \/>\n<meta property=\"article:published_time\" content=\"2021-03-02T09:35:25+00:00\" \/>\n<meta property=\"article:modified_time\" content=\"2021-03-02T09:37:37+00:00\" \/>\n<meta property=\"og:image\" content=\"https:\/\/www.integrationwien.at\/blog\/wp-content\/uploads\/2021\/03\/2103_Tinhof_11.jpg\" \/>\n\t<meta property=\"og:image:width\" content=\"1600\" \/>\n\t<meta property=\"og:image:height\" content=\"1200\" \/>\n\t<meta property=\"og:image:type\" content=\"image\/jpeg\" \/>\n<meta name=\"author\" content=\"Sabine Wolf\" \/>\n<meta name=\"twitter:card\" content=\"summary_large_image\" \/>\n<meta name=\"twitter:label1\" content=\"Verfasst von\" \/>\n\t<meta name=\"twitter:data1\" content=\"Sabine Wolf\" \/>\n\t<meta name=\"twitter:label2\" content=\"Gesch\u00e4tzte Lesezeit\" \/>\n\t<meta name=\"twitter:data2\" content=\"3\u00a0Minuten\" \/>\n<script type=\"application\/ld+json\" class=\"yoast-schema-graph\">{\"@context\":\"https:\/\/schema.org\",\"@graph\":[{\"@type\":\"WebPage\",\"@id\":\"https:\/\/www.integrationwien.at\/blog\/?p=4037\",\"url\":\"https:\/\/www.integrationwien.at\/blog\/?p=4037\",\"name\":\"\u201eDie Erde ist ein Kunstwerk an sich!\u201c - Integration Wien\",\"isPartOf\":{\"@id\":\"https:\/\/www.integrationwien.at\/blog\/#website\"},\"primaryImageOfPage\":{\"@id\":\"https:\/\/www.integrationwien.at\/blog\/?p=4037#primaryimage\"},\"image\":{\"@id\":\"https:\/\/www.integrationwien.at\/blog\/?p=4037#primaryimage\"},\"thumbnailUrl\":\"https:\/\/www.integrationwien.at\/blog\/wp-content\/uploads\/2021\/03\/2103_Tinhof_11-1024x768.jpg\",\"datePublished\":\"2021-03-02T09:35:25+00:00\",\"dateModified\":\"2021-03-02T09:37:37+00:00\",\"author\":{\"@id\":\"https:\/\/www.integrationwien.at\/blog\/#\/schema\/person\/037f1cbd2cf5d0891ab1ef3f8c411e1b\"},\"breadcrumb\":{\"@id\":\"https:\/\/www.integrationwien.at\/blog\/?p=4037#breadcrumb\"},\"inLanguage\":\"de\",\"potentialAction\":[{\"@type\":\"ReadAction\",\"target\":[\"https:\/\/www.integrationwien.at\/blog\/?p=4037\"]}]},{\"@type\":\"ImageObject\",\"inLanguage\":\"de\",\"@id\":\"https:\/\/www.integrationwien.at\/blog\/?p=4037#primaryimage\",\"url\":\"https:\/\/www.integrationwien.at\/blog\/wp-content\/uploads\/2021\/03\/2103_Tinhof_11.jpg\",\"contentUrl\":\"https:\/\/www.integrationwien.at\/blog\/wp-content\/uploads\/2021\/03\/2103_Tinhof_11.jpg\",\"width\":1600,\"height\":1200},{\"@type\":\"BreadcrumbList\",\"@id\":\"https:\/\/www.integrationwien.at\/blog\/?p=4037#breadcrumb\",\"itemListElement\":[{\"@type\":\"ListItem\",\"position\":1,\"name\":\"Startseite\",\"item\":\"https:\/\/www.integrationwien.at\/blog\"},{\"@type\":\"ListItem\",\"position\":2,\"name\":\"\u201eDie Erde ist ein Kunstwerk an sich!\u201c\"}]},{\"@type\":\"WebSite\",\"@id\":\"https:\/\/www.integrationwien.at\/blog\/#website\",\"url\":\"https:\/\/www.integrationwien.at\/blog\/\",\"name\":\"Integration Wien\",\"description\":\"\",\"potentialAction\":[{\"@type\":\"SearchAction\",\"target\":{\"@type\":\"EntryPoint\",\"urlTemplate\":\"https:\/\/www.integrationwien.at\/blog\/?s={search_term_string}\"},\"query-input\":{\"@type\":\"PropertyValueSpecification\",\"valueRequired\":true,\"valueName\":\"search_term_string\"}}],\"inLanguage\":\"de\"},{\"@type\":\"Person\",\"@id\":\"https:\/\/www.integrationwien.at\/blog\/#\/schema\/person\/037f1cbd2cf5d0891ab1ef3f8c411e1b\",\"name\":\"Sabine Wolf\",\"image\":{\"@type\":\"ImageObject\",\"inLanguage\":\"de\",\"@id\":\"https:\/\/www.integrationwien.at\/blog\/#\/schema\/person\/image\/\",\"url\":\"https:\/\/secure.gravatar.com\/avatar\/bd61ef8204be3763c07e7bb17574a0a6514f1ce003afb24b6e162b483c9e4b32?s=96&d=retro&r=g\",\"contentUrl\":\"https:\/\/secure.gravatar.com\/avatar\/bd61ef8204be3763c07e7bb17574a0a6514f1ce003afb24b6e162b483c9e4b32?s=96&d=retro&r=g\",\"caption\":\"Sabine Wolf\"},\"url\":\"https:\/\/www.integrationwien.at\/blog\/?author=5\"}]}<\/script>\n<!-- \/ Yoast SEO plugin. -->","yoast_head_json":{"title":"\u201eDie Erde ist ein Kunstwerk an sich!\u201c - Integration Wien","robots":{"index":"index","follow":"follow","max-snippet":"max-snippet:-1","max-image-preview":"max-image-preview:large","max-video-preview":"max-video-preview:-1"},"canonical":"https:\/\/www.integrationwien.at\/blog\/?p=4037","og_locale":"de_DE","og_type":"article","og_title":"\u201eDie Erde ist ein Kunstwerk an sich!\u201c - Integration Wien","og_description":"An einem kalten Februartag machten Joachim und ich uns auf ins Naturhistorische Museum, vor dessen Toren uns der Babyelefant begr\u00fc\u00dfte. In diesem riesigen Geb\u00e4ude erwarteten uns viele sehenswerte Dinge, von Steinen und Wissen \u00fcber die Entstehung der Erde, altert\u00fcmlichen Funden fr\u00fcherer Kulturen bis zu Mammuts, anderen Tieren und fake-Dinosauriern. Wir bewunderten die tausenden verschiedenen Gesteinsarten, [&hellip;]","og_url":"https:\/\/www.integrationwien.at\/blog\/?p=4037","og_site_name":"Integration Wien","article_published_time":"2021-03-02T09:35:25+00:00","article_modified_time":"2021-03-02T09:37:37+00:00","og_image":[{"width":1600,"height":1200,"url":"https:\/\/www.integrationwien.at\/blog\/wp-content\/uploads\/2021\/03\/2103_Tinhof_11.jpg","type":"image\/jpeg"}],"author":"Sabine Wolf","twitter_card":"summary_large_image","twitter_misc":{"Verfasst von":"Sabine Wolf","Gesch\u00e4tzte Lesezeit":"3\u00a0Minuten"},"schema":{"@context":"https:\/\/schema.org","@graph":[{"@type":"WebPage","@id":"https:\/\/www.integrationwien.at\/blog\/?p=4037","url":"https:\/\/www.integrationwien.at\/blog\/?p=4037","name":"\u201eDie Erde ist ein Kunstwerk an sich!\u201c - Integration Wien","isPartOf":{"@id":"https:\/\/www.integrationwien.at\/blog\/#website"},"primaryImageOfPage":{"@id":"https:\/\/www.integrationwien.at\/blog\/?p=4037#primaryimage"},"image":{"@id":"https:\/\/www.integrationwien.at\/blog\/?p=4037#primaryimage"},"thumbnailUrl":"https:\/\/www.integrationwien.at\/blog\/wp-content\/uploads\/2021\/03\/2103_Tinhof_11-1024x768.jpg","datePublished":"2021-03-02T09:35:25+00:00","dateModified":"2021-03-02T09:37:37+00:00","author":{"@id":"https:\/\/www.integrationwien.at\/blog\/#\/schema\/person\/037f1cbd2cf5d0891ab1ef3f8c411e1b"},"breadcrumb":{"@id":"https:\/\/www.integrationwien.at\/blog\/?p=4037#breadcrumb"},"inLanguage":"de","potentialAction":[{"@type":"ReadAction","target":["https:\/\/www.integrationwien.at\/blog\/?p=4037"]}]},{"@type":"ImageObject","inLanguage":"de","@id":"https:\/\/www.integrationwien.at\/blog\/?p=4037#primaryimage","url":"https:\/\/www.integrationwien.at\/blog\/wp-content\/uploads\/2021\/03\/2103_Tinhof_11.jpg","contentUrl":"https:\/\/www.integrationwien.at\/blog\/wp-content\/uploads\/2021\/03\/2103_Tinhof_11.jpg","width":1600,"height":1200},{"@type":"BreadcrumbList","@id":"https:\/\/www.integrationwien.at\/blog\/?p=4037#breadcrumb","itemListElement":[{"@type":"ListItem","position":1,"name":"Startseite","item":"https:\/\/www.integrationwien.at\/blog"},{"@type":"ListItem","position":2,"name":"\u201eDie Erde ist ein Kunstwerk an sich!\u201c"}]},{"@type":"WebSite","@id":"https:\/\/www.integrationwien.at\/blog\/#website","url":"https:\/\/www.integrationwien.at\/blog\/","name":"Integration Wien","description":"","potentialAction":[{"@type":"SearchAction","target":{"@type":"EntryPoint","urlTemplate":"https:\/\/www.integrationwien.at\/blog\/?s={search_term_string}"},"query-input":{"@type":"PropertyValueSpecification","valueRequired":true,"valueName":"search_term_string"}}],"inLanguage":"de"},{"@type":"Person","@id":"https:\/\/www.integrationwien.at\/blog\/#\/schema\/person\/037f1cbd2cf5d0891ab1ef3f8c411e1b","name":"Sabine Wolf","image":{"@type":"ImageObject","inLanguage":"de","@id":"https:\/\/www.integrationwien.at\/blog\/#\/schema\/person\/image\/","url":"https:\/\/secure.gravatar.com\/avatar\/bd61ef8204be3763c07e7bb17574a0a6514f1ce003afb24b6e162b483c9e4b32?s=96&d=retro&r=g","contentUrl":"https:\/\/secure.gravatar.com\/avatar\/bd61ef8204be3763c07e7bb17574a0a6514f1ce003afb24b6e162b483c9e4b32?s=96&d=retro&r=g","caption":"Sabine Wolf"},"url":"https:\/\/www.integrationwien.at\/blog\/?author=5"}]}},"_links":{"self":[{"href":"https:\/\/www.integrationwien.at\/blog\/index.php?rest_route=\/wp\/v2\/posts\/4037","targetHints":{"allow":["GET"]}}],"collection":[{"href":"https:\/\/www.integrationwien.at\/blog\/index.php?rest_route=\/wp\/v2\/posts"}],"about":[{"href":"https:\/\/www.integrationwien.at\/blog\/index.php?rest_route=\/wp\/v2\/types\/post"}],"author":[{"embeddable":true,"href":"https:\/\/www.integrationwien.at\/blog\/index.php?rest_route=\/wp\/v2\/users\/5"}],"replies":[{"embeddable":true,"href":"https:\/\/www.integrationwien.at\/blog\/index.php?rest_route=%2Fwp%2Fv2%2Fcomments&post=4037"}],"version-history":[{"count":2,"href":"https:\/\/www.integrationwien.at\/blog\/index.php?rest_route=\/wp\/v2\/posts\/4037\/revisions"}],"predecessor-version":[{"id":4039,"href":"https:\/\/www.integrationwien.at\/blog\/index.php?rest_route=\/wp\/v2\/posts\/4037\/revisions\/4039"}],"wp:attachment":[{"href":"https:\/\/www.integrationwien.at\/blog\/index.php?rest_route=%2Fwp%2Fv2%2Fmedia&parent=4037"}],"wp:term":[{"taxonomy":"category","embeddable":true,"href":"https:\/\/www.integrationwien.at\/blog\/index.php?rest_route=%2Fwp%2Fv2%2Fcategories&post=4037"},{"taxonomy":"post_tag","embeddable":true,"href":"https:\/\/www.integrationwien.at\/blog\/index.php?rest_route=%2Fwp%2Fv2%2Ftags&post=4037"}],"curies":[{"name":"wp","href":"https:\/\/api.w.org\/{rel}","templated":true}]}}