{"id":396,"date":"2015-03-04T02:27:16","date_gmt":"2015-03-04T00:27:16","guid":{"rendered":"http:\/\/www.integrationwien.at\/blog\/?p=396"},"modified":"2015-03-04T02:33:45","modified_gmt":"2015-03-04T00:33:45","slug":"mein-neuer-freizeitassistent-antti-der-finne","status":"publish","type":"post","link":"https:\/\/www.integrationwien.at\/blog\/?p=396","title":{"rendered":"Mein neuer Freizeitassistent Antti, der Finne"},"content":{"rendered":"<p>Ich habe seit mehreren Monaten Simone als Assistentin und wir haben auch sehr viele gemeinsame Momente in Erinnerung, die sehr interessant waren. Doch schon seit langem hatte mich meine Mutter darauf aufmerksam gemacht, dass ein sportlicher Assistent noch zus\u00e4tzlich gut w\u00e4re. So ging ich zu Verena und bat sie um Auswahl. Nat\u00fcrlich k\u00f6nnte es auch eine Frau sein, doch bin ich vielleicht schon mit dem \u201eFrauenmarkt\u201c ges\u00e4ttigt. Wenn man nicht nur alle Assistentinnen, sondern auch die Vertretungen zusammenz\u00e4hlt, so hatte ich mittlerweile 5 Frauen hintereinander. So w\u00e4re es vielleicht auch besser gewesen, einen Weg zu finden, wieder zu M\u00e4nnern Vertrauen zu fassen. Aus meiner Familie kenne ich eher nur den Typus M\u00e4nner, die eher ihr Revier verteidigen wollen. Wie, ja wie, kann ich da noch Vertrauen sch\u00f6pfen?<\/p>\n<p>Antwort: Durch einen Finnen namens Antti, der mithilfe von Erasmus nach \u00d6sterreich kam. Verena erz\u00e4hlte mir nur von seiner finnischen Herkunft und &#8211; PLOPP &#8211; war es um mich geschehen. Ich war immer schon ein Freund\u00a0 von Finnland gewesen (wohl auch wegen der Seenplatten), v. a. jedoch wegen der Finno-ugrischen Sprachfamilie, welche unglaubliche Besonderheiten hat (diese aufzuz\u00e4hlen w\u00e4re jedoch m\u00fc\u00dfig). So willigte ich ein, mich mit Verena am n\u00e4chsten Mittwoch zu treffen. Ich erwartete einen blau\u00e4ugigen (nicht naiven, sondern blau\u00e4ugigen) und blonden Finnen, der viel Ruhe und Schweigsamkeit ausstrahlt. Fazit: Nicht blond und blau\u00e4ugig, sondern leichte Dreadlocks und eine \u00f6kologisch wieder verwertbare Jacke, die wie ein selbstgewobener Teppich aussah (aber sch\u00f6n!). Da erz\u00e4hlte er mir so einiges von seinem Leben: Es hatte ihm nicht nur in Wien gefallen, sondern er war w\u00e4hrend seiner \u00d6sterreich-Trips mit einigen Leuten bekannt geworden, so auch mit seiner heutigen Freundin. Dadurch entschloss er sich, zu bleiben. Nur mit einem Haken: Theoretisch ist er immer noch an der Universit\u00e4t von Helsinki inskribiert. Und er m\u00f6chte sich deswegen n\u00e4chstes Jahr ein Sabbatical nehmen. Jedoch: Sein Studium muss er abschlie\u00dfen. Vielleicht nicht heute, vielleicht nicht morgen. Aber irgendwann. Und da es seine Form von Studium der Sonderp\u00e4dagogik hier leider nicht gibt, muss er es in Finnland abschlie\u00dfen. Schade &#8211; da wird eine L\u00fccke in unser beider Herzen klaffen.<\/p>\n<p>Jedenfalls stellte sich auch heraus, dass er Gitarrist ist, jedoch auch Ahnung von Gitarre und Schlagzeug hat. Und er ist sportlich begabt: Er mag Volleyball und Badminton, v.a. Squash w\u00fcrde uns beiden aber gut tun. Ich kann meine Aggressionen rauslassen und ihm dann auch noch einige Tennistricks zeigen, die ich von meinem Papa kenne.<\/p>\n<p>Wir haben uns dann auch tats\u00e4chlich gleich am darauffolgenden Dienstag getroffen. Und siehe da: Zum ersten Mal in meinem Leben konnte ich Akkorde am Keyboard aktiv nachvollziehen. Und ich kann auch schon ein ganz klein wenig beidh\u00e4ndig spielen. Ich werde sicher noch lange brauchen, um anhand von zerst\u00fcckelten Noten\u00a0 die Akkorde er kennen zu k\u00f6nnen. Aber er half mir so sehr, dass mir zwei Niederlagen beim Schach gegen ihn auch nichts ausmachten.<\/p>\n<p>Ich denke, dass er mit seiner Sch\u00fcchternheit nun der Assistent unter den M\u00e4nnern ist, der mir noch am ehesten helfen kann. Und wir wollen uns auf jeden Fall wiedertreffen. Doch meine sehr verehrten AssistentInnen und KlientInnen: Wie es auch immer auf \u201eFacebook\u201c ver\u00f6ffentlicht wurde, sind wir auch gerne zu gemeinsamen Treffen mit euch bereit. So wie neulich erst, als wir alle gemeinsam bowlen waren. Darum, liebe Jugendliche und Erwachsenen, Jungen und M\u00e4dels, Damen und Herren: Auf ein gutes Zusammenleben mit unseren n\u00f6rdlichen Nachbarn!<\/p>\n<p>Matthias Ledoldis<\/p>\n<p>Der Verfasser dieses Texts erh\u00e4lt Freizeitassistenz bei Integration Wien<\/p>\n","protected":false},"excerpt":{"rendered":"<p>Ich habe seit mehreren Monaten Simone als Assistentin und wir haben auch sehr viele gemeinsame Momente in Erinnerung, die sehr interessant waren. Doch schon seit langem hatte mich meine Mutter darauf aufmerksam gemacht, dass ein sportlicher Assistent noch zus\u00e4tzlich gut w\u00e4re. So ging ich zu Verena und bat sie um Auswahl. Nat\u00fcrlich k\u00f6nnte es auch [&hellip;]<\/p>\n","protected":false},"author":3,"featured_media":0,"comment_status":"closed","ping_status":"open","sticky":false,"template":"","format":"standard","meta":{"footnotes":""},"categories":[2],"tags":[],"class_list":["post-396","post","type-post","status-publish","format-standard","hentry","category-freizeitassistenz"],"yoast_head":"<!-- This site is optimized with the Yoast SEO plugin v25.8 - https:\/\/yoast.com\/wordpress\/plugins\/seo\/ -->\n<title>Mein neuer Freizeitassistent Antti, der Finne - Integration Wien<\/title>\n<meta name=\"robots\" content=\"index, follow, max-snippet:-1, max-image-preview:large, max-video-preview:-1\" \/>\n<link rel=\"canonical\" href=\"https:\/\/www.integrationwien.at\/blog\/?p=396\" \/>\n<meta property=\"og:locale\" content=\"de_DE\" \/>\n<meta property=\"og:type\" content=\"article\" \/>\n<meta property=\"og:title\" content=\"Mein neuer Freizeitassistent Antti, der Finne - Integration Wien\" \/>\n<meta property=\"og:description\" content=\"Ich habe seit mehreren Monaten Simone als Assistentin und wir haben auch sehr viele gemeinsame Momente in Erinnerung, die sehr interessant waren. Doch schon seit langem hatte mich meine Mutter darauf aufmerksam gemacht, dass ein sportlicher Assistent noch zus\u00e4tzlich gut w\u00e4re. So ging ich zu Verena und bat sie um Auswahl. Nat\u00fcrlich k\u00f6nnte es auch [&hellip;]\" \/>\n<meta property=\"og:url\" content=\"https:\/\/www.integrationwien.at\/blog\/?p=396\" \/>\n<meta property=\"og:site_name\" content=\"Integration Wien\" \/>\n<meta property=\"article:published_time\" content=\"2015-03-04T00:27:16+00:00\" \/>\n<meta property=\"article:modified_time\" content=\"2015-03-04T00:33:45+00:00\" \/>\n<meta name=\"author\" content=\"Wolfgang Eller\" \/>\n<meta name=\"twitter:card\" content=\"summary_large_image\" \/>\n<meta name=\"twitter:label1\" content=\"Verfasst von\" \/>\n\t<meta name=\"twitter:data1\" content=\"Wolfgang Eller\" \/>\n\t<meta name=\"twitter:label2\" content=\"Gesch\u00e4tzte Lesezeit\" \/>\n\t<meta name=\"twitter:data2\" content=\"3\u00a0Minuten\" \/>\n<script type=\"application\/ld+json\" class=\"yoast-schema-graph\">{\"@context\":\"https:\/\/schema.org\",\"@graph\":[{\"@type\":\"WebPage\",\"@id\":\"https:\/\/www.integrationwien.at\/blog\/?p=396\",\"url\":\"https:\/\/www.integrationwien.at\/blog\/?p=396\",\"name\":\"Mein neuer Freizeitassistent Antti, der Finne - Integration Wien\",\"isPartOf\":{\"@id\":\"https:\/\/www.integrationwien.at\/blog\/#website\"},\"datePublished\":\"2015-03-04T00:27:16+00:00\",\"dateModified\":\"2015-03-04T00:33:45+00:00\",\"author\":{\"@id\":\"https:\/\/www.integrationwien.at\/blog\/#\/schema\/person\/60a655f103366dfe4691156c1a0b674b\"},\"breadcrumb\":{\"@id\":\"https:\/\/www.integrationwien.at\/blog\/?p=396#breadcrumb\"},\"inLanguage\":\"de\",\"potentialAction\":[{\"@type\":\"ReadAction\",\"target\":[\"https:\/\/www.integrationwien.at\/blog\/?p=396\"]}]},{\"@type\":\"BreadcrumbList\",\"@id\":\"https:\/\/www.integrationwien.at\/blog\/?p=396#breadcrumb\",\"itemListElement\":[{\"@type\":\"ListItem\",\"position\":1,\"name\":\"Startseite\",\"item\":\"https:\/\/www.integrationwien.at\/blog\"},{\"@type\":\"ListItem\",\"position\":2,\"name\":\"Mein neuer Freizeitassistent Antti, der Finne\"}]},{\"@type\":\"WebSite\",\"@id\":\"https:\/\/www.integrationwien.at\/blog\/#website\",\"url\":\"https:\/\/www.integrationwien.at\/blog\/\",\"name\":\"Integration Wien\",\"description\":\"\",\"potentialAction\":[{\"@type\":\"SearchAction\",\"target\":{\"@type\":\"EntryPoint\",\"urlTemplate\":\"https:\/\/www.integrationwien.at\/blog\/?s={search_term_string}\"},\"query-input\":{\"@type\":\"PropertyValueSpecification\",\"valueRequired\":true,\"valueName\":\"search_term_string\"}}],\"inLanguage\":\"de\"},{\"@type\":\"Person\",\"@id\":\"https:\/\/www.integrationwien.at\/blog\/#\/schema\/person\/60a655f103366dfe4691156c1a0b674b\",\"name\":\"Wolfgang Eller\",\"image\":{\"@type\":\"ImageObject\",\"inLanguage\":\"de\",\"@id\":\"https:\/\/www.integrationwien.at\/blog\/#\/schema\/person\/image\/\",\"url\":\"https:\/\/secure.gravatar.com\/avatar\/558c56d800c4becf67eda72f8aa1f9f3cfa783d555f9a1d44ae26d66bb5ba18f?s=96&d=retro&r=g\",\"contentUrl\":\"https:\/\/secure.gravatar.com\/avatar\/558c56d800c4becf67eda72f8aa1f9f3cfa783d555f9a1d44ae26d66bb5ba18f?s=96&d=retro&r=g\",\"caption\":\"Wolfgang Eller\"},\"url\":\"https:\/\/www.integrationwien.at\/blog\/?author=3\"}]}<\/script>\n<!-- \/ Yoast SEO plugin. -->","yoast_head_json":{"title":"Mein neuer Freizeitassistent Antti, der Finne - Integration Wien","robots":{"index":"index","follow":"follow","max-snippet":"max-snippet:-1","max-image-preview":"max-image-preview:large","max-video-preview":"max-video-preview:-1"},"canonical":"https:\/\/www.integrationwien.at\/blog\/?p=396","og_locale":"de_DE","og_type":"article","og_title":"Mein neuer Freizeitassistent Antti, der Finne - Integration Wien","og_description":"Ich habe seit mehreren Monaten Simone als Assistentin und wir haben auch sehr viele gemeinsame Momente in Erinnerung, die sehr interessant waren. Doch schon seit langem hatte mich meine Mutter darauf aufmerksam gemacht, dass ein sportlicher Assistent noch zus\u00e4tzlich gut w\u00e4re. So ging ich zu Verena und bat sie um Auswahl. Nat\u00fcrlich k\u00f6nnte es auch [&hellip;]","og_url":"https:\/\/www.integrationwien.at\/blog\/?p=396","og_site_name":"Integration Wien","article_published_time":"2015-03-04T00:27:16+00:00","article_modified_time":"2015-03-04T00:33:45+00:00","author":"Wolfgang Eller","twitter_card":"summary_large_image","twitter_misc":{"Verfasst von":"Wolfgang Eller","Gesch\u00e4tzte Lesezeit":"3\u00a0Minuten"},"schema":{"@context":"https:\/\/schema.org","@graph":[{"@type":"WebPage","@id":"https:\/\/www.integrationwien.at\/blog\/?p=396","url":"https:\/\/www.integrationwien.at\/blog\/?p=396","name":"Mein neuer Freizeitassistent Antti, der Finne - Integration Wien","isPartOf":{"@id":"https:\/\/www.integrationwien.at\/blog\/#website"},"datePublished":"2015-03-04T00:27:16+00:00","dateModified":"2015-03-04T00:33:45+00:00","author":{"@id":"https:\/\/www.integrationwien.at\/blog\/#\/schema\/person\/60a655f103366dfe4691156c1a0b674b"},"breadcrumb":{"@id":"https:\/\/www.integrationwien.at\/blog\/?p=396#breadcrumb"},"inLanguage":"de","potentialAction":[{"@type":"ReadAction","target":["https:\/\/www.integrationwien.at\/blog\/?p=396"]}]},{"@type":"BreadcrumbList","@id":"https:\/\/www.integrationwien.at\/blog\/?p=396#breadcrumb","itemListElement":[{"@type":"ListItem","position":1,"name":"Startseite","item":"https:\/\/www.integrationwien.at\/blog"},{"@type":"ListItem","position":2,"name":"Mein neuer Freizeitassistent Antti, der Finne"}]},{"@type":"WebSite","@id":"https:\/\/www.integrationwien.at\/blog\/#website","url":"https:\/\/www.integrationwien.at\/blog\/","name":"Integration Wien","description":"","potentialAction":[{"@type":"SearchAction","target":{"@type":"EntryPoint","urlTemplate":"https:\/\/www.integrationwien.at\/blog\/?s={search_term_string}"},"query-input":{"@type":"PropertyValueSpecification","valueRequired":true,"valueName":"search_term_string"}}],"inLanguage":"de"},{"@type":"Person","@id":"https:\/\/www.integrationwien.at\/blog\/#\/schema\/person\/60a655f103366dfe4691156c1a0b674b","name":"Wolfgang Eller","image":{"@type":"ImageObject","inLanguage":"de","@id":"https:\/\/www.integrationwien.at\/blog\/#\/schema\/person\/image\/","url":"https:\/\/secure.gravatar.com\/avatar\/558c56d800c4becf67eda72f8aa1f9f3cfa783d555f9a1d44ae26d66bb5ba18f?s=96&d=retro&r=g","contentUrl":"https:\/\/secure.gravatar.com\/avatar\/558c56d800c4becf67eda72f8aa1f9f3cfa783d555f9a1d44ae26d66bb5ba18f?s=96&d=retro&r=g","caption":"Wolfgang Eller"},"url":"https:\/\/www.integrationwien.at\/blog\/?author=3"}]}},"_links":{"self":[{"href":"https:\/\/www.integrationwien.at\/blog\/index.php?rest_route=\/wp\/v2\/posts\/396","targetHints":{"allow":["GET"]}}],"collection":[{"href":"https:\/\/www.integrationwien.at\/blog\/index.php?rest_route=\/wp\/v2\/posts"}],"about":[{"href":"https:\/\/www.integrationwien.at\/blog\/index.php?rest_route=\/wp\/v2\/types\/post"}],"author":[{"embeddable":true,"href":"https:\/\/www.integrationwien.at\/blog\/index.php?rest_route=\/wp\/v2\/users\/3"}],"replies":[{"embeddable":true,"href":"https:\/\/www.integrationwien.at\/blog\/index.php?rest_route=%2Fwp%2Fv2%2Fcomments&post=396"}],"version-history":[{"count":4,"href":"https:\/\/www.integrationwien.at\/blog\/index.php?rest_route=\/wp\/v2\/posts\/396\/revisions"}],"predecessor-version":[{"id":402,"href":"https:\/\/www.integrationwien.at\/blog\/index.php?rest_route=\/wp\/v2\/posts\/396\/revisions\/402"}],"wp:attachment":[{"href":"https:\/\/www.integrationwien.at\/blog\/index.php?rest_route=%2Fwp%2Fv2%2Fmedia&parent=396"}],"wp:term":[{"taxonomy":"category","embeddable":true,"href":"https:\/\/www.integrationwien.at\/blog\/index.php?rest_route=%2Fwp%2Fv2%2Fcategories&post=396"},{"taxonomy":"post_tag","embeddable":true,"href":"https:\/\/www.integrationwien.at\/blog\/index.php?rest_route=%2Fwp%2Fv2%2Ftags&post=396"}],"curies":[{"name":"wp","href":"https:\/\/api.w.org\/{rel}","templated":true}]}}