{"id":368,"date":"2015-02-08T15:59:57","date_gmt":"2015-02-08T13:59:57","guid":{"rendered":"http:\/\/www.integrationwien.at\/blog\/?p=368"},"modified":"2016-11-15T14:08:15","modified_gmt":"2016-11-15T12:08:15","slug":"wir-waren-im-radio","status":"publish","type":"post","link":"https:\/\/www.integrationwien.at\/blog\/?p=368","title":{"rendered":"Wir waren im Radio!"},"content":{"rendered":"<p>Am Montag, den 9. 1. 2015 machten wir einen Ausflug zur Klosterneuburger Stra\u00dfe, um bei \u201eRadio Widerhall\u201c live mit dabei zu sein, einer Sendereihe von \u201eRadio Orange\u201c. Hierbei sollten wir die Gelegenheit bekommen, unsere Meinungen sowohl als FreizeitassistentInnen als auch als KlientInnen kundzutun und au\u00dferdem gewisserma\u00dfen Werbung f\u00fcr die gute Sache zu machen. Zun\u00e4chst musste jedoch erst einmal eine intensive Besprechung gemacht werden. Daf\u00fcr trafen wir uns in der Pizzeria am Gau\u00dfplatz mit seinem sch\u00f6nen Rondeau. Dies gab uns die M\u00f6glichkeiten, nicht nur die AssistentInnen kennenzulernen sondern auch andere KlientInnen. Darunter waren ganz spezielle Pers\u00f6nlichkeiten: Unter den AssistentInnen beispielsweise Katharina, eine Deutsche mit sehr viel Herz und Aron, ein Musiker mit eigener Band und ungarischen Wurzeln. Ihre KlientInnen: Ein sch\u00fcchterner Junge namens Andreas, der jedoch im Gegensatz zu mir schon einmal genug Mut bewiesen hat, als er mit Katharina eine Woche in Deutschland verbrachte; ein Rollstuhlfahrer namens Marcel, der trotz seiner offenbar spastischen L\u00e4hmung bewiesen hat, dass er als Fernsehredakteur arbeiten kann und schlie\u00dflich die blinde Laura, die uns mit ihrem unglaublichem K\u00f6nnen auf der Ziehharmonika unterst\u00fctzte, um sich dann, wie sie selbst betonte, in einer Disco dem Dancefloor hingeben zu k\u00f6nnen.<\/p>\n<p>Als wir beim Radiosender ankamen, war ich positiv \u00fcberrascht: Ich hatte mir einen extrem aufgew\u00fchlten Betrieb mit hunderten MitarbeiterInnen und modernster Technologie vorgestellt. In Wahrheit war die Redakteurin Eva weit und breit die einzige Mitarbeiterin in dem winzig kleinen Studio. Und sie war in h\u00f6chstem Ma\u00dfe h\u00f6flich! Wir kl\u00e4rten noch die Details ab: Laura sollte zur Einleitung ein St\u00fcck auf ihrer Ziehharmonika spielen, danach noch ein zweites. Daf\u00fcr w\u00fcrde sie auch auf ihren pers\u00f6nlichen Musikwunsch verzichten (sonst hatte jeder von uns einen, um f\u00fcr Auflockerung w\u00e4hrend des Gespr\u00e4ches zu sorgen). Wir hatten also einmal alle Rahmenbedingungen gekl\u00e4rt. Was noch blieb, war die gro\u00dfe Unsicherheit. Auch ich fragte mich: W\u00fcrde ich h\u00f6rbar sein oder sogar zu stottern anfangen? Gott sei Dank war der Aufnahmeraum auch eher klein, Aron half uns mit seiner Studioerfahrung als DJ im Au\u00dfenraum. Und ich musste schon sehr bald feststellen, dass meine Sorgen unbegr\u00fcndet waren und ich erstaunlich herangereift war: Ich konnte frei von der Leber weg sprechen, wohl auch, weil ich teilweise meine snobistische Tonalit\u00e4t aufgesetzt hatte. Worauf aber Laura und Marcel stolz sein k\u00f6nnen ist, dass sie sich vollkommen auf das Gespr\u00e4ch einlassen konnten und voller Esprit waren. Erz\u00e4hlt wurde von unserem gro\u00dfen Jubil\u00e4um im Sommer, von m\u00f6glichen Aktivit\u00e4ten, von der Dringlichkeit, auch wegen famili\u00e4ren Gr\u00fcnden eine Assistenz zu haben und von dem dringlichen Wunsch, die Eltern von den Geldsorgen zu befreien. Auf Verenas Wunsch merkte ich am Ende auch noch an, dass sogar die Politiker eine eigene Aufgabe h\u00e4tten.<\/p>\n<p>Fazit: Ich hatte meinen Auftrag erf\u00fcllt und hatte selbst das Gef\u00fchl, etwas Wichtiges vollbracht zu haben. Verena war stolz auf mich, zudem bekam ich noch die Nummer von Andreas mit. Und eine Frau rief nach der Sendung an, um sich nach meinem Musikwunsch zu erkundigen (\u201eI think I see the light\u201c von Cat Stevens). Dies war der Beweis daf\u00fcr, dass ich geh\u00f6rt wurde (und nicht nur meine Musik). Dass ich nachher aus Zeitgr\u00fcnden nicht mehr in die Disco gehen konnte, vermochte meine gute Laune nicht zu tr\u00fcben.<\/p>\n<p>Lassen Sie mich aber gerade deshalb noch einmal anmerken, wie wichtig es f\u00fcr Jugendliche ist, eine Begleitung im Alltag zu finden, wenn sie behindert sind. F\u00fcr Kinder gibt es Horte und (Sonder)schulen- aber f\u00fcr Jugendliche? Im Grunde nur \u201eIntegration Wien\u201c! Zudem verpassten sie eine einmalige Gelegenheit, wenn ihre Interessen nicht mit den F\u00e4higkeiten der Assistenten vermischt w\u00fcrden und sich in gemeinsamen Aktivit\u00e4ten ausdr\u00fccken k\u00f6nnten. AssistentInnen und SponsorInnen sind selbstverst\u00e4ndlich auch herzlich willkommen, denn nur durch Ihre Hilfe k\u00f6nnen wir unsere Ziele und damit jene der Jugendlichen verwirklichen!<\/p>\n<p>Danke f\u00fcr dieses Erlebnis. Ich hoffe, dass m\u00f6glichst viele durch unsere Sendung Interesse erlangt haben und dass wir bald einen Zuwachs an KlientInnen, AssistentInnen und SponsorInnen erleben werden!<\/p>\n<p><b>Matthias Ledoldis\u00a0<\/b><\/p>\n<p>Der Verfasser dieses Textes erh\u00e4lt Freizeitassistenz bei Integration Wien. Der vollst\u00e4ndige Radiomitschnitt ist <a title=\"hier\" href=\"http:\/\/cba.fro.at\/277540\" target=\"_blank\">hier<\/a> nachzuh\u00f6ren.<\/p>\n","protected":false},"excerpt":{"rendered":"<p>Am Montag, den 9. 1. 2015 machten wir einen Ausflug zur Klosterneuburger Stra\u00dfe, um bei \u201eRadio Widerhall\u201c live mit dabei zu sein, einer Sendereihe von \u201eRadio Orange\u201c. Hierbei sollten wir die Gelegenheit bekommen, unsere Meinungen sowohl als FreizeitassistentInnen als auch als KlientInnen kundzutun und au\u00dferdem gewisserma\u00dfen Werbung f\u00fcr die gute Sache zu machen. Zun\u00e4chst musste [&hellip;]<\/p>\n","protected":false},"author":3,"featured_media":0,"comment_status":"closed","ping_status":"open","sticky":false,"template":"","format":"standard","meta":{"footnotes":""},"categories":[1,2,3],"tags":[],"class_list":["post-368","post","type-post","status-publish","format-standard","hentry","category-allgemein","category-freizeitassistenz","category-integration-wien"],"yoast_head":"<!-- This site is optimized with the Yoast SEO plugin v25.8 - https:\/\/yoast.com\/wordpress\/plugins\/seo\/ -->\n<title>Wir waren im Radio! - Integration Wien<\/title>\n<meta name=\"robots\" content=\"index, follow, max-snippet:-1, max-image-preview:large, max-video-preview:-1\" \/>\n<link rel=\"canonical\" href=\"https:\/\/www.integrationwien.at\/blog\/?p=368\" \/>\n<meta property=\"og:locale\" content=\"de_DE\" \/>\n<meta property=\"og:type\" content=\"article\" \/>\n<meta property=\"og:title\" content=\"Wir waren im Radio! - Integration Wien\" \/>\n<meta property=\"og:description\" content=\"Am Montag, den 9. 1. 2015 machten wir einen Ausflug zur Klosterneuburger Stra\u00dfe, um bei \u201eRadio Widerhall\u201c live mit dabei zu sein, einer Sendereihe von \u201eRadio Orange\u201c. Hierbei sollten wir die Gelegenheit bekommen, unsere Meinungen sowohl als FreizeitassistentInnen als auch als KlientInnen kundzutun und au\u00dferdem gewisserma\u00dfen Werbung f\u00fcr die gute Sache zu machen. Zun\u00e4chst musste [&hellip;]\" \/>\n<meta property=\"og:url\" content=\"https:\/\/www.integrationwien.at\/blog\/?p=368\" \/>\n<meta property=\"og:site_name\" content=\"Integration Wien\" \/>\n<meta property=\"article:published_time\" content=\"2015-02-08T13:59:57+00:00\" \/>\n<meta property=\"article:modified_time\" content=\"2016-11-15T12:08:15+00:00\" \/>\n<meta name=\"author\" content=\"Wolfgang Eller\" \/>\n<meta name=\"twitter:card\" content=\"summary_large_image\" \/>\n<meta name=\"twitter:label1\" content=\"Verfasst von\" \/>\n\t<meta name=\"twitter:data1\" content=\"Wolfgang Eller\" \/>\n\t<meta name=\"twitter:label2\" content=\"Gesch\u00e4tzte Lesezeit\" \/>\n\t<meta name=\"twitter:data2\" content=\"4\u00a0Minuten\" \/>\n<script type=\"application\/ld+json\" class=\"yoast-schema-graph\">{\"@context\":\"https:\/\/schema.org\",\"@graph\":[{\"@type\":\"WebPage\",\"@id\":\"https:\/\/www.integrationwien.at\/blog\/?p=368\",\"url\":\"https:\/\/www.integrationwien.at\/blog\/?p=368\",\"name\":\"Wir waren im Radio! - Integration Wien\",\"isPartOf\":{\"@id\":\"https:\/\/www.integrationwien.at\/blog\/#website\"},\"datePublished\":\"2015-02-08T13:59:57+00:00\",\"dateModified\":\"2016-11-15T12:08:15+00:00\",\"author\":{\"@id\":\"https:\/\/www.integrationwien.at\/blog\/#\/schema\/person\/60a655f103366dfe4691156c1a0b674b\"},\"breadcrumb\":{\"@id\":\"https:\/\/www.integrationwien.at\/blog\/?p=368#breadcrumb\"},\"inLanguage\":\"de\",\"potentialAction\":[{\"@type\":\"ReadAction\",\"target\":[\"https:\/\/www.integrationwien.at\/blog\/?p=368\"]}]},{\"@type\":\"BreadcrumbList\",\"@id\":\"https:\/\/www.integrationwien.at\/blog\/?p=368#breadcrumb\",\"itemListElement\":[{\"@type\":\"ListItem\",\"position\":1,\"name\":\"Startseite\",\"item\":\"https:\/\/www.integrationwien.at\/blog\"},{\"@type\":\"ListItem\",\"position\":2,\"name\":\"Wir waren im Radio!\"}]},{\"@type\":\"WebSite\",\"@id\":\"https:\/\/www.integrationwien.at\/blog\/#website\",\"url\":\"https:\/\/www.integrationwien.at\/blog\/\",\"name\":\"Integration Wien\",\"description\":\"\",\"potentialAction\":[{\"@type\":\"SearchAction\",\"target\":{\"@type\":\"EntryPoint\",\"urlTemplate\":\"https:\/\/www.integrationwien.at\/blog\/?s={search_term_string}\"},\"query-input\":{\"@type\":\"PropertyValueSpecification\",\"valueRequired\":true,\"valueName\":\"search_term_string\"}}],\"inLanguage\":\"de\"},{\"@type\":\"Person\",\"@id\":\"https:\/\/www.integrationwien.at\/blog\/#\/schema\/person\/60a655f103366dfe4691156c1a0b674b\",\"name\":\"Wolfgang Eller\",\"image\":{\"@type\":\"ImageObject\",\"inLanguage\":\"de\",\"@id\":\"https:\/\/www.integrationwien.at\/blog\/#\/schema\/person\/image\/\",\"url\":\"https:\/\/secure.gravatar.com\/avatar\/558c56d800c4becf67eda72f8aa1f9f3cfa783d555f9a1d44ae26d66bb5ba18f?s=96&d=retro&r=g\",\"contentUrl\":\"https:\/\/secure.gravatar.com\/avatar\/558c56d800c4becf67eda72f8aa1f9f3cfa783d555f9a1d44ae26d66bb5ba18f?s=96&d=retro&r=g\",\"caption\":\"Wolfgang Eller\"},\"url\":\"https:\/\/www.integrationwien.at\/blog\/?author=3\"}]}<\/script>\n<!-- \/ Yoast SEO plugin. -->","yoast_head_json":{"title":"Wir waren im Radio! - Integration Wien","robots":{"index":"index","follow":"follow","max-snippet":"max-snippet:-1","max-image-preview":"max-image-preview:large","max-video-preview":"max-video-preview:-1"},"canonical":"https:\/\/www.integrationwien.at\/blog\/?p=368","og_locale":"de_DE","og_type":"article","og_title":"Wir waren im Radio! - Integration Wien","og_description":"Am Montag, den 9. 1. 2015 machten wir einen Ausflug zur Klosterneuburger Stra\u00dfe, um bei \u201eRadio Widerhall\u201c live mit dabei zu sein, einer Sendereihe von \u201eRadio Orange\u201c. Hierbei sollten wir die Gelegenheit bekommen, unsere Meinungen sowohl als FreizeitassistentInnen als auch als KlientInnen kundzutun und au\u00dferdem gewisserma\u00dfen Werbung f\u00fcr die gute Sache zu machen. Zun\u00e4chst musste [&hellip;]","og_url":"https:\/\/www.integrationwien.at\/blog\/?p=368","og_site_name":"Integration Wien","article_published_time":"2015-02-08T13:59:57+00:00","article_modified_time":"2016-11-15T12:08:15+00:00","author":"Wolfgang Eller","twitter_card":"summary_large_image","twitter_misc":{"Verfasst von":"Wolfgang Eller","Gesch\u00e4tzte Lesezeit":"4\u00a0Minuten"},"schema":{"@context":"https:\/\/schema.org","@graph":[{"@type":"WebPage","@id":"https:\/\/www.integrationwien.at\/blog\/?p=368","url":"https:\/\/www.integrationwien.at\/blog\/?p=368","name":"Wir waren im Radio! - Integration Wien","isPartOf":{"@id":"https:\/\/www.integrationwien.at\/blog\/#website"},"datePublished":"2015-02-08T13:59:57+00:00","dateModified":"2016-11-15T12:08:15+00:00","author":{"@id":"https:\/\/www.integrationwien.at\/blog\/#\/schema\/person\/60a655f103366dfe4691156c1a0b674b"},"breadcrumb":{"@id":"https:\/\/www.integrationwien.at\/blog\/?p=368#breadcrumb"},"inLanguage":"de","potentialAction":[{"@type":"ReadAction","target":["https:\/\/www.integrationwien.at\/blog\/?p=368"]}]},{"@type":"BreadcrumbList","@id":"https:\/\/www.integrationwien.at\/blog\/?p=368#breadcrumb","itemListElement":[{"@type":"ListItem","position":1,"name":"Startseite","item":"https:\/\/www.integrationwien.at\/blog"},{"@type":"ListItem","position":2,"name":"Wir waren im Radio!"}]},{"@type":"WebSite","@id":"https:\/\/www.integrationwien.at\/blog\/#website","url":"https:\/\/www.integrationwien.at\/blog\/","name":"Integration Wien","description":"","potentialAction":[{"@type":"SearchAction","target":{"@type":"EntryPoint","urlTemplate":"https:\/\/www.integrationwien.at\/blog\/?s={search_term_string}"},"query-input":{"@type":"PropertyValueSpecification","valueRequired":true,"valueName":"search_term_string"}}],"inLanguage":"de"},{"@type":"Person","@id":"https:\/\/www.integrationwien.at\/blog\/#\/schema\/person\/60a655f103366dfe4691156c1a0b674b","name":"Wolfgang Eller","image":{"@type":"ImageObject","inLanguage":"de","@id":"https:\/\/www.integrationwien.at\/blog\/#\/schema\/person\/image\/","url":"https:\/\/secure.gravatar.com\/avatar\/558c56d800c4becf67eda72f8aa1f9f3cfa783d555f9a1d44ae26d66bb5ba18f?s=96&d=retro&r=g","contentUrl":"https:\/\/secure.gravatar.com\/avatar\/558c56d800c4becf67eda72f8aa1f9f3cfa783d555f9a1d44ae26d66bb5ba18f?s=96&d=retro&r=g","caption":"Wolfgang Eller"},"url":"https:\/\/www.integrationwien.at\/blog\/?author=3"}]}},"_links":{"self":[{"href":"https:\/\/www.integrationwien.at\/blog\/index.php?rest_route=\/wp\/v2\/posts\/368","targetHints":{"allow":["GET"]}}],"collection":[{"href":"https:\/\/www.integrationwien.at\/blog\/index.php?rest_route=\/wp\/v2\/posts"}],"about":[{"href":"https:\/\/www.integrationwien.at\/blog\/index.php?rest_route=\/wp\/v2\/types\/post"}],"author":[{"embeddable":true,"href":"https:\/\/www.integrationwien.at\/blog\/index.php?rest_route=\/wp\/v2\/users\/3"}],"replies":[{"embeddable":true,"href":"https:\/\/www.integrationwien.at\/blog\/index.php?rest_route=%2Fwp%2Fv2%2Fcomments&post=368"}],"version-history":[{"count":4,"href":"https:\/\/www.integrationwien.at\/blog\/index.php?rest_route=\/wp\/v2\/posts\/368\/revisions"}],"predecessor-version":[{"id":1696,"href":"https:\/\/www.integrationwien.at\/blog\/index.php?rest_route=\/wp\/v2\/posts\/368\/revisions\/1696"}],"wp:attachment":[{"href":"https:\/\/www.integrationwien.at\/blog\/index.php?rest_route=%2Fwp%2Fv2%2Fmedia&parent=368"}],"wp:term":[{"taxonomy":"category","embeddable":true,"href":"https:\/\/www.integrationwien.at\/blog\/index.php?rest_route=%2Fwp%2Fv2%2Fcategories&post=368"},{"taxonomy":"post_tag","embeddable":true,"href":"https:\/\/www.integrationwien.at\/blog\/index.php?rest_route=%2Fwp%2Fv2%2Ftags&post=368"}],"curies":[{"name":"wp","href":"https:\/\/api.w.org\/{rel}","templated":true}]}}