{"id":366,"date":"2015-02-24T02:29:04","date_gmt":"2015-02-24T00:29:04","guid":{"rendered":"http:\/\/www.integrationwien.at\/blog\/?p=366"},"modified":"2015-02-24T02:38:32","modified_gmt":"2015-02-24T00:38:32","slug":"im-fitnessstudio-mit-christian","status":"publish","type":"post","link":"https:\/\/www.integrationwien.at\/blog\/?p=366","title":{"rendered":"Im Fitnessstudio mit Christian"},"content":{"rendered":"<p>Christian wurde im November vergangenen Jahres 18 alt. Anl\u00e4sslich seines Geburtstages wurde ihm sein langersehnter Wunsch erf\u00fcllt, ein Fitnessstudio besuchen zu d\u00fcrfen.<\/p>\n<p>Somit l\u00f6sten wir am 4. November 2014 eine Monatskarte, um das Fitnessstudio Club Danube in Alterlaa auszuprobieren von dem wir beide sehr begeistert sind \u2013 nicht zuletzt weil die Angestellten und die Gesch\u00e4ftsleitung uns noch keinen Wunsch ausgeschlagen haben.<\/p>\n<p>Christian ist eine verbl\u00fcffende Pers\u00f6nlichkeit. Ein Mann weniger Worte und gro\u00dfer Taten. Er ist einf\u00fchlsam, lebensfroh, motiviert, selbstbestimmt, neugierig, offen, herzlich, lustig, zuvorkommend und rundet seinen Charakter mit einer gewissen Ernsthaftigkeit ab, die bei allen Menschen, mit denen er in Kontakt tritt, Respekt hervorruft.<\/p>\n<p>Im Club Danube bekommt man beim ersten Training eine Einschulung und es wird ein professioneller Trainingsplan erstellt. Wir hatten das Gl\u00fcck, dass bei unserer Session ein neuer Trainer eingeschult wurde, und somit hatten wir \u2013 was anscheinend noch nie vorgekommen ist \u2013 eine ausgesprochene Sonderbehandlung mit 2 Trainern!<\/p>\n<p>Seitdem ist Christian quasi schon ein Profi an den Ger\u00e4ten und braucht keinerlei Hilfe beim Einstellen. Meine anf\u00e4ngliche Sorge \u2013 Christian gibt sich n\u00e4mlich manchmal lieber zu viele als zu wenige Gewichte drauf \u2013 er k\u00f6nnte sich verletzten, scheint unbegr\u00fcndet, da er offen zugibt wenn\u00a0 es wirklich nicht mehr geht.<\/p>\n<p><span class=\"Apple-style-span\" style=\"line-height: 14px;\"><span class=\"Apple-style-span\" style=\"line-height: 24px;\"><a style=\"color: #21759b; outline-style: none; outline-width: initial; outline-color: initial;\" href=\"http:\/\/www.integrationwien.at\/blog\/wp-content\/uploads\/2015\/02\/radln.jpg\" target=\"_blank\"><img loading=\"lazy\" decoding=\"async\" class=\"alignnone  wp-image-386\" style=\"border-style: initial; border-color: initial; cursor: default; border-top-left-radius: 3px; border-top-right-radius: 3px; border-bottom-right-radius: 3px; border-bottom-left-radius: 3px; box-shadow: rgba(0, 0, 0, 0.199219) 0px 1px 4px; max-width: 100%; height: auto; border-width: 0px;\" alt=\"radln\" src=\"http:\/\/www.integrationwien.at\/blog\/wp-content\/uploads\/2015\/02\/radln.jpg\" width=\"150\" height=\"150\" \/><\/a>\u00a0<a style=\"color: #21759b; outline-style: none; outline-width: initial; outline-color: initial;\" href=\"http:\/\/www.integrationwien.at\/blog\/wp-content\/uploads\/2015\/02\/sogehts.jpg\" target=\"_blank\"><img loading=\"lazy\" decoding=\"async\" class=\"alignnone  wp-image-387\" style=\"border-style: initial; border-color: initial; cursor: default; border-top-left-radius: 3px; border-top-right-radius: 3px; border-bottom-right-radius: 3px; border-bottom-left-radius: 3px; box-shadow: rgba(0, 0, 0, 0.199219) 0px 1px 4px; max-width: 100%; height: auto; border-width: 0px;\" alt=\"sogehts\" src=\"http:\/\/www.integrationwien.at\/blog\/wp-content\/uploads\/2015\/02\/sogehts.jpg\" width=\"150\" height=\"150\" \/><\/a>\u00a0<\/span><\/span><a href=\"http:\/\/www.integrationwien.at\/blog\/wp-content\/uploads\/2015\/02\/fitness3.jpg\" target=\"_blank\"><span class=\"Apple-style-span\" style=\"line-height: 14px;\"><img loading=\"lazy\" decoding=\"async\" class=\"alignnone  wp-image-385\" style=\"border-style: initial; border-color: initial; cursor: default; border-top-left-radius: 3px; border-top-right-radius: 3px; border-bottom-right-radius: 3px; border-bottom-left-radius: 3px; box-shadow: rgba(0, 0, 0, 0.199219) 0px 1px 4px; max-width: 100%; height: auto; border-width: 0px;\" alt=\"fitness3\" src=\"http:\/\/www.integrationwien.at\/blog\/wp-content\/uploads\/2015\/02\/fitness3.jpg\" width=\"150\" height=\"150\" \/><\/span><\/a><\/p>\n<p>Eine Anekdote m\u00f6chte ich gerne noch erz\u00e4hlen:<\/p>\n<p>Wie schon erw\u00e4hnt spricht Christian mehr durch sein Tun als durch Worte. Umso mehr war ich verwundert, als er pl\u00f6tzlich begann mir aufgeregt zu erkl\u00e4ren wie ich das Ger\u00e4t, welches ich gerade benutzte, zu verwenden habe.<\/p>\n<p>Ich lie\u00df mich darauf ein und freute mich, eine neue Seite an Christian kennen zu lernen \u2013 bis ich pl\u00f6tzlich die zwei jungen M\u00e4dels hinter uns entdeckte, zu denen Christian ab und an einen Blick warf. Da war mir alles klar und ich befolgte brav seine Anweisungen. Als die M\u00e4dels dann weitergingen drehte sich Christian um und warf ihnen ein Bussi mit der Hand zu.<\/p>\n<p>Ich fand es sehr sch\u00f6n zu beobachten wie er es mit seiner direkten, h\u00f6flichen Art schaffte zu zeigen, dass sie ihm gefallen und die M\u00e4dchen f\u00fchlten sich offensichtlich geschmeichelt und l\u00e4chelten zu ihm herzlich zur\u00fcck.<\/p>\n<p>Es ist eine tolle und bereichernde Erfahrung mit Christian zusammen arbeiten zu d\u00fcrfen und ich muss sagen, dass ich viel von ihm lernen kann, vor allem was die sogenannte \u201eEntschleunigung\u201c betrifft. Ich hoffe wir treffen uns noch oft, um gemeinsam zu trainieren und aufregende Sachen zu erleben.<\/p>\n<p>Markus Pagitsch, Freizeitassistent bei Integration Wien<\/p>\n","protected":false},"excerpt":{"rendered":"<p>Christian wurde im November vergangenen Jahres 18 alt. Anl\u00e4sslich seines Geburtstages wurde ihm sein langersehnter Wunsch erf\u00fcllt, ein Fitnessstudio besuchen zu d\u00fcrfen. Somit l\u00f6sten wir am 4. November 2014 eine Monatskarte, um das Fitnessstudio Club Danube in Alterlaa auszuprobieren von dem wir beide sehr begeistert sind \u2013 nicht zuletzt weil die Angestellten und die Gesch\u00e4ftsleitung [&hellip;]<\/p>\n","protected":false},"author":3,"featured_media":0,"comment_status":"closed","ping_status":"open","sticky":false,"template":"","format":"standard","meta":{"footnotes":""},"categories":[2],"tags":[],"class_list":["post-366","post","type-post","status-publish","format-standard","hentry","category-freizeitassistenz"],"yoast_head":"<!-- This site is optimized with the Yoast SEO plugin v25.8 - https:\/\/yoast.com\/wordpress\/plugins\/seo\/ -->\n<title>Im Fitnessstudio mit Christian - Integration Wien<\/title>\n<meta name=\"robots\" content=\"index, follow, max-snippet:-1, max-image-preview:large, max-video-preview:-1\" \/>\n<link rel=\"canonical\" href=\"https:\/\/www.integrationwien.at\/blog\/?p=366\" \/>\n<meta property=\"og:locale\" content=\"de_DE\" \/>\n<meta property=\"og:type\" content=\"article\" \/>\n<meta property=\"og:title\" content=\"Im Fitnessstudio mit Christian - Integration Wien\" \/>\n<meta property=\"og:description\" content=\"Christian wurde im November vergangenen Jahres 18 alt. Anl\u00e4sslich seines Geburtstages wurde ihm sein langersehnter Wunsch erf\u00fcllt, ein Fitnessstudio besuchen zu d\u00fcrfen. Somit l\u00f6sten wir am 4. November 2014 eine Monatskarte, um das Fitnessstudio Club Danube in Alterlaa auszuprobieren von dem wir beide sehr begeistert sind \u2013 nicht zuletzt weil die Angestellten und die Gesch\u00e4ftsleitung [&hellip;]\" \/>\n<meta property=\"og:url\" content=\"https:\/\/www.integrationwien.at\/blog\/?p=366\" \/>\n<meta property=\"og:site_name\" content=\"Integration Wien\" \/>\n<meta property=\"article:published_time\" content=\"2015-02-24T00:29:04+00:00\" \/>\n<meta property=\"article:modified_time\" content=\"2015-02-24T00:38:32+00:00\" \/>\n<meta property=\"og:image\" content=\"http:\/\/www.integrationwien.at\/blog\/wp-content\/uploads\/2015\/02\/radln.jpg\" \/>\n<meta name=\"author\" content=\"Wolfgang Eller\" \/>\n<meta name=\"twitter:card\" content=\"summary_large_image\" \/>\n<meta name=\"twitter:label1\" content=\"Verfasst von\" \/>\n\t<meta name=\"twitter:data1\" content=\"Wolfgang Eller\" \/>\n\t<meta name=\"twitter:label2\" content=\"Gesch\u00e4tzte Lesezeit\" \/>\n\t<meta name=\"twitter:data2\" content=\"2\u00a0Minuten\" \/>\n<script type=\"application\/ld+json\" class=\"yoast-schema-graph\">{\"@context\":\"https:\/\/schema.org\",\"@graph\":[{\"@type\":\"WebPage\",\"@id\":\"https:\/\/www.integrationwien.at\/blog\/?p=366\",\"url\":\"https:\/\/www.integrationwien.at\/blog\/?p=366\",\"name\":\"Im Fitnessstudio mit Christian - Integration Wien\",\"isPartOf\":{\"@id\":\"https:\/\/www.integrationwien.at\/blog\/#website\"},\"primaryImageOfPage\":{\"@id\":\"https:\/\/www.integrationwien.at\/blog\/?p=366#primaryimage\"},\"image\":{\"@id\":\"https:\/\/www.integrationwien.at\/blog\/?p=366#primaryimage\"},\"thumbnailUrl\":\"http:\/\/www.integrationwien.at\/blog\/wp-content\/uploads\/2015\/02\/radln.jpg\",\"datePublished\":\"2015-02-24T00:29:04+00:00\",\"dateModified\":\"2015-02-24T00:38:32+00:00\",\"author\":{\"@id\":\"https:\/\/www.integrationwien.at\/blog\/#\/schema\/person\/60a655f103366dfe4691156c1a0b674b\"},\"breadcrumb\":{\"@id\":\"https:\/\/www.integrationwien.at\/blog\/?p=366#breadcrumb\"},\"inLanguage\":\"de\",\"potentialAction\":[{\"@type\":\"ReadAction\",\"target\":[\"https:\/\/www.integrationwien.at\/blog\/?p=366\"]}]},{\"@type\":\"ImageObject\",\"inLanguage\":\"de\",\"@id\":\"https:\/\/www.integrationwien.at\/blog\/?p=366#primaryimage\",\"url\":\"http:\/\/www.integrationwien.at\/blog\/wp-content\/uploads\/2015\/02\/radln.jpg\",\"contentUrl\":\"http:\/\/www.integrationwien.at\/blog\/wp-content\/uploads\/2015\/02\/radln.jpg\"},{\"@type\":\"BreadcrumbList\",\"@id\":\"https:\/\/www.integrationwien.at\/blog\/?p=366#breadcrumb\",\"itemListElement\":[{\"@type\":\"ListItem\",\"position\":1,\"name\":\"Startseite\",\"item\":\"https:\/\/www.integrationwien.at\/blog\"},{\"@type\":\"ListItem\",\"position\":2,\"name\":\"Im Fitnessstudio mit Christian\"}]},{\"@type\":\"WebSite\",\"@id\":\"https:\/\/www.integrationwien.at\/blog\/#website\",\"url\":\"https:\/\/www.integrationwien.at\/blog\/\",\"name\":\"Integration Wien\",\"description\":\"\",\"potentialAction\":[{\"@type\":\"SearchAction\",\"target\":{\"@type\":\"EntryPoint\",\"urlTemplate\":\"https:\/\/www.integrationwien.at\/blog\/?s={search_term_string}\"},\"query-input\":{\"@type\":\"PropertyValueSpecification\",\"valueRequired\":true,\"valueName\":\"search_term_string\"}}],\"inLanguage\":\"de\"},{\"@type\":\"Person\",\"@id\":\"https:\/\/www.integrationwien.at\/blog\/#\/schema\/person\/60a655f103366dfe4691156c1a0b674b\",\"name\":\"Wolfgang Eller\",\"image\":{\"@type\":\"ImageObject\",\"inLanguage\":\"de\",\"@id\":\"https:\/\/www.integrationwien.at\/blog\/#\/schema\/person\/image\/\",\"url\":\"https:\/\/secure.gravatar.com\/avatar\/558c56d800c4becf67eda72f8aa1f9f3cfa783d555f9a1d44ae26d66bb5ba18f?s=96&d=retro&r=g\",\"contentUrl\":\"https:\/\/secure.gravatar.com\/avatar\/558c56d800c4becf67eda72f8aa1f9f3cfa783d555f9a1d44ae26d66bb5ba18f?s=96&d=retro&r=g\",\"caption\":\"Wolfgang Eller\"},\"url\":\"https:\/\/www.integrationwien.at\/blog\/?author=3\"}]}<\/script>\n<!-- \/ Yoast SEO plugin. -->","yoast_head_json":{"title":"Im Fitnessstudio mit Christian - Integration Wien","robots":{"index":"index","follow":"follow","max-snippet":"max-snippet:-1","max-image-preview":"max-image-preview:large","max-video-preview":"max-video-preview:-1"},"canonical":"https:\/\/www.integrationwien.at\/blog\/?p=366","og_locale":"de_DE","og_type":"article","og_title":"Im Fitnessstudio mit Christian - Integration Wien","og_description":"Christian wurde im November vergangenen Jahres 18 alt. Anl\u00e4sslich seines Geburtstages wurde ihm sein langersehnter Wunsch erf\u00fcllt, ein Fitnessstudio besuchen zu d\u00fcrfen. Somit l\u00f6sten wir am 4. November 2014 eine Monatskarte, um das Fitnessstudio Club Danube in Alterlaa auszuprobieren von dem wir beide sehr begeistert sind \u2013 nicht zuletzt weil die Angestellten und die Gesch\u00e4ftsleitung [&hellip;]","og_url":"https:\/\/www.integrationwien.at\/blog\/?p=366","og_site_name":"Integration Wien","article_published_time":"2015-02-24T00:29:04+00:00","article_modified_time":"2015-02-24T00:38:32+00:00","og_image":[{"url":"http:\/\/www.integrationwien.at\/blog\/wp-content\/uploads\/2015\/02\/radln.jpg","type":"","width":"","height":""}],"author":"Wolfgang Eller","twitter_card":"summary_large_image","twitter_misc":{"Verfasst von":"Wolfgang Eller","Gesch\u00e4tzte Lesezeit":"2\u00a0Minuten"},"schema":{"@context":"https:\/\/schema.org","@graph":[{"@type":"WebPage","@id":"https:\/\/www.integrationwien.at\/blog\/?p=366","url":"https:\/\/www.integrationwien.at\/blog\/?p=366","name":"Im Fitnessstudio mit Christian - Integration Wien","isPartOf":{"@id":"https:\/\/www.integrationwien.at\/blog\/#website"},"primaryImageOfPage":{"@id":"https:\/\/www.integrationwien.at\/blog\/?p=366#primaryimage"},"image":{"@id":"https:\/\/www.integrationwien.at\/blog\/?p=366#primaryimage"},"thumbnailUrl":"http:\/\/www.integrationwien.at\/blog\/wp-content\/uploads\/2015\/02\/radln.jpg","datePublished":"2015-02-24T00:29:04+00:00","dateModified":"2015-02-24T00:38:32+00:00","author":{"@id":"https:\/\/www.integrationwien.at\/blog\/#\/schema\/person\/60a655f103366dfe4691156c1a0b674b"},"breadcrumb":{"@id":"https:\/\/www.integrationwien.at\/blog\/?p=366#breadcrumb"},"inLanguage":"de","potentialAction":[{"@type":"ReadAction","target":["https:\/\/www.integrationwien.at\/blog\/?p=366"]}]},{"@type":"ImageObject","inLanguage":"de","@id":"https:\/\/www.integrationwien.at\/blog\/?p=366#primaryimage","url":"http:\/\/www.integrationwien.at\/blog\/wp-content\/uploads\/2015\/02\/radln.jpg","contentUrl":"http:\/\/www.integrationwien.at\/blog\/wp-content\/uploads\/2015\/02\/radln.jpg"},{"@type":"BreadcrumbList","@id":"https:\/\/www.integrationwien.at\/blog\/?p=366#breadcrumb","itemListElement":[{"@type":"ListItem","position":1,"name":"Startseite","item":"https:\/\/www.integrationwien.at\/blog"},{"@type":"ListItem","position":2,"name":"Im Fitnessstudio mit Christian"}]},{"@type":"WebSite","@id":"https:\/\/www.integrationwien.at\/blog\/#website","url":"https:\/\/www.integrationwien.at\/blog\/","name":"Integration Wien","description":"","potentialAction":[{"@type":"SearchAction","target":{"@type":"EntryPoint","urlTemplate":"https:\/\/www.integrationwien.at\/blog\/?s={search_term_string}"},"query-input":{"@type":"PropertyValueSpecification","valueRequired":true,"valueName":"search_term_string"}}],"inLanguage":"de"},{"@type":"Person","@id":"https:\/\/www.integrationwien.at\/blog\/#\/schema\/person\/60a655f103366dfe4691156c1a0b674b","name":"Wolfgang Eller","image":{"@type":"ImageObject","inLanguage":"de","@id":"https:\/\/www.integrationwien.at\/blog\/#\/schema\/person\/image\/","url":"https:\/\/secure.gravatar.com\/avatar\/558c56d800c4becf67eda72f8aa1f9f3cfa783d555f9a1d44ae26d66bb5ba18f?s=96&d=retro&r=g","contentUrl":"https:\/\/secure.gravatar.com\/avatar\/558c56d800c4becf67eda72f8aa1f9f3cfa783d555f9a1d44ae26d66bb5ba18f?s=96&d=retro&r=g","caption":"Wolfgang Eller"},"url":"https:\/\/www.integrationwien.at\/blog\/?author=3"}]}},"_links":{"self":[{"href":"https:\/\/www.integrationwien.at\/blog\/index.php?rest_route=\/wp\/v2\/posts\/366","targetHints":{"allow":["GET"]}}],"collection":[{"href":"https:\/\/www.integrationwien.at\/blog\/index.php?rest_route=\/wp\/v2\/posts"}],"about":[{"href":"https:\/\/www.integrationwien.at\/blog\/index.php?rest_route=\/wp\/v2\/types\/post"}],"author":[{"embeddable":true,"href":"https:\/\/www.integrationwien.at\/blog\/index.php?rest_route=\/wp\/v2\/users\/3"}],"replies":[{"embeddable":true,"href":"https:\/\/www.integrationwien.at\/blog\/index.php?rest_route=%2Fwp%2Fv2%2Fcomments&post=366"}],"version-history":[{"count":6,"href":"https:\/\/www.integrationwien.at\/blog\/index.php?rest_route=\/wp\/v2\/posts\/366\/revisions"}],"predecessor-version":[{"id":395,"href":"https:\/\/www.integrationwien.at\/blog\/index.php?rest_route=\/wp\/v2\/posts\/366\/revisions\/395"}],"wp:attachment":[{"href":"https:\/\/www.integrationwien.at\/blog\/index.php?rest_route=%2Fwp%2Fv2%2Fmedia&parent=366"}],"wp:term":[{"taxonomy":"category","embeddable":true,"href":"https:\/\/www.integrationwien.at\/blog\/index.php?rest_route=%2Fwp%2Fv2%2Fcategories&post=366"},{"taxonomy":"post_tag","embeddable":true,"href":"https:\/\/www.integrationwien.at\/blog\/index.php?rest_route=%2Fwp%2Fv2%2Ftags&post=366"}],"curies":[{"name":"wp","href":"https:\/\/api.w.org\/{rel}","templated":true}]}}