{"id":362,"date":"2015-02-01T16:14:56","date_gmt":"2015-02-01T14:14:56","guid":{"rendered":"http:\/\/www.integrationwien.at\/blog\/?p=362"},"modified":"2015-02-01T16:14:56","modified_gmt":"2015-02-01T14:14:56","slug":"buhne-frei-fur-eislaufschuhe-und-glamour","status":"publish","type":"post","link":"https:\/\/www.integrationwien.at\/blog\/?p=362","title":{"rendered":"B\u00fchne frei f\u00fcr Eislaufschuhe und Glamour"},"content":{"rendered":"<p>Der wochenlang ersehnte Nachmittag ist endlich da \u2013 \u201eHoliday on Ice\u201c in der Stadthalle. DER j\u00e4hrliche Fixpunkt schlechthin f\u00fcr Linda und es war wieder einmal wunderbar!<\/p>\n<p>Die diesj\u00e4hrige Vorf\u00fchrung stand unter dem Motto \u201ePlatinum\u201c- 70 Jahre Jubil\u00e4um von Holiday on Ice und die Eisl\u00e4ufer verzauberten uns wieder mit extravaganten Kost\u00fcmen, toller Musik und einfach ausgezeichneter Eislaufkunst!<\/p>\n<p><a href=\"http:\/\/www.integrationwien.at\/blog\/wp-content\/uploads\/2015\/02\/CAM00038.jpg\" target=\"_blank\"><span class=\"Apple-style-span\" style=\"line-height: 14px;\"><img loading=\"lazy\" decoding=\"async\" class=\"alignnone  wp-image-371\" alt=\"CAM00038\" src=\"http:\/\/www.integrationwien.at\/blog\/wp-content\/uploads\/2015\/02\/CAM00038.jpg\" width=\"300\" height=\"300\" \/><\/span><\/a><\/p>\n<p>Linda und ich sind unter den ersten in der Halle \u2013 perfekt ausger\u00fcstet mit Programmheft, Verpflegung und Fotokamera warten wir gespannt bis es endlich losgeht. Und dann \u2013 Licht aus \u2013Scheinwerfer an \u2013 Eisfl\u00e4che frei. Von ruhigen Liedern zu aufregenden, waghalsigen Nummern in 10 Meter H\u00f6he bis zum Wahnsinn an Pirouetten. Das Programm ist bunt gemischt. Jede Bewegung und jeder Sprung sitzen und wir kommen aus dem Klatschen fast gar nicht mehr raus\u2026 Die Kost\u00fcme begeistern uns auch und wir wundern uns, wie man damit so gut tanzen kann. Nach 2 Stunden ist die perfekt in Szene gesetzte Show leider auch schon vor\u00fcber. \u00dcbrig bleiben sch\u00f6ne Erinnerungen, der ein oder andere Ohrwurm und jede Menge Verpflegung\u2026 \ud83d\ude09<\/p>\n<p>Yasmin Stoderegger, Freizeitassistentin bei Integration Wien<\/p>\n","protected":false},"excerpt":{"rendered":"<p>Der wochenlang ersehnte Nachmittag ist endlich da \u2013 \u201eHoliday on Ice\u201c in der Stadthalle. DER j\u00e4hrliche Fixpunkt schlechthin f\u00fcr Linda und es war wieder einmal wunderbar! Die diesj\u00e4hrige Vorf\u00fchrung stand unter dem Motto \u201ePlatinum\u201c- 70 Jahre Jubil\u00e4um von Holiday on Ice und die Eisl\u00e4ufer verzauberten uns wieder mit extravaganten Kost\u00fcmen, toller Musik und einfach ausgezeichneter [&hellip;]<\/p>\n","protected":false},"author":3,"featured_media":0,"comment_status":"closed","ping_status":"open","sticky":false,"template":"","format":"standard","meta":{"footnotes":""},"categories":[2],"tags":[],"class_list":["post-362","post","type-post","status-publish","format-standard","hentry","category-freizeitassistenz"],"yoast_head":"<!-- This site is optimized with the Yoast SEO plugin v25.8 - https:\/\/yoast.com\/wordpress\/plugins\/seo\/ -->\n<title>B\u00fchne frei f\u00fcr Eislaufschuhe und Glamour - Integration Wien<\/title>\n<meta name=\"robots\" content=\"index, follow, max-snippet:-1, max-image-preview:large, max-video-preview:-1\" \/>\n<link rel=\"canonical\" href=\"https:\/\/www.integrationwien.at\/blog\/?p=362\" \/>\n<meta property=\"og:locale\" content=\"de_DE\" \/>\n<meta property=\"og:type\" content=\"article\" \/>\n<meta property=\"og:title\" content=\"B\u00fchne frei f\u00fcr Eislaufschuhe und Glamour - Integration Wien\" \/>\n<meta property=\"og:description\" content=\"Der wochenlang ersehnte Nachmittag ist endlich da \u2013 \u201eHoliday on Ice\u201c in der Stadthalle. DER j\u00e4hrliche Fixpunkt schlechthin f\u00fcr Linda und es war wieder einmal wunderbar! Die diesj\u00e4hrige Vorf\u00fchrung stand unter dem Motto \u201ePlatinum\u201c- 70 Jahre Jubil\u00e4um von Holiday on Ice und die Eisl\u00e4ufer verzauberten uns wieder mit extravaganten Kost\u00fcmen, toller Musik und einfach ausgezeichneter [&hellip;]\" \/>\n<meta property=\"og:url\" content=\"https:\/\/www.integrationwien.at\/blog\/?p=362\" \/>\n<meta property=\"og:site_name\" content=\"Integration Wien\" \/>\n<meta property=\"article:published_time\" content=\"2015-02-01T14:14:56+00:00\" \/>\n<meta property=\"og:image\" content=\"http:\/\/www.integrationwien.at\/blog\/wp-content\/uploads\/2015\/02\/CAM00038.jpg\" \/>\n<meta name=\"author\" content=\"Wolfgang Eller\" \/>\n<meta name=\"twitter:card\" content=\"summary_large_image\" \/>\n<meta name=\"twitter:label1\" content=\"Verfasst von\" \/>\n\t<meta name=\"twitter:data1\" content=\"Wolfgang Eller\" \/>\n\t<meta name=\"twitter:label2\" content=\"Gesch\u00e4tzte Lesezeit\" \/>\n\t<meta name=\"twitter:data2\" content=\"1\u00a0Minute\" \/>\n<script type=\"application\/ld+json\" class=\"yoast-schema-graph\">{\"@context\":\"https:\/\/schema.org\",\"@graph\":[{\"@type\":\"WebPage\",\"@id\":\"https:\/\/www.integrationwien.at\/blog\/?p=362\",\"url\":\"https:\/\/www.integrationwien.at\/blog\/?p=362\",\"name\":\"B\u00fchne frei f\u00fcr Eislaufschuhe und Glamour - Integration Wien\",\"isPartOf\":{\"@id\":\"https:\/\/www.integrationwien.at\/blog\/#website\"},\"primaryImageOfPage\":{\"@id\":\"https:\/\/www.integrationwien.at\/blog\/?p=362#primaryimage\"},\"image\":{\"@id\":\"https:\/\/www.integrationwien.at\/blog\/?p=362#primaryimage\"},\"thumbnailUrl\":\"http:\/\/www.integrationwien.at\/blog\/wp-content\/uploads\/2015\/02\/CAM00038.jpg\",\"datePublished\":\"2015-02-01T14:14:56+00:00\",\"author\":{\"@id\":\"https:\/\/www.integrationwien.at\/blog\/#\/schema\/person\/60a655f103366dfe4691156c1a0b674b\"},\"breadcrumb\":{\"@id\":\"https:\/\/www.integrationwien.at\/blog\/?p=362#breadcrumb\"},\"inLanguage\":\"de\",\"potentialAction\":[{\"@type\":\"ReadAction\",\"target\":[\"https:\/\/www.integrationwien.at\/blog\/?p=362\"]}]},{\"@type\":\"ImageObject\",\"inLanguage\":\"de\",\"@id\":\"https:\/\/www.integrationwien.at\/blog\/?p=362#primaryimage\",\"url\":\"http:\/\/www.integrationwien.at\/blog\/wp-content\/uploads\/2015\/02\/CAM00038.jpg\",\"contentUrl\":\"http:\/\/www.integrationwien.at\/blog\/wp-content\/uploads\/2015\/02\/CAM00038.jpg\"},{\"@type\":\"BreadcrumbList\",\"@id\":\"https:\/\/www.integrationwien.at\/blog\/?p=362#breadcrumb\",\"itemListElement\":[{\"@type\":\"ListItem\",\"position\":1,\"name\":\"Startseite\",\"item\":\"https:\/\/www.integrationwien.at\/blog\"},{\"@type\":\"ListItem\",\"position\":2,\"name\":\"B\u00fchne frei f\u00fcr Eislaufschuhe und Glamour\"}]},{\"@type\":\"WebSite\",\"@id\":\"https:\/\/www.integrationwien.at\/blog\/#website\",\"url\":\"https:\/\/www.integrationwien.at\/blog\/\",\"name\":\"Integration Wien\",\"description\":\"\",\"potentialAction\":[{\"@type\":\"SearchAction\",\"target\":{\"@type\":\"EntryPoint\",\"urlTemplate\":\"https:\/\/www.integrationwien.at\/blog\/?s={search_term_string}\"},\"query-input\":{\"@type\":\"PropertyValueSpecification\",\"valueRequired\":true,\"valueName\":\"search_term_string\"}}],\"inLanguage\":\"de\"},{\"@type\":\"Person\",\"@id\":\"https:\/\/www.integrationwien.at\/blog\/#\/schema\/person\/60a655f103366dfe4691156c1a0b674b\",\"name\":\"Wolfgang Eller\",\"image\":{\"@type\":\"ImageObject\",\"inLanguage\":\"de\",\"@id\":\"https:\/\/www.integrationwien.at\/blog\/#\/schema\/person\/image\/\",\"url\":\"https:\/\/secure.gravatar.com\/avatar\/558c56d800c4becf67eda72f8aa1f9f3cfa783d555f9a1d44ae26d66bb5ba18f?s=96&d=retro&r=g\",\"contentUrl\":\"https:\/\/secure.gravatar.com\/avatar\/558c56d800c4becf67eda72f8aa1f9f3cfa783d555f9a1d44ae26d66bb5ba18f?s=96&d=retro&r=g\",\"caption\":\"Wolfgang Eller\"},\"url\":\"https:\/\/www.integrationwien.at\/blog\/?author=3\"}]}<\/script>\n<!-- \/ Yoast SEO plugin. -->","yoast_head_json":{"title":"B\u00fchne frei f\u00fcr Eislaufschuhe und Glamour - Integration Wien","robots":{"index":"index","follow":"follow","max-snippet":"max-snippet:-1","max-image-preview":"max-image-preview:large","max-video-preview":"max-video-preview:-1"},"canonical":"https:\/\/www.integrationwien.at\/blog\/?p=362","og_locale":"de_DE","og_type":"article","og_title":"B\u00fchne frei f\u00fcr Eislaufschuhe und Glamour - Integration Wien","og_description":"Der wochenlang ersehnte Nachmittag ist endlich da \u2013 \u201eHoliday on Ice\u201c in der Stadthalle. DER j\u00e4hrliche Fixpunkt schlechthin f\u00fcr Linda und es war wieder einmal wunderbar! Die diesj\u00e4hrige Vorf\u00fchrung stand unter dem Motto \u201ePlatinum\u201c- 70 Jahre Jubil\u00e4um von Holiday on Ice und die Eisl\u00e4ufer verzauberten uns wieder mit extravaganten Kost\u00fcmen, toller Musik und einfach ausgezeichneter [&hellip;]","og_url":"https:\/\/www.integrationwien.at\/blog\/?p=362","og_site_name":"Integration Wien","article_published_time":"2015-02-01T14:14:56+00:00","og_image":[{"url":"http:\/\/www.integrationwien.at\/blog\/wp-content\/uploads\/2015\/02\/CAM00038.jpg","type":"","width":"","height":""}],"author":"Wolfgang Eller","twitter_card":"summary_large_image","twitter_misc":{"Verfasst von":"Wolfgang Eller","Gesch\u00e4tzte Lesezeit":"1\u00a0Minute"},"schema":{"@context":"https:\/\/schema.org","@graph":[{"@type":"WebPage","@id":"https:\/\/www.integrationwien.at\/blog\/?p=362","url":"https:\/\/www.integrationwien.at\/blog\/?p=362","name":"B\u00fchne frei f\u00fcr Eislaufschuhe und Glamour - Integration Wien","isPartOf":{"@id":"https:\/\/www.integrationwien.at\/blog\/#website"},"primaryImageOfPage":{"@id":"https:\/\/www.integrationwien.at\/blog\/?p=362#primaryimage"},"image":{"@id":"https:\/\/www.integrationwien.at\/blog\/?p=362#primaryimage"},"thumbnailUrl":"http:\/\/www.integrationwien.at\/blog\/wp-content\/uploads\/2015\/02\/CAM00038.jpg","datePublished":"2015-02-01T14:14:56+00:00","author":{"@id":"https:\/\/www.integrationwien.at\/blog\/#\/schema\/person\/60a655f103366dfe4691156c1a0b674b"},"breadcrumb":{"@id":"https:\/\/www.integrationwien.at\/blog\/?p=362#breadcrumb"},"inLanguage":"de","potentialAction":[{"@type":"ReadAction","target":["https:\/\/www.integrationwien.at\/blog\/?p=362"]}]},{"@type":"ImageObject","inLanguage":"de","@id":"https:\/\/www.integrationwien.at\/blog\/?p=362#primaryimage","url":"http:\/\/www.integrationwien.at\/blog\/wp-content\/uploads\/2015\/02\/CAM00038.jpg","contentUrl":"http:\/\/www.integrationwien.at\/blog\/wp-content\/uploads\/2015\/02\/CAM00038.jpg"},{"@type":"BreadcrumbList","@id":"https:\/\/www.integrationwien.at\/blog\/?p=362#breadcrumb","itemListElement":[{"@type":"ListItem","position":1,"name":"Startseite","item":"https:\/\/www.integrationwien.at\/blog"},{"@type":"ListItem","position":2,"name":"B\u00fchne frei f\u00fcr Eislaufschuhe und Glamour"}]},{"@type":"WebSite","@id":"https:\/\/www.integrationwien.at\/blog\/#website","url":"https:\/\/www.integrationwien.at\/blog\/","name":"Integration Wien","description":"","potentialAction":[{"@type":"SearchAction","target":{"@type":"EntryPoint","urlTemplate":"https:\/\/www.integrationwien.at\/blog\/?s={search_term_string}"},"query-input":{"@type":"PropertyValueSpecification","valueRequired":true,"valueName":"search_term_string"}}],"inLanguage":"de"},{"@type":"Person","@id":"https:\/\/www.integrationwien.at\/blog\/#\/schema\/person\/60a655f103366dfe4691156c1a0b674b","name":"Wolfgang Eller","image":{"@type":"ImageObject","inLanguage":"de","@id":"https:\/\/www.integrationwien.at\/blog\/#\/schema\/person\/image\/","url":"https:\/\/secure.gravatar.com\/avatar\/558c56d800c4becf67eda72f8aa1f9f3cfa783d555f9a1d44ae26d66bb5ba18f?s=96&d=retro&r=g","contentUrl":"https:\/\/secure.gravatar.com\/avatar\/558c56d800c4becf67eda72f8aa1f9f3cfa783d555f9a1d44ae26d66bb5ba18f?s=96&d=retro&r=g","caption":"Wolfgang Eller"},"url":"https:\/\/www.integrationwien.at\/blog\/?author=3"}]}},"_links":{"self":[{"href":"https:\/\/www.integrationwien.at\/blog\/index.php?rest_route=\/wp\/v2\/posts\/362","targetHints":{"allow":["GET"]}}],"collection":[{"href":"https:\/\/www.integrationwien.at\/blog\/index.php?rest_route=\/wp\/v2\/posts"}],"about":[{"href":"https:\/\/www.integrationwien.at\/blog\/index.php?rest_route=\/wp\/v2\/types\/post"}],"author":[{"embeddable":true,"href":"https:\/\/www.integrationwien.at\/blog\/index.php?rest_route=\/wp\/v2\/users\/3"}],"replies":[{"embeddable":true,"href":"https:\/\/www.integrationwien.at\/blog\/index.php?rest_route=%2Fwp%2Fv2%2Fcomments&post=362"}],"version-history":[{"count":4,"href":"https:\/\/www.integrationwien.at\/blog\/index.php?rest_route=\/wp\/v2\/posts\/362\/revisions"}],"predecessor-version":[{"id":375,"href":"https:\/\/www.integrationwien.at\/blog\/index.php?rest_route=\/wp\/v2\/posts\/362\/revisions\/375"}],"wp:attachment":[{"href":"https:\/\/www.integrationwien.at\/blog\/index.php?rest_route=%2Fwp%2Fv2%2Fmedia&parent=362"}],"wp:term":[{"taxonomy":"category","embeddable":true,"href":"https:\/\/www.integrationwien.at\/blog\/index.php?rest_route=%2Fwp%2Fv2%2Fcategories&post=362"},{"taxonomy":"post_tag","embeddable":true,"href":"https:\/\/www.integrationwien.at\/blog\/index.php?rest_route=%2Fwp%2Fv2%2Ftags&post=362"}],"curies":[{"name":"wp","href":"https:\/\/api.w.org\/{rel}","templated":true}]}}