{"id":3542,"date":"2019-12-04T11:40:39","date_gmt":"2019-12-04T09:40:39","guid":{"rendered":"https:\/\/www.integrationwien.at\/blog\/?p=3542"},"modified":"2019-12-04T11:40:39","modified_gmt":"2019-12-04T09:40:39","slug":"roman-der-herbst-und-ein-schmelztiegel","status":"publish","type":"post","link":"https:\/\/www.integrationwien.at\/blog\/?p=3542","title":{"rendered":"Roman, der Herbst und ein Schmelztiegel"},"content":{"rendered":"\n<p>Was wird man sich denn nun unter diesem Titel schon vorstellen? Zugegebenerma\u00dfen etwas schwierig. Aber das erste Bild kl\u00e4rt gleich \u00fcber zwei der Begriffe im Titel auf. Zum einen sehen wir hier Roman, einen jungen Mann (\u00e4lter als ich) den ich nun seit Oktober begleite \u2013 wir kennen uns allerdings schon l\u00e4nger und haben schon einige Unternehmungen und Abenteuer (Urlaub z.B.) miteinander erlebt. <\/p>\n\n\n\n<figure class=\"wp-block-image size-large\"><img loading=\"lazy\" decoding=\"async\" width=\"1024\" height=\"576\" src=\"https:\/\/www.integrationwien.at\/blog\/wp-content\/uploads\/2019\/12\/20191108_134700-1024x576.jpg\" alt=\"\" class=\"wp-image-3543\" srcset=\"https:\/\/www.integrationwien.at\/blog\/wp-content\/uploads\/2019\/12\/20191108_134700-1024x576.jpg 1024w, https:\/\/www.integrationwien.at\/blog\/wp-content\/uploads\/2019\/12\/20191108_134700-300x169.jpg 300w, https:\/\/www.integrationwien.at\/blog\/wp-content\/uploads\/2019\/12\/20191108_134700-768x432.jpg 768w, https:\/\/www.integrationwien.at\/blog\/wp-content\/uploads\/2019\/12\/20191108_134700-1536x864.jpg 1536w, https:\/\/www.integrationwien.at\/blog\/wp-content\/uploads\/2019\/12\/20191108_134700-2048x1152.jpg 2048w, https:\/\/www.integrationwien.at\/blog\/wp-content\/uploads\/2019\/12\/20191108_134700-624x351.jpg 624w\" sizes=\"auto, (max-width: 1024px) 100vw, 1024px\" \/><figcaption>Roman und Max am Naschmarkt bei einem Gl\u00e4schen Cay. <\/figcaption><\/figure>\n\n\n\n<p><br>Zum andern sehen wir hier den Herbst, nicht direkt, aber durch die dicken Jacken und Hauben k\u00f6nnen wir erahnen, dass sich das Jahr 2019 bereits in einem fortgeschrittenen Stadium befindet. Roman und ich flanierten etwas durch den Wiener Naschmarkt, als uns ein Teeladen in seinen Bann zog. Ich kaufte mir nach umfassendem Studium der Sorten ein \u00bd Kilo t\u00fcrkischen Schwarztee \u2013 Cay. Daraufhin lud uns der Ladenbesitzer auf eine Tasse hei\u00dfen Cay ein \u2013 wir konnten nicht Nein sagen. Diese Tasse Tee passte wiederum sehr gut zum Herbst \u2013 ein weiterer Punkt f\u00fcr den Herbst. <br>Zwei Punkte der \u00dcberschrift wurden nun aufgekl\u00e4rt. Der\/Die aufmerksame Leser\/in d\u00fcrfte bemerkt haben, dass sich in der \u00dcberschrift allerdings noch ein dritter \u2013 etwas un\u00fcblicher Begriff \u2013 befindet. Eventuell kann das n\u00e4chste Bild daf\u00fcr eine Erkl\u00e4rung liefern. <\/p>\n\n\n\n<figure class=\"wp-block-image size-large\"><img loading=\"lazy\" decoding=\"async\" width=\"768\" height=\"1024\" src=\"https:\/\/www.integrationwien.at\/blog\/wp-content\/uploads\/2019\/12\/20191108_154430-Kopie-768x1024.jpg\" alt=\"\" class=\"wp-image-3544\" srcset=\"https:\/\/www.integrationwien.at\/blog\/wp-content\/uploads\/2019\/12\/20191108_154430-Kopie-768x1024.jpg 768w, https:\/\/www.integrationwien.at\/blog\/wp-content\/uploads\/2019\/12\/20191108_154430-Kopie-225x300.jpg 225w, https:\/\/www.integrationwien.at\/blog\/wp-content\/uploads\/2019\/12\/20191108_154430-Kopie-1152x1536.jpg 1152w, https:\/\/www.integrationwien.at\/blog\/wp-content\/uploads\/2019\/12\/20191108_154430-Kopie-1536x2048.jpg 1536w, https:\/\/www.integrationwien.at\/blog\/wp-content\/uploads\/2019\/12\/20191108_154430-Kopie-624x832.jpg 624w, https:\/\/www.integrationwien.at\/blog\/wp-content\/uploads\/2019\/12\/20191108_154430-Kopie-scaled.jpg 1920w\" sizes=\"auto, (max-width: 768px) 100vw, 768px\" \/><figcaption> Roman vor dem LD-Konverter.<\/figcaption><\/figure>\n\n\n\n<p> Szenenwechsel. Wir befinden uns nun im Technischen Museum Wien. Dorthin haben wir uns nach unserem Naschmarkt-Bummel begeben. Besondere Aufmerksamkeit erh\u00e4lt nat\u00fcrlich sofort dieser 9 Meter hohe originale Schmelztiegel. Darin wurde allerdings nicht Gulaschsuppe gekocht, sondern Roheisen zu Stahl veredelt, allerdings nicht im Technischen Museum, sondern in Linz und Donawitz. Informationen, welcher mir der Roman liefern konnte. Wir erkundeten weiter das Museum (schafften ungef\u00e4hr \u00bc der Ausstellungen des Museums) und erz\u00e4hlten uns gegenseitig die Dinge die wir bereits wussten. <\/p>\n\n\n\n<figure class=\"wp-block-image size-large\"><img loading=\"lazy\" decoding=\"async\" width=\"1024\" height=\"576\" src=\"https:\/\/www.integrationwien.at\/blog\/wp-content\/uploads\/2019\/12\/20191108_182206-1024x576.jpg\" alt=\"\" class=\"wp-image-3545\" srcset=\"https:\/\/www.integrationwien.at\/blog\/wp-content\/uploads\/2019\/12\/20191108_182206-1024x576.jpg 1024w, https:\/\/www.integrationwien.at\/blog\/wp-content\/uploads\/2019\/12\/20191108_182206-300x169.jpg 300w, https:\/\/www.integrationwien.at\/blog\/wp-content\/uploads\/2019\/12\/20191108_182206-768x432.jpg 768w, https:\/\/www.integrationwien.at\/blog\/wp-content\/uploads\/2019\/12\/20191108_182206-1536x864.jpg 1536w, https:\/\/www.integrationwien.at\/blog\/wp-content\/uploads\/2019\/12\/20191108_182206-2048x1152.jpg 2048w, https:\/\/www.integrationwien.at\/blog\/wp-content\/uploads\/2019\/12\/20191108_182206-624x351.jpg 624w\" sizes=\"auto, (max-width: 1024px) 100vw, 1024px\" \/><figcaption>Roman, Antti und Max im Cafe \u201eBenno\u201c.<\/figcaption><\/figure>\n\n\n\n<p> <br> Nach dem Besuch im Technischen Museum begaben wir uns gem\u00fctlich ins Cafe Benno, wo wir den Abend noch gem\u00fctlich mit Antti und Bassam und munterem Geschichtenerz\u00e4hlen ausklingen lie\u00dfen. A Day in the life. Bis zum n\u00e4chsten Mal. <br> Ein Beitrag von Max Schauer, Freizeitassistent bei integration wien<\/p>\n","protected":false},"excerpt":{"rendered":"<p>Was wird man sich denn nun unter diesem Titel schon vorstellen? Zugegebenerma\u00dfen etwas schwierig. Aber das erste Bild kl\u00e4rt gleich \u00fcber zwei der Begriffe im Titel auf. Zum einen sehen wir hier Roman, einen jungen Mann (\u00e4lter als ich) den ich nun seit Oktober begleite \u2013 wir kennen uns allerdings schon l\u00e4nger und haben schon [&hellip;]<\/p>\n","protected":false},"author":6,"featured_media":0,"comment_status":"closed","ping_status":"open","sticky":false,"template":"","format":"standard","meta":{"footnotes":""},"categories":[1],"tags":[],"class_list":["post-3542","post","type-post","status-publish","format-standard","hentry","category-allgemein"],"yoast_head":"<!-- This site is optimized with the Yoast SEO plugin v25.8 - https:\/\/yoast.com\/wordpress\/plugins\/seo\/ -->\n<title>Roman, der Herbst und ein Schmelztiegel - Integration Wien<\/title>\n<meta name=\"robots\" content=\"index, follow, max-snippet:-1, max-image-preview:large, max-video-preview:-1\" \/>\n<link rel=\"canonical\" href=\"https:\/\/www.integrationwien.at\/blog\/?p=3542\" \/>\n<meta property=\"og:locale\" content=\"de_DE\" \/>\n<meta property=\"og:type\" content=\"article\" \/>\n<meta property=\"og:title\" content=\"Roman, der Herbst und ein Schmelztiegel - Integration Wien\" \/>\n<meta property=\"og:description\" content=\"Was wird man sich denn nun unter diesem Titel schon vorstellen? Zugegebenerma\u00dfen etwas schwierig. Aber das erste Bild kl\u00e4rt gleich \u00fcber zwei der Begriffe im Titel auf. Zum einen sehen wir hier Roman, einen jungen Mann (\u00e4lter als ich) den ich nun seit Oktober begleite \u2013 wir kennen uns allerdings schon l\u00e4nger und haben schon [&hellip;]\" \/>\n<meta property=\"og:url\" content=\"https:\/\/www.integrationwien.at\/blog\/?p=3542\" \/>\n<meta property=\"og:site_name\" content=\"Integration Wien\" \/>\n<meta property=\"article:published_time\" content=\"2019-12-04T09:40:39+00:00\" \/>\n<meta property=\"og:image\" content=\"https:\/\/www.integrationwien.at\/blog\/wp-content\/uploads\/2019\/12\/20191108_134700-1024x576.jpg\" \/>\n<meta name=\"author\" content=\"Stephanie Weislein\" \/>\n<meta name=\"twitter:card\" content=\"summary_large_image\" \/>\n<meta name=\"twitter:label1\" content=\"Verfasst von\" \/>\n\t<meta name=\"twitter:data1\" content=\"Stephanie Weislein\" \/>\n\t<meta name=\"twitter:label2\" content=\"Gesch\u00e4tzte Lesezeit\" \/>\n\t<meta name=\"twitter:data2\" content=\"2\u00a0Minuten\" \/>\n<script type=\"application\/ld+json\" class=\"yoast-schema-graph\">{\"@context\":\"https:\/\/schema.org\",\"@graph\":[{\"@type\":\"WebPage\",\"@id\":\"https:\/\/www.integrationwien.at\/blog\/?p=3542\",\"url\":\"https:\/\/www.integrationwien.at\/blog\/?p=3542\",\"name\":\"Roman, der Herbst und ein Schmelztiegel - Integration Wien\",\"isPartOf\":{\"@id\":\"https:\/\/www.integrationwien.at\/blog\/#website\"},\"primaryImageOfPage\":{\"@id\":\"https:\/\/www.integrationwien.at\/blog\/?p=3542#primaryimage\"},\"image\":{\"@id\":\"https:\/\/www.integrationwien.at\/blog\/?p=3542#primaryimage\"},\"thumbnailUrl\":\"https:\/\/www.integrationwien.at\/blog\/wp-content\/uploads\/2019\/12\/20191108_134700-1024x576.jpg\",\"datePublished\":\"2019-12-04T09:40:39+00:00\",\"author\":{\"@id\":\"https:\/\/www.integrationwien.at\/blog\/#\/schema\/person\/a8be130fc331a8ff34836b0e52025b2f\"},\"breadcrumb\":{\"@id\":\"https:\/\/www.integrationwien.at\/blog\/?p=3542#breadcrumb\"},\"inLanguage\":\"de\",\"potentialAction\":[{\"@type\":\"ReadAction\",\"target\":[\"https:\/\/www.integrationwien.at\/blog\/?p=3542\"]}]},{\"@type\":\"ImageObject\",\"inLanguage\":\"de\",\"@id\":\"https:\/\/www.integrationwien.at\/blog\/?p=3542#primaryimage\",\"url\":\"https:\/\/www.integrationwien.at\/blog\/wp-content\/uploads\/2019\/12\/20191108_134700.jpg\",\"contentUrl\":\"https:\/\/www.integrationwien.at\/blog\/wp-content\/uploads\/2019\/12\/20191108_134700.jpg\",\"width\":2560,\"height\":1440,\"caption\":\"Roman und Max am Naschmarkt bei einem Gl\u00e4schen Cay.\"},{\"@type\":\"BreadcrumbList\",\"@id\":\"https:\/\/www.integrationwien.at\/blog\/?p=3542#breadcrumb\",\"itemListElement\":[{\"@type\":\"ListItem\",\"position\":1,\"name\":\"Startseite\",\"item\":\"https:\/\/www.integrationwien.at\/blog\"},{\"@type\":\"ListItem\",\"position\":2,\"name\":\"Roman, der Herbst und ein Schmelztiegel\"}]},{\"@type\":\"WebSite\",\"@id\":\"https:\/\/www.integrationwien.at\/blog\/#website\",\"url\":\"https:\/\/www.integrationwien.at\/blog\/\",\"name\":\"Integration Wien\",\"description\":\"\",\"potentialAction\":[{\"@type\":\"SearchAction\",\"target\":{\"@type\":\"EntryPoint\",\"urlTemplate\":\"https:\/\/www.integrationwien.at\/blog\/?s={search_term_string}\"},\"query-input\":{\"@type\":\"PropertyValueSpecification\",\"valueRequired\":true,\"valueName\":\"search_term_string\"}}],\"inLanguage\":\"de\"},{\"@type\":\"Person\",\"@id\":\"https:\/\/www.integrationwien.at\/blog\/#\/schema\/person\/a8be130fc331a8ff34836b0e52025b2f\",\"name\":\"Stephanie Weislein\",\"image\":{\"@type\":\"ImageObject\",\"inLanguage\":\"de\",\"@id\":\"https:\/\/www.integrationwien.at\/blog\/#\/schema\/person\/image\/\",\"url\":\"https:\/\/secure.gravatar.com\/avatar\/95b672ecb042ae12c70baf4413d559953d9489654736bb86ab006efba4d212cd?s=96&d=retro&r=g\",\"contentUrl\":\"https:\/\/secure.gravatar.com\/avatar\/95b672ecb042ae12c70baf4413d559953d9489654736bb86ab006efba4d212cd?s=96&d=retro&r=g\",\"caption\":\"Stephanie Weislein\"},\"url\":\"https:\/\/www.integrationwien.at\/blog\/?author=6\"}]}<\/script>\n<!-- \/ Yoast SEO plugin. -->","yoast_head_json":{"title":"Roman, der Herbst und ein Schmelztiegel - Integration Wien","robots":{"index":"index","follow":"follow","max-snippet":"max-snippet:-1","max-image-preview":"max-image-preview:large","max-video-preview":"max-video-preview:-1"},"canonical":"https:\/\/www.integrationwien.at\/blog\/?p=3542","og_locale":"de_DE","og_type":"article","og_title":"Roman, der Herbst und ein Schmelztiegel - Integration Wien","og_description":"Was wird man sich denn nun unter diesem Titel schon vorstellen? Zugegebenerma\u00dfen etwas schwierig. Aber das erste Bild kl\u00e4rt gleich \u00fcber zwei der Begriffe im Titel auf. Zum einen sehen wir hier Roman, einen jungen Mann (\u00e4lter als ich) den ich nun seit Oktober begleite \u2013 wir kennen uns allerdings schon l\u00e4nger und haben schon [&hellip;]","og_url":"https:\/\/www.integrationwien.at\/blog\/?p=3542","og_site_name":"Integration Wien","article_published_time":"2019-12-04T09:40:39+00:00","og_image":[{"url":"https:\/\/www.integrationwien.at\/blog\/wp-content\/uploads\/2019\/12\/20191108_134700-1024x576.jpg","type":"","width":"","height":""}],"author":"Stephanie Weislein","twitter_card":"summary_large_image","twitter_misc":{"Verfasst von":"Stephanie Weislein","Gesch\u00e4tzte Lesezeit":"2\u00a0Minuten"},"schema":{"@context":"https:\/\/schema.org","@graph":[{"@type":"WebPage","@id":"https:\/\/www.integrationwien.at\/blog\/?p=3542","url":"https:\/\/www.integrationwien.at\/blog\/?p=3542","name":"Roman, der Herbst und ein Schmelztiegel - Integration Wien","isPartOf":{"@id":"https:\/\/www.integrationwien.at\/blog\/#website"},"primaryImageOfPage":{"@id":"https:\/\/www.integrationwien.at\/blog\/?p=3542#primaryimage"},"image":{"@id":"https:\/\/www.integrationwien.at\/blog\/?p=3542#primaryimage"},"thumbnailUrl":"https:\/\/www.integrationwien.at\/blog\/wp-content\/uploads\/2019\/12\/20191108_134700-1024x576.jpg","datePublished":"2019-12-04T09:40:39+00:00","author":{"@id":"https:\/\/www.integrationwien.at\/blog\/#\/schema\/person\/a8be130fc331a8ff34836b0e52025b2f"},"breadcrumb":{"@id":"https:\/\/www.integrationwien.at\/blog\/?p=3542#breadcrumb"},"inLanguage":"de","potentialAction":[{"@type":"ReadAction","target":["https:\/\/www.integrationwien.at\/blog\/?p=3542"]}]},{"@type":"ImageObject","inLanguage":"de","@id":"https:\/\/www.integrationwien.at\/blog\/?p=3542#primaryimage","url":"https:\/\/www.integrationwien.at\/blog\/wp-content\/uploads\/2019\/12\/20191108_134700.jpg","contentUrl":"https:\/\/www.integrationwien.at\/blog\/wp-content\/uploads\/2019\/12\/20191108_134700.jpg","width":2560,"height":1440,"caption":"Roman und Max am Naschmarkt bei einem Gl\u00e4schen Cay."},{"@type":"BreadcrumbList","@id":"https:\/\/www.integrationwien.at\/blog\/?p=3542#breadcrumb","itemListElement":[{"@type":"ListItem","position":1,"name":"Startseite","item":"https:\/\/www.integrationwien.at\/blog"},{"@type":"ListItem","position":2,"name":"Roman, der Herbst und ein Schmelztiegel"}]},{"@type":"WebSite","@id":"https:\/\/www.integrationwien.at\/blog\/#website","url":"https:\/\/www.integrationwien.at\/blog\/","name":"Integration Wien","description":"","potentialAction":[{"@type":"SearchAction","target":{"@type":"EntryPoint","urlTemplate":"https:\/\/www.integrationwien.at\/blog\/?s={search_term_string}"},"query-input":{"@type":"PropertyValueSpecification","valueRequired":true,"valueName":"search_term_string"}}],"inLanguage":"de"},{"@type":"Person","@id":"https:\/\/www.integrationwien.at\/blog\/#\/schema\/person\/a8be130fc331a8ff34836b0e52025b2f","name":"Stephanie Weislein","image":{"@type":"ImageObject","inLanguage":"de","@id":"https:\/\/www.integrationwien.at\/blog\/#\/schema\/person\/image\/","url":"https:\/\/secure.gravatar.com\/avatar\/95b672ecb042ae12c70baf4413d559953d9489654736bb86ab006efba4d212cd?s=96&d=retro&r=g","contentUrl":"https:\/\/secure.gravatar.com\/avatar\/95b672ecb042ae12c70baf4413d559953d9489654736bb86ab006efba4d212cd?s=96&d=retro&r=g","caption":"Stephanie Weislein"},"url":"https:\/\/www.integrationwien.at\/blog\/?author=6"}]}},"_links":{"self":[{"href":"https:\/\/www.integrationwien.at\/blog\/index.php?rest_route=\/wp\/v2\/posts\/3542","targetHints":{"allow":["GET"]}}],"collection":[{"href":"https:\/\/www.integrationwien.at\/blog\/index.php?rest_route=\/wp\/v2\/posts"}],"about":[{"href":"https:\/\/www.integrationwien.at\/blog\/index.php?rest_route=\/wp\/v2\/types\/post"}],"author":[{"embeddable":true,"href":"https:\/\/www.integrationwien.at\/blog\/index.php?rest_route=\/wp\/v2\/users\/6"}],"replies":[{"embeddable":true,"href":"https:\/\/www.integrationwien.at\/blog\/index.php?rest_route=%2Fwp%2Fv2%2Fcomments&post=3542"}],"version-history":[{"count":1,"href":"https:\/\/www.integrationwien.at\/blog\/index.php?rest_route=\/wp\/v2\/posts\/3542\/revisions"}],"predecessor-version":[{"id":3546,"href":"https:\/\/www.integrationwien.at\/blog\/index.php?rest_route=\/wp\/v2\/posts\/3542\/revisions\/3546"}],"wp:attachment":[{"href":"https:\/\/www.integrationwien.at\/blog\/index.php?rest_route=%2Fwp%2Fv2%2Fmedia&parent=3542"}],"wp:term":[{"taxonomy":"category","embeddable":true,"href":"https:\/\/www.integrationwien.at\/blog\/index.php?rest_route=%2Fwp%2Fv2%2Fcategories&post=3542"},{"taxonomy":"post_tag","embeddable":true,"href":"https:\/\/www.integrationwien.at\/blog\/index.php?rest_route=%2Fwp%2Fv2%2Ftags&post=3542"}],"curies":[{"name":"wp","href":"https:\/\/api.w.org\/{rel}","templated":true}]}}