{"id":3536,"date":"2019-11-19T08:00:27","date_gmt":"2019-11-19T06:00:27","guid":{"rendered":"https:\/\/www.integrationwien.at\/blog\/?p=3536"},"modified":"2019-11-14T13:41:51","modified_gmt":"2019-11-14T11:41:51","slug":"stammtischgeschichten","status":"publish","type":"post","link":"https:\/\/www.integrationwien.at\/blog\/?p=3536","title":{"rendered":"Stammtischgeschichten"},"content":{"rendered":"\n<div class=\"wp-block-image\"><figure class=\"aligncenter is-resized\"><img loading=\"lazy\" decoding=\"async\" src=\"https:\/\/www.integrationwien.at\/blog\/wp-content\/uploads\/2019\/11\/IMG_1750-1024x768.jpg\" alt=\"\" class=\"wp-image-3532\" width=\"424\" height=\"317\" srcset=\"https:\/\/www.integrationwien.at\/blog\/wp-content\/uploads\/2019\/11\/IMG_1750-1024x768.jpg 1024w, https:\/\/www.integrationwien.at\/blog\/wp-content\/uploads\/2019\/11\/IMG_1750-300x225.jpg 300w, https:\/\/www.integrationwien.at\/blog\/wp-content\/uploads\/2019\/11\/IMG_1750-768x576.jpg 768w, https:\/\/www.integrationwien.at\/blog\/wp-content\/uploads\/2019\/11\/IMG_1750-624x468.jpg 624w\" sizes=\"auto, (max-width: 424px) 100vw, 424px\" \/><figcaption>Die Tische sind voll, beim Stammtisch im Wirr!<\/figcaption><\/figure><\/div>\n\n\n\n<p>Die niedrigen\nTemperaturen, der str\u00f6mende Regen und pfeifende Wind des Novembers verlegt die\nAktivit\u00e4tsbereiche der Freizeitassistenz zumeist in die wohligen Innenr\u00e4ume der\nStadt. Drau\u00dfen sp\u00fcrt man die K\u00e4lte, doch diese ist noch nicht soweit\nfortgeschritten, um die Regentropfen in Schneekristalle zu verwandeln und Wien in\neine wei\u00dfe Decke zu h\u00fcllen mit der die Vorz\u00fcge des Winters einhergehen. Dicke\nPullis und Winterjacken schaffen auch in diesen Tagen Abhilfe gegen das tr\u00fcbe\nKlima, doch in den Monaten, in denen es die Sonne eilig zu haben scheint den\nHorizont zu verlassen, bedarf es wohl weniger physischer, sondern eher sozialer\nW\u00e4rme.<\/p>\n\n\n\n<div class=\"wp-block-image\"><figure class=\"aligncenter is-resized\"><img loading=\"lazy\" decoding=\"async\" src=\"https:\/\/www.integrationwien.at\/blog\/wp-content\/uploads\/2019\/11\/IMG-20191112-WA0003-1024x768.jpg\" alt=\"\" class=\"wp-image-3531\" width=\"474\" height=\"355\" srcset=\"https:\/\/www.integrationwien.at\/blog\/wp-content\/uploads\/2019\/11\/IMG-20191112-WA0003-1024x768.jpg 1024w, https:\/\/www.integrationwien.at\/blog\/wp-content\/uploads\/2019\/11\/IMG-20191112-WA0003-300x225.jpg 300w, https:\/\/www.integrationwien.at\/blog\/wp-content\/uploads\/2019\/11\/IMG-20191112-WA0003-768x576.jpg 768w, https:\/\/www.integrationwien.at\/blog\/wp-content\/uploads\/2019\/11\/IMG-20191112-WA0003-624x468.jpg 624w, https:\/\/www.integrationwien.at\/blog\/wp-content\/uploads\/2019\/11\/IMG-20191112-WA0003.jpg 1600w\" sizes=\"auto, (max-width: 474px) 100vw, 474px\" \/><figcaption>Moritz genie\u00dft sein Fanta!<\/figcaption><\/figure><\/div>\n\n\n\n<div class=\"wp-block-image\"><figure class=\"alignleft is-resized\"><img loading=\"lazy\" decoding=\"async\" src=\"https:\/\/www.integrationwien.at\/blog\/wp-content\/uploads\/2019\/11\/IMG_1759-e1573731590667-768x1024.jpg\" alt=\"\" class=\"wp-image-3534\" width=\"275\" height=\"366\" srcset=\"https:\/\/www.integrationwien.at\/blog\/wp-content\/uploads\/2019\/11\/IMG_1759-e1573731590667-768x1024.jpg 768w, https:\/\/www.integrationwien.at\/blog\/wp-content\/uploads\/2019\/11\/IMG_1759-e1573731590667-225x300.jpg 225w, https:\/\/www.integrationwien.at\/blog\/wp-content\/uploads\/2019\/11\/IMG_1759-e1573731590667-624x832.jpg 624w\" sizes=\"auto, (max-width: 275px) 100vw, 275px\" \/><figcaption>Thomas beim Plaudern<\/figcaption><\/figure><\/div>\n\n\n\n<p>Deshalb versammelten\nsich am 12.11. wieder 10 (+) Assistenzpaare, um sich beim gemeinsamen\nStammtisch im <em>Wirr <\/em>auszutauschen. Der\nOrganisator des Stammtisches, Freizeitassistent Haris, hatte an diesem Tag\nsogar Geburtstag und lud zum fr\u00f6hlichen Feiern ein. Dies f\u00fchrte dazu, dass beim\nStammtisch nicht nur Personen aus dem Kosmos der Integration Wien anwesend\nwaren, sondern auch einige FreundInnen von Haris \u2013 Inklusion pur.<\/p>\n\n\n\n<p>Das Spannende an\nden monatlich stattfindenden Stammtischen ergibt sich daraus, dass sie\neigentlich recht <em>unspektakul\u00e4r <\/em>verlaufen.\nWie bei jedem anderen Stammtisch wird gut gegessen und getrunken, es findet ein\nreger Austausch zwischen allen TeilnehmerInnen statt, Pl\u00e4ne werden geschmiedet,\nneue Freundschaften geschlossen, alte gepflegt.<\/p>\n\n\n\n<p>Moritz bot Ida und\nLuise beispielsweise an, einmal gemeinsam Eislaufen (oder \u201cSchlittschuhlaufen\u201c,\nwie Ida zu sagen pflegt) zu gehen. Luise war sehr begeistert von der Idee, ich\nw\u00fcrde gar sagen \u201cFeuer und Flamme\u201c, wenn dies im Kontext des Eises nicht eher\nunpassend w\u00e4re. So werden wir uns, sobald die die Eislaufpl\u00e4tze er\u00f6ffnet sind,\ntreffen und Luise das <em>Schlittschuhlaufen <\/em>n\u00e4herbringen.<\/p>\n\n\n\n<div class=\"wp-block-image\"><figure class=\"alignright is-resized\"><img loading=\"lazy\" decoding=\"async\" src=\"https:\/\/www.integrationwien.at\/blog\/wp-content\/uploads\/2019\/11\/IMG_1756-576x1024.jpg\" alt=\"\" class=\"wp-image-3533\" width=\"244\" height=\"434\" srcset=\"https:\/\/www.integrationwien.at\/blog\/wp-content\/uploads\/2019\/11\/IMG_1756-576x1024.jpg 576w, https:\/\/www.integrationwien.at\/blog\/wp-content\/uploads\/2019\/11\/IMG_1756-169x300.jpg 169w, https:\/\/www.integrationwien.at\/blog\/wp-content\/uploads\/2019\/11\/IMG_1756-624x1109.jpg 624w, https:\/\/www.integrationwien.at\/blog\/wp-content\/uploads\/2019\/11\/IMG_1756.jpg 720w\" sizes=\"auto, (max-width: 244px) 100vw, 244px\" \/><figcaption>Reser-viert f\u00fcr die Freizeitassistenz!<\/figcaption><\/figure><\/div>\n\n\n\n<p>Die gemeinsamen\nStammtische sind jedes Mal so erhellend, weil sie die Zelebration des\nAllt\u00e4glichen darstellen. <em>Freizeitassistenz<\/em>\nmuss nicht immer die Suche nach den au\u00dfergew\u00f6hnlichsten Aktivit\u00e4ten bedeuten. Auch\ngem\u00fctliches Beisammensein kann alle Beteiligten ein St\u00fcckchen nach <em>Vorne <\/em>bringen. Ich denke daraus ergibt\nsich auch der hohe Andrang an diese Events, bei denen die reservierten Tische\nrandvoll ausgelastet sind und die \u00fcbrigen G\u00e4ste neugierige Blicke auf das\nstattfindende Fest werfen. Ich freue mich also auf den n\u00e4chsten Stammtisch, der\nwieder au\u00dfergew\u00f6hnlich gew\u00f6hnlich sein wird, aber auch auf das gemeinsame\nEislaufen mit Moritz, Ida und Luise bei dem auch wieder ein kleines Ma\u00df an Nervenkitzel\naufkommen wird.<\/p>\n\n\n\n<p>Ein Beitrag von\nJulian Reitetschl\u00e4ger, Freizeitassistent bei integration wien<\/p>\n","protected":false},"excerpt":{"rendered":"<p>Die niedrigen Temperaturen, der str\u00f6mende Regen und pfeifende Wind des Novembers verlegt die Aktivit\u00e4tsbereiche der Freizeitassistenz zumeist in die wohligen Innenr\u00e4ume der Stadt. Drau\u00dfen sp\u00fcrt man die K\u00e4lte, doch diese ist noch nicht soweit fortgeschritten, um die Regentropfen in Schneekristalle zu verwandeln und Wien in eine wei\u00dfe Decke zu h\u00fcllen mit der die Vorz\u00fcge des [&hellip;]<\/p>\n","protected":false},"author":6,"featured_media":0,"comment_status":"closed","ping_status":"open","sticky":false,"template":"","format":"standard","meta":{"footnotes":""},"categories":[1],"tags":[],"class_list":["post-3536","post","type-post","status-publish","format-standard","hentry","category-allgemein"],"yoast_head":"<!-- This site is optimized with the Yoast SEO plugin v25.8 - https:\/\/yoast.com\/wordpress\/plugins\/seo\/ -->\n<title>Stammtischgeschichten - Integration Wien<\/title>\n<meta name=\"robots\" content=\"index, follow, max-snippet:-1, max-image-preview:large, max-video-preview:-1\" \/>\n<link rel=\"canonical\" href=\"https:\/\/www.integrationwien.at\/blog\/?p=3536\" \/>\n<meta property=\"og:locale\" content=\"de_DE\" \/>\n<meta property=\"og:type\" content=\"article\" \/>\n<meta property=\"og:title\" content=\"Stammtischgeschichten - Integration Wien\" \/>\n<meta property=\"og:description\" content=\"Die niedrigen Temperaturen, der str\u00f6mende Regen und pfeifende Wind des Novembers verlegt die Aktivit\u00e4tsbereiche der Freizeitassistenz zumeist in die wohligen Innenr\u00e4ume der Stadt. Drau\u00dfen sp\u00fcrt man die K\u00e4lte, doch diese ist noch nicht soweit fortgeschritten, um die Regentropfen in Schneekristalle zu verwandeln und Wien in eine wei\u00dfe Decke zu h\u00fcllen mit der die Vorz\u00fcge des [&hellip;]\" \/>\n<meta property=\"og:url\" content=\"https:\/\/www.integrationwien.at\/blog\/?p=3536\" \/>\n<meta property=\"og:site_name\" content=\"Integration Wien\" \/>\n<meta property=\"article:published_time\" content=\"2019-11-19T06:00:27+00:00\" \/>\n<meta property=\"og:image\" content=\"https:\/\/www.integrationwien.at\/blog\/wp-content\/uploads\/2019\/11\/IMG_1750-1024x768.jpg\" \/>\n<meta name=\"author\" content=\"Stephanie Weislein\" \/>\n<meta name=\"twitter:card\" content=\"summary_large_image\" \/>\n<meta name=\"twitter:label1\" content=\"Verfasst von\" \/>\n\t<meta name=\"twitter:data1\" content=\"Stephanie Weislein\" \/>\n\t<meta name=\"twitter:label2\" content=\"Gesch\u00e4tzte Lesezeit\" \/>\n\t<meta name=\"twitter:data2\" content=\"2\u00a0Minuten\" \/>\n<script type=\"application\/ld+json\" class=\"yoast-schema-graph\">{\"@context\":\"https:\/\/schema.org\",\"@graph\":[{\"@type\":\"WebPage\",\"@id\":\"https:\/\/www.integrationwien.at\/blog\/?p=3536\",\"url\":\"https:\/\/www.integrationwien.at\/blog\/?p=3536\",\"name\":\"Stammtischgeschichten - Integration Wien\",\"isPartOf\":{\"@id\":\"https:\/\/www.integrationwien.at\/blog\/#website\"},\"primaryImageOfPage\":{\"@id\":\"https:\/\/www.integrationwien.at\/blog\/?p=3536#primaryimage\"},\"image\":{\"@id\":\"https:\/\/www.integrationwien.at\/blog\/?p=3536#primaryimage\"},\"thumbnailUrl\":\"https:\/\/www.integrationwien.at\/blog\/wp-content\/uploads\/2019\/11\/IMG_1750-1024x768.jpg\",\"datePublished\":\"2019-11-19T06:00:27+00:00\",\"author\":{\"@id\":\"https:\/\/www.integrationwien.at\/blog\/#\/schema\/person\/a8be130fc331a8ff34836b0e52025b2f\"},\"breadcrumb\":{\"@id\":\"https:\/\/www.integrationwien.at\/blog\/?p=3536#breadcrumb\"},\"inLanguage\":\"de\",\"potentialAction\":[{\"@type\":\"ReadAction\",\"target\":[\"https:\/\/www.integrationwien.at\/blog\/?p=3536\"]}]},{\"@type\":\"ImageObject\",\"inLanguage\":\"de\",\"@id\":\"https:\/\/www.integrationwien.at\/blog\/?p=3536#primaryimage\",\"url\":\"https:\/\/www.integrationwien.at\/blog\/wp-content\/uploads\/2019\/11\/IMG_1750.jpg\",\"contentUrl\":\"https:\/\/www.integrationwien.at\/blog\/wp-content\/uploads\/2019\/11\/IMG_1750.jpg\",\"width\":4032,\"height\":3024},{\"@type\":\"BreadcrumbList\",\"@id\":\"https:\/\/www.integrationwien.at\/blog\/?p=3536#breadcrumb\",\"itemListElement\":[{\"@type\":\"ListItem\",\"position\":1,\"name\":\"Startseite\",\"item\":\"https:\/\/www.integrationwien.at\/blog\"},{\"@type\":\"ListItem\",\"position\":2,\"name\":\"Stammtischgeschichten\"}]},{\"@type\":\"WebSite\",\"@id\":\"https:\/\/www.integrationwien.at\/blog\/#website\",\"url\":\"https:\/\/www.integrationwien.at\/blog\/\",\"name\":\"Integration Wien\",\"description\":\"\",\"potentialAction\":[{\"@type\":\"SearchAction\",\"target\":{\"@type\":\"EntryPoint\",\"urlTemplate\":\"https:\/\/www.integrationwien.at\/blog\/?s={search_term_string}\"},\"query-input\":{\"@type\":\"PropertyValueSpecification\",\"valueRequired\":true,\"valueName\":\"search_term_string\"}}],\"inLanguage\":\"de\"},{\"@type\":\"Person\",\"@id\":\"https:\/\/www.integrationwien.at\/blog\/#\/schema\/person\/a8be130fc331a8ff34836b0e52025b2f\",\"name\":\"Stephanie Weislein\",\"image\":{\"@type\":\"ImageObject\",\"inLanguage\":\"de\",\"@id\":\"https:\/\/www.integrationwien.at\/blog\/#\/schema\/person\/image\/\",\"url\":\"https:\/\/secure.gravatar.com\/avatar\/95b672ecb042ae12c70baf4413d559953d9489654736bb86ab006efba4d212cd?s=96&d=retro&r=g\",\"contentUrl\":\"https:\/\/secure.gravatar.com\/avatar\/95b672ecb042ae12c70baf4413d559953d9489654736bb86ab006efba4d212cd?s=96&d=retro&r=g\",\"caption\":\"Stephanie Weislein\"},\"url\":\"https:\/\/www.integrationwien.at\/blog\/?author=6\"}]}<\/script>\n<!-- \/ Yoast SEO plugin. -->","yoast_head_json":{"title":"Stammtischgeschichten - Integration Wien","robots":{"index":"index","follow":"follow","max-snippet":"max-snippet:-1","max-image-preview":"max-image-preview:large","max-video-preview":"max-video-preview:-1"},"canonical":"https:\/\/www.integrationwien.at\/blog\/?p=3536","og_locale":"de_DE","og_type":"article","og_title":"Stammtischgeschichten - Integration Wien","og_description":"Die niedrigen Temperaturen, der str\u00f6mende Regen und pfeifende Wind des Novembers verlegt die Aktivit\u00e4tsbereiche der Freizeitassistenz zumeist in die wohligen Innenr\u00e4ume der Stadt. Drau\u00dfen sp\u00fcrt man die K\u00e4lte, doch diese ist noch nicht soweit fortgeschritten, um die Regentropfen in Schneekristalle zu verwandeln und Wien in eine wei\u00dfe Decke zu h\u00fcllen mit der die Vorz\u00fcge des [&hellip;]","og_url":"https:\/\/www.integrationwien.at\/blog\/?p=3536","og_site_name":"Integration Wien","article_published_time":"2019-11-19T06:00:27+00:00","og_image":[{"url":"https:\/\/www.integrationwien.at\/blog\/wp-content\/uploads\/2019\/11\/IMG_1750-1024x768.jpg","type":"","width":"","height":""}],"author":"Stephanie Weislein","twitter_card":"summary_large_image","twitter_misc":{"Verfasst von":"Stephanie Weislein","Gesch\u00e4tzte Lesezeit":"2\u00a0Minuten"},"schema":{"@context":"https:\/\/schema.org","@graph":[{"@type":"WebPage","@id":"https:\/\/www.integrationwien.at\/blog\/?p=3536","url":"https:\/\/www.integrationwien.at\/blog\/?p=3536","name":"Stammtischgeschichten - Integration Wien","isPartOf":{"@id":"https:\/\/www.integrationwien.at\/blog\/#website"},"primaryImageOfPage":{"@id":"https:\/\/www.integrationwien.at\/blog\/?p=3536#primaryimage"},"image":{"@id":"https:\/\/www.integrationwien.at\/blog\/?p=3536#primaryimage"},"thumbnailUrl":"https:\/\/www.integrationwien.at\/blog\/wp-content\/uploads\/2019\/11\/IMG_1750-1024x768.jpg","datePublished":"2019-11-19T06:00:27+00:00","author":{"@id":"https:\/\/www.integrationwien.at\/blog\/#\/schema\/person\/a8be130fc331a8ff34836b0e52025b2f"},"breadcrumb":{"@id":"https:\/\/www.integrationwien.at\/blog\/?p=3536#breadcrumb"},"inLanguage":"de","potentialAction":[{"@type":"ReadAction","target":["https:\/\/www.integrationwien.at\/blog\/?p=3536"]}]},{"@type":"ImageObject","inLanguage":"de","@id":"https:\/\/www.integrationwien.at\/blog\/?p=3536#primaryimage","url":"https:\/\/www.integrationwien.at\/blog\/wp-content\/uploads\/2019\/11\/IMG_1750.jpg","contentUrl":"https:\/\/www.integrationwien.at\/blog\/wp-content\/uploads\/2019\/11\/IMG_1750.jpg","width":4032,"height":3024},{"@type":"BreadcrumbList","@id":"https:\/\/www.integrationwien.at\/blog\/?p=3536#breadcrumb","itemListElement":[{"@type":"ListItem","position":1,"name":"Startseite","item":"https:\/\/www.integrationwien.at\/blog"},{"@type":"ListItem","position":2,"name":"Stammtischgeschichten"}]},{"@type":"WebSite","@id":"https:\/\/www.integrationwien.at\/blog\/#website","url":"https:\/\/www.integrationwien.at\/blog\/","name":"Integration Wien","description":"","potentialAction":[{"@type":"SearchAction","target":{"@type":"EntryPoint","urlTemplate":"https:\/\/www.integrationwien.at\/blog\/?s={search_term_string}"},"query-input":{"@type":"PropertyValueSpecification","valueRequired":true,"valueName":"search_term_string"}}],"inLanguage":"de"},{"@type":"Person","@id":"https:\/\/www.integrationwien.at\/blog\/#\/schema\/person\/a8be130fc331a8ff34836b0e52025b2f","name":"Stephanie Weislein","image":{"@type":"ImageObject","inLanguage":"de","@id":"https:\/\/www.integrationwien.at\/blog\/#\/schema\/person\/image\/","url":"https:\/\/secure.gravatar.com\/avatar\/95b672ecb042ae12c70baf4413d559953d9489654736bb86ab006efba4d212cd?s=96&d=retro&r=g","contentUrl":"https:\/\/secure.gravatar.com\/avatar\/95b672ecb042ae12c70baf4413d559953d9489654736bb86ab006efba4d212cd?s=96&d=retro&r=g","caption":"Stephanie Weislein"},"url":"https:\/\/www.integrationwien.at\/blog\/?author=6"}]}},"_links":{"self":[{"href":"https:\/\/www.integrationwien.at\/blog\/index.php?rest_route=\/wp\/v2\/posts\/3536","targetHints":{"allow":["GET"]}}],"collection":[{"href":"https:\/\/www.integrationwien.at\/blog\/index.php?rest_route=\/wp\/v2\/posts"}],"about":[{"href":"https:\/\/www.integrationwien.at\/blog\/index.php?rest_route=\/wp\/v2\/types\/post"}],"author":[{"embeddable":true,"href":"https:\/\/www.integrationwien.at\/blog\/index.php?rest_route=\/wp\/v2\/users\/6"}],"replies":[{"embeddable":true,"href":"https:\/\/www.integrationwien.at\/blog\/index.php?rest_route=%2Fwp%2Fv2%2Fcomments&post=3536"}],"version-history":[{"count":1,"href":"https:\/\/www.integrationwien.at\/blog\/index.php?rest_route=\/wp\/v2\/posts\/3536\/revisions"}],"predecessor-version":[{"id":3537,"href":"https:\/\/www.integrationwien.at\/blog\/index.php?rest_route=\/wp\/v2\/posts\/3536\/revisions\/3537"}],"wp:attachment":[{"href":"https:\/\/www.integrationwien.at\/blog\/index.php?rest_route=%2Fwp%2Fv2%2Fmedia&parent=3536"}],"wp:term":[{"taxonomy":"category","embeddable":true,"href":"https:\/\/www.integrationwien.at\/blog\/index.php?rest_route=%2Fwp%2Fv2%2Fcategories&post=3536"},{"taxonomy":"post_tag","embeddable":true,"href":"https:\/\/www.integrationwien.at\/blog\/index.php?rest_route=%2Fwp%2Fv2%2Ftags&post=3536"}],"curies":[{"name":"wp","href":"https:\/\/api.w.org\/{rel}","templated":true}]}}