{"id":3292,"date":"2019-05-17T09:20:11","date_gmt":"2019-05-17T07:20:11","guid":{"rendered":"https:\/\/www.integrationwien.at\/blog\/?p=3292"},"modified":"2019-05-17T09:20:11","modified_gmt":"2019-05-17T07:20:11","slug":"es-lebe-der-zentralfriedhof","status":"publish","type":"post","link":"https:\/\/www.integrationwien.at\/blog\/?p=3292","title":{"rendered":"\u201eEs lebe der Zentralfriedhof\u201c"},"content":{"rendered":"\n<div class=\"wp-block-image\"><figure class=\"aligncenter is-resized\"><img loading=\"lazy\" decoding=\"async\" src=\"https:\/\/www.integrationwien.at\/blog\/wp-content\/uploads\/2019\/05\/IMG_9171-1024x768.jpg\" alt=\"\" class=\"wp-image-3294\" width=\"546\" height=\"409\" srcset=\"https:\/\/www.integrationwien.at\/blog\/wp-content\/uploads\/2019\/05\/IMG_9171-1024x768.jpg 1024w, https:\/\/www.integrationwien.at\/blog\/wp-content\/uploads\/2019\/05\/IMG_9171-300x225.jpg 300w, https:\/\/www.integrationwien.at\/blog\/wp-content\/uploads\/2019\/05\/IMG_9171-768x576.jpg 768w, https:\/\/www.integrationwien.at\/blog\/wp-content\/uploads\/2019\/05\/IMG_9171-624x468.jpg 624w\" sizes=\"auto, (max-width: 546px) 100vw, 546px\" \/><\/figure><\/div>\n\n\n\n<p>An einem verregneten Mittwochnachmittag trafen wir uns vor Davids Schule und machten uns zu zweit mit der U-Bahn auf den Weg Richtung Simmering. Von dort ging es mit der \u201eBim\u201c zum zweiten Tor des Wiener Zentralfriedhofs. Mit einer Fl\u00e4che von fast 2,5 Quadratkilometer und circa 330.000 Grabstellen, gilt der Zentralfriedhof als eine der gr\u00f6\u00dften Friedhofsanlagen Europas und aufgrund seiner vielen Ehrengr\u00e4ber, der Jugendstil-Bauwerke und des weitl\u00e4ufigen Areals zu einer der besonderen Sehensw\u00fcrdigkeiten der Stadt. Der Hauptgrund f\u00fcr den bereits seit langem geplantem Ausflug an den Friedhof, waren jedoch zwei spezielle Gr\u00e4ber zweier besonderer Musiker. <\/p>\n\n\n\n<div class=\"wp-block-image\"><figure class=\"aligncenter\"><img loading=\"lazy\" decoding=\"async\" width=\"1024\" height=\"768\" src=\"https:\/\/www.integrationwien.at\/blog\/wp-content\/uploads\/2019\/05\/IMG_9176-1024x768.jpg\" alt=\"\" class=\"wp-image-3296\" srcset=\"https:\/\/www.integrationwien.at\/blog\/wp-content\/uploads\/2019\/05\/IMG_9176-1024x768.jpg 1024w, https:\/\/www.integrationwien.at\/blog\/wp-content\/uploads\/2019\/05\/IMG_9176-300x225.jpg 300w, https:\/\/www.integrationwien.at\/blog\/wp-content\/uploads\/2019\/05\/IMG_9176-768x576.jpg 768w, https:\/\/www.integrationwien.at\/blog\/wp-content\/uploads\/2019\/05\/IMG_9176-624x468.jpg 624w\" sizes=\"auto, (max-width: 1024px) 100vw, 1024px\" \/><\/figure><\/div>\n\n\n\n<p>Sowohl \u00b4Falco\u00b4 als auch \u00b4Udo J\u00fcrgens\u00b4 sind am Wiener Zentralfriedhof begraben und sind zudem auch zwei verstorbene Musiker die sowohl David als auch ich sehr bewundern. F\u00fcr David war es nicht der erste Ausflug zum Zentralfriedhof, deshalb \u00fcbernahm er auch die Friedhofsf\u00fchrung. Nachdem wir kurz die gro\u00dfe Kirche innerhalb des Friedhofs begutachteten, ging es zum Grab von Udo J\u00fcrgens. Wie es sich f\u00fcr einen anst\u00e4ndigen Touristenf\u00fchrer geh\u00f6rt, hatte David auch sehr interessanten Informationen \u00fcber Udo J\u00fcrgens und dessen Begr\u00e4bnis auf Lager. Danach schlenderten wir zu Falcos Grabstelle &#8211; der leichte Nieselregen passte gut zur Stimmung auf einem Friedhof. Auch zu Falco gab es von David mir bis dahin unbekannte Infos.<\/p>\n\n\n\n<figure class=\"wp-block-image\"><img loading=\"lazy\" decoding=\"async\" width=\"1024\" height=\"768\" src=\"https:\/\/www.integrationwien.at\/blog\/wp-content\/uploads\/2019\/05\/IMG_9180-1024x768.jpg\" alt=\"\" class=\"wp-image-3297\" srcset=\"https:\/\/www.integrationwien.at\/blog\/wp-content\/uploads\/2019\/05\/IMG_9180-1024x768.jpg 1024w, https:\/\/www.integrationwien.at\/blog\/wp-content\/uploads\/2019\/05\/IMG_9180-300x225.jpg 300w, https:\/\/www.integrationwien.at\/blog\/wp-content\/uploads\/2019\/05\/IMG_9180-768x576.jpg 768w, https:\/\/www.integrationwien.at\/blog\/wp-content\/uploads\/2019\/05\/IMG_9180-624x468.jpg 624w\" sizes=\"auto, (max-width: 1024px) 100vw, 1024px\" \/><\/figure>\n\n\n\n<p> Im Weiteren entwickelte sich ein sch\u00f6ner, planloser Spaziergang \u00fcber den Friedhof, mit sehr netten Gespr\u00e4chen. Nachdem wir uns einige au\u00dfergew\u00f6hnliche Skulpturen und Grabstellen angeschaut hatten, wurde den Grabstellen von Beethoven, Schubert, Strauss und Brahms, den Musikerkollegen von Falco und Udo J\u00fcrgens, noch ein Besuch abgestattet. <\/p>\n\n\n\n<figure class=\"wp-block-image\"><img loading=\"lazy\" decoding=\"async\" width=\"768\" height=\"1024\" src=\"https:\/\/www.integrationwien.at\/blog\/wp-content\/uploads\/2019\/05\/IMG_9186-e1558077483886-768x1024.jpg\" alt=\"\" class=\"wp-image-3293\" srcset=\"https:\/\/www.integrationwien.at\/blog\/wp-content\/uploads\/2019\/05\/IMG_9186-e1558077483886-768x1024.jpg 768w, https:\/\/www.integrationwien.at\/blog\/wp-content\/uploads\/2019\/05\/IMG_9186-e1558077483886-225x300.jpg 225w, https:\/\/www.integrationwien.at\/blog\/wp-content\/uploads\/2019\/05\/IMG_9186-e1558077483886-624x832.jpg 624w\" sizes=\"auto, (max-width: 768px) 100vw, 768px\" \/><\/figure>\n\n\n\n<p>Nach einem gut zweist\u00fcndigen Aufenthalt im Zentralfriedhof, ging es mit etwas durchn\u00e4ssten Schuhen wieder auf den Heimweg. Zur\u00fcck blieb eine \u00e4u\u00dferst informative und interessante Erfahrung auf dem Wiener Zentralfriedhof, die zumindest mir noch lange in Erinnerung bleiben wird. <\/p>\n\n\n\n<p>Ein Beitrag von Paul Sch\u00e4tzel, Freizeitassistent bei &#8222;integration wien&#8220;<\/p>\n\n\n","protected":false},"excerpt":{"rendered":"<p>An einem verregneten Mittwochnachmittag trafen wir uns vor Davids Schule und machten uns zu zweit mit der U-Bahn auf den Weg Richtung Simmering. Von dort ging es mit der \u201eBim\u201c zum zweiten Tor des Wiener Zentralfriedhofs. Mit einer Fl\u00e4che von fast 2,5 Quadratkilometer und circa 330.000 Grabstellen, gilt der Zentralfriedhof als eine der gr\u00f6\u00dften Friedhofsanlagen [&hellip;]<\/p>\n","protected":false},"author":6,"featured_media":0,"comment_status":"closed","ping_status":"open","sticky":false,"template":"","format":"standard","meta":{"footnotes":""},"categories":[1],"tags":[],"class_list":["post-3292","post","type-post","status-publish","format-standard","hentry","category-allgemein"],"yoast_head":"<!-- This site is optimized with the Yoast SEO plugin v25.8 - https:\/\/yoast.com\/wordpress\/plugins\/seo\/ -->\n<title>\u201eEs lebe der Zentralfriedhof\u201c - Integration Wien<\/title>\n<meta name=\"robots\" content=\"index, follow, max-snippet:-1, max-image-preview:large, max-video-preview:-1\" \/>\n<link rel=\"canonical\" href=\"https:\/\/www.integrationwien.at\/blog\/?p=3292\" \/>\n<meta property=\"og:locale\" content=\"de_DE\" \/>\n<meta property=\"og:type\" content=\"article\" \/>\n<meta property=\"og:title\" content=\"\u201eEs lebe der Zentralfriedhof\u201c - Integration Wien\" \/>\n<meta property=\"og:description\" content=\"An einem verregneten Mittwochnachmittag trafen wir uns vor Davids Schule und machten uns zu zweit mit der U-Bahn auf den Weg Richtung Simmering. Von dort ging es mit der \u201eBim\u201c zum zweiten Tor des Wiener Zentralfriedhofs. Mit einer Fl\u00e4che von fast 2,5 Quadratkilometer und circa 330.000 Grabstellen, gilt der Zentralfriedhof als eine der gr\u00f6\u00dften Friedhofsanlagen [&hellip;]\" \/>\n<meta property=\"og:url\" content=\"https:\/\/www.integrationwien.at\/blog\/?p=3292\" \/>\n<meta property=\"og:site_name\" content=\"Integration Wien\" \/>\n<meta property=\"article:published_time\" content=\"2019-05-17T07:20:11+00:00\" \/>\n<meta property=\"og:image\" content=\"https:\/\/www.integrationwien.at\/blog\/wp-content\/uploads\/2019\/05\/IMG_9171-1024x768.jpg\" \/>\n<meta name=\"author\" content=\"Stephanie Weislein\" \/>\n<meta name=\"twitter:card\" content=\"summary_large_image\" \/>\n<meta name=\"twitter:label1\" content=\"Verfasst von\" \/>\n\t<meta name=\"twitter:data1\" content=\"Stephanie Weislein\" \/>\n\t<meta name=\"twitter:label2\" content=\"Gesch\u00e4tzte Lesezeit\" \/>\n\t<meta name=\"twitter:data2\" content=\"2\u00a0Minuten\" \/>\n<script type=\"application\/ld+json\" class=\"yoast-schema-graph\">{\"@context\":\"https:\/\/schema.org\",\"@graph\":[{\"@type\":\"WebPage\",\"@id\":\"https:\/\/www.integrationwien.at\/blog\/?p=3292\",\"url\":\"https:\/\/www.integrationwien.at\/blog\/?p=3292\",\"name\":\"\u201eEs lebe der Zentralfriedhof\u201c - Integration Wien\",\"isPartOf\":{\"@id\":\"https:\/\/www.integrationwien.at\/blog\/#website\"},\"primaryImageOfPage\":{\"@id\":\"https:\/\/www.integrationwien.at\/blog\/?p=3292#primaryimage\"},\"image\":{\"@id\":\"https:\/\/www.integrationwien.at\/blog\/?p=3292#primaryimage\"},\"thumbnailUrl\":\"https:\/\/www.integrationwien.at\/blog\/wp-content\/uploads\/2019\/05\/IMG_9171-1024x768.jpg\",\"datePublished\":\"2019-05-17T07:20:11+00:00\",\"author\":{\"@id\":\"https:\/\/www.integrationwien.at\/blog\/#\/schema\/person\/a8be130fc331a8ff34836b0e52025b2f\"},\"breadcrumb\":{\"@id\":\"https:\/\/www.integrationwien.at\/blog\/?p=3292#breadcrumb\"},\"inLanguage\":\"de\",\"potentialAction\":[{\"@type\":\"ReadAction\",\"target\":[\"https:\/\/www.integrationwien.at\/blog\/?p=3292\"]}]},{\"@type\":\"ImageObject\",\"inLanguage\":\"de\",\"@id\":\"https:\/\/www.integrationwien.at\/blog\/?p=3292#primaryimage\",\"url\":\"https:\/\/www.integrationwien.at\/blog\/wp-content\/uploads\/2019\/05\/IMG_9171.jpg\",\"contentUrl\":\"https:\/\/www.integrationwien.at\/blog\/wp-content\/uploads\/2019\/05\/IMG_9171.jpg\",\"width\":4032,\"height\":3024},{\"@type\":\"BreadcrumbList\",\"@id\":\"https:\/\/www.integrationwien.at\/blog\/?p=3292#breadcrumb\",\"itemListElement\":[{\"@type\":\"ListItem\",\"position\":1,\"name\":\"Startseite\",\"item\":\"https:\/\/www.integrationwien.at\/blog\"},{\"@type\":\"ListItem\",\"position\":2,\"name\":\"\u201eEs lebe der Zentralfriedhof\u201c\"}]},{\"@type\":\"WebSite\",\"@id\":\"https:\/\/www.integrationwien.at\/blog\/#website\",\"url\":\"https:\/\/www.integrationwien.at\/blog\/\",\"name\":\"Integration Wien\",\"description\":\"\",\"potentialAction\":[{\"@type\":\"SearchAction\",\"target\":{\"@type\":\"EntryPoint\",\"urlTemplate\":\"https:\/\/www.integrationwien.at\/blog\/?s={search_term_string}\"},\"query-input\":{\"@type\":\"PropertyValueSpecification\",\"valueRequired\":true,\"valueName\":\"search_term_string\"}}],\"inLanguage\":\"de\"},{\"@type\":\"Person\",\"@id\":\"https:\/\/www.integrationwien.at\/blog\/#\/schema\/person\/a8be130fc331a8ff34836b0e52025b2f\",\"name\":\"Stephanie Weislein\",\"image\":{\"@type\":\"ImageObject\",\"inLanguage\":\"de\",\"@id\":\"https:\/\/www.integrationwien.at\/blog\/#\/schema\/person\/image\/\",\"url\":\"https:\/\/secure.gravatar.com\/avatar\/95b672ecb042ae12c70baf4413d559953d9489654736bb86ab006efba4d212cd?s=96&d=retro&r=g\",\"contentUrl\":\"https:\/\/secure.gravatar.com\/avatar\/95b672ecb042ae12c70baf4413d559953d9489654736bb86ab006efba4d212cd?s=96&d=retro&r=g\",\"caption\":\"Stephanie Weislein\"},\"url\":\"https:\/\/www.integrationwien.at\/blog\/?author=6\"}]}<\/script>\n<!-- \/ Yoast SEO plugin. -->","yoast_head_json":{"title":"\u201eEs lebe der Zentralfriedhof\u201c - Integration Wien","robots":{"index":"index","follow":"follow","max-snippet":"max-snippet:-1","max-image-preview":"max-image-preview:large","max-video-preview":"max-video-preview:-1"},"canonical":"https:\/\/www.integrationwien.at\/blog\/?p=3292","og_locale":"de_DE","og_type":"article","og_title":"\u201eEs lebe der Zentralfriedhof\u201c - Integration Wien","og_description":"An einem verregneten Mittwochnachmittag trafen wir uns vor Davids Schule und machten uns zu zweit mit der U-Bahn auf den Weg Richtung Simmering. Von dort ging es mit der \u201eBim\u201c zum zweiten Tor des Wiener Zentralfriedhofs. Mit einer Fl\u00e4che von fast 2,5 Quadratkilometer und circa 330.000 Grabstellen, gilt der Zentralfriedhof als eine der gr\u00f6\u00dften Friedhofsanlagen [&hellip;]","og_url":"https:\/\/www.integrationwien.at\/blog\/?p=3292","og_site_name":"Integration Wien","article_published_time":"2019-05-17T07:20:11+00:00","og_image":[{"url":"https:\/\/www.integrationwien.at\/blog\/wp-content\/uploads\/2019\/05\/IMG_9171-1024x768.jpg","type":"","width":"","height":""}],"author":"Stephanie Weislein","twitter_card":"summary_large_image","twitter_misc":{"Verfasst von":"Stephanie Weislein","Gesch\u00e4tzte Lesezeit":"2\u00a0Minuten"},"schema":{"@context":"https:\/\/schema.org","@graph":[{"@type":"WebPage","@id":"https:\/\/www.integrationwien.at\/blog\/?p=3292","url":"https:\/\/www.integrationwien.at\/blog\/?p=3292","name":"\u201eEs lebe der Zentralfriedhof\u201c - Integration Wien","isPartOf":{"@id":"https:\/\/www.integrationwien.at\/blog\/#website"},"primaryImageOfPage":{"@id":"https:\/\/www.integrationwien.at\/blog\/?p=3292#primaryimage"},"image":{"@id":"https:\/\/www.integrationwien.at\/blog\/?p=3292#primaryimage"},"thumbnailUrl":"https:\/\/www.integrationwien.at\/blog\/wp-content\/uploads\/2019\/05\/IMG_9171-1024x768.jpg","datePublished":"2019-05-17T07:20:11+00:00","author":{"@id":"https:\/\/www.integrationwien.at\/blog\/#\/schema\/person\/a8be130fc331a8ff34836b0e52025b2f"},"breadcrumb":{"@id":"https:\/\/www.integrationwien.at\/blog\/?p=3292#breadcrumb"},"inLanguage":"de","potentialAction":[{"@type":"ReadAction","target":["https:\/\/www.integrationwien.at\/blog\/?p=3292"]}]},{"@type":"ImageObject","inLanguage":"de","@id":"https:\/\/www.integrationwien.at\/blog\/?p=3292#primaryimage","url":"https:\/\/www.integrationwien.at\/blog\/wp-content\/uploads\/2019\/05\/IMG_9171.jpg","contentUrl":"https:\/\/www.integrationwien.at\/blog\/wp-content\/uploads\/2019\/05\/IMG_9171.jpg","width":4032,"height":3024},{"@type":"BreadcrumbList","@id":"https:\/\/www.integrationwien.at\/blog\/?p=3292#breadcrumb","itemListElement":[{"@type":"ListItem","position":1,"name":"Startseite","item":"https:\/\/www.integrationwien.at\/blog"},{"@type":"ListItem","position":2,"name":"\u201eEs lebe der Zentralfriedhof\u201c"}]},{"@type":"WebSite","@id":"https:\/\/www.integrationwien.at\/blog\/#website","url":"https:\/\/www.integrationwien.at\/blog\/","name":"Integration Wien","description":"","potentialAction":[{"@type":"SearchAction","target":{"@type":"EntryPoint","urlTemplate":"https:\/\/www.integrationwien.at\/blog\/?s={search_term_string}"},"query-input":{"@type":"PropertyValueSpecification","valueRequired":true,"valueName":"search_term_string"}}],"inLanguage":"de"},{"@type":"Person","@id":"https:\/\/www.integrationwien.at\/blog\/#\/schema\/person\/a8be130fc331a8ff34836b0e52025b2f","name":"Stephanie Weislein","image":{"@type":"ImageObject","inLanguage":"de","@id":"https:\/\/www.integrationwien.at\/blog\/#\/schema\/person\/image\/","url":"https:\/\/secure.gravatar.com\/avatar\/95b672ecb042ae12c70baf4413d559953d9489654736bb86ab006efba4d212cd?s=96&d=retro&r=g","contentUrl":"https:\/\/secure.gravatar.com\/avatar\/95b672ecb042ae12c70baf4413d559953d9489654736bb86ab006efba4d212cd?s=96&d=retro&r=g","caption":"Stephanie Weislein"},"url":"https:\/\/www.integrationwien.at\/blog\/?author=6"}]}},"_links":{"self":[{"href":"https:\/\/www.integrationwien.at\/blog\/index.php?rest_route=\/wp\/v2\/posts\/3292","targetHints":{"allow":["GET"]}}],"collection":[{"href":"https:\/\/www.integrationwien.at\/blog\/index.php?rest_route=\/wp\/v2\/posts"}],"about":[{"href":"https:\/\/www.integrationwien.at\/blog\/index.php?rest_route=\/wp\/v2\/types\/post"}],"author":[{"embeddable":true,"href":"https:\/\/www.integrationwien.at\/blog\/index.php?rest_route=\/wp\/v2\/users\/6"}],"replies":[{"embeddable":true,"href":"https:\/\/www.integrationwien.at\/blog\/index.php?rest_route=%2Fwp%2Fv2%2Fcomments&post=3292"}],"version-history":[{"count":1,"href":"https:\/\/www.integrationwien.at\/blog\/index.php?rest_route=\/wp\/v2\/posts\/3292\/revisions"}],"predecessor-version":[{"id":3299,"href":"https:\/\/www.integrationwien.at\/blog\/index.php?rest_route=\/wp\/v2\/posts\/3292\/revisions\/3299"}],"wp:attachment":[{"href":"https:\/\/www.integrationwien.at\/blog\/index.php?rest_route=%2Fwp%2Fv2%2Fmedia&parent=3292"}],"wp:term":[{"taxonomy":"category","embeddable":true,"href":"https:\/\/www.integrationwien.at\/blog\/index.php?rest_route=%2Fwp%2Fv2%2Fcategories&post=3292"},{"taxonomy":"post_tag","embeddable":true,"href":"https:\/\/www.integrationwien.at\/blog\/index.php?rest_route=%2Fwp%2Fv2%2Ftags&post=3292"}],"curies":[{"name":"wp","href":"https:\/\/api.w.org\/{rel}","templated":true}]}}