{"id":3240,"date":"2019-03-26T12:33:58","date_gmt":"2019-03-26T10:33:58","guid":{"rendered":"https:\/\/www.integrationwien.at\/blog\/?p=3240"},"modified":"2019-03-26T12:33:58","modified_gmt":"2019-03-26T10:33:58","slug":"ein-ausflug-ins-museum-der-illusionen","status":"publish","type":"post","link":"https:\/\/www.integrationwien.at\/blog\/?p=3240","title":{"rendered":"Ein Ausflug ins Museum der Illusionen"},"content":{"rendered":"\n<p>Am Dienstag trafen sich Fabian und ich in Alterlaa um unseren gemeinsamen Nachmittag zu starten. Im Vorhinein haben wir schon einiges, \u00fcber das relativ neue Museum der Illusionen, von unseren Kollegen geh\u00f6rt und uns dazu entschieden es heute zu besuchen. Kurz am Handy nachgeschaut wie man hinkommt und los ging&#8217;s. Nach der kurzweiligen U bahn-Fahrt, in der wir uns \u00fcber unsere Erwartungen austauschten, standen wir auch schon vor dem, unserem Empfinden nach, etwas unscheinbaren Eingang. Nach einer kurzen Diskussion \u00fcber erm\u00e4\u00dfigten Eintritt, bekamen wir diesen und machten uns auf, um die Objekte der Ausstellung zu erkunden. Gleich beim Eingang verfolgte uns Herr Einstein mit seinem ernsten Blick. <\/p>\n\n\n\n<figure class=\"wp-block-image\"><img loading=\"lazy\" decoding=\"async\" width=\"579\" height=\"1024\" src=\"https:\/\/www.integrationwien.at\/blog\/wp-content\/uploads\/2019\/03\/Albert-1-579x1024.jpg\" alt=\"\" class=\"wp-image-3241\" srcset=\"https:\/\/www.integrationwien.at\/blog\/wp-content\/uploads\/2019\/03\/Albert-1-579x1024.jpg 579w, https:\/\/www.integrationwien.at\/blog\/wp-content\/uploads\/2019\/03\/Albert-1-170x300.jpg 170w, https:\/\/www.integrationwien.at\/blog\/wp-content\/uploads\/2019\/03\/Albert-1-768x1358.jpg 768w, https:\/\/www.integrationwien.at\/blog\/wp-content\/uploads\/2019\/03\/Albert-1-624x1103.jpg 624w, https:\/\/www.integrationwien.at\/blog\/wp-content\/uploads\/2019\/03\/Albert-1.jpg 1234w\" sizes=\"auto, (max-width: 579px) 100vw, 579px\" \/><\/figure>\n\n\n\n<p> Das Museum hat sich besonders auf optische T\u00e4uschungen fokussiert. So probierten und r\u00e4tselten wir \u00fcber all die zahlreichen Tricks und Illusionen und \u201ewunderten\u201c uns durch die Ausstellung. Einige der Tricks funktionieren nur, wenn man von einer bestimmten Position aus ein Foto schie\u00dft. Nur dann kommt die optische T\u00e4uschung zur Geltung. Auch ein Apparat aus Spiegelstreifen beeindruckte uns mit einer lustigen Mischung aus Fabian und mir. <\/p>\n\n\n\n<figure class=\"wp-block-image\"><img loading=\"lazy\" decoding=\"async\" width=\"579\" height=\"1024\" src=\"https:\/\/www.integrationwien.at\/blog\/wp-content\/uploads\/2019\/03\/Spiegel-1-579x1024.jpg\" alt=\"\" class=\"wp-image-3242\" srcset=\"https:\/\/www.integrationwien.at\/blog\/wp-content\/uploads\/2019\/03\/Spiegel-1-579x1024.jpg 579w, https:\/\/www.integrationwien.at\/blog\/wp-content\/uploads\/2019\/03\/Spiegel-1-170x300.jpg 170w, https:\/\/www.integrationwien.at\/blog\/wp-content\/uploads\/2019\/03\/Spiegel-1-768x1358.jpg 768w, https:\/\/www.integrationwien.at\/blog\/wp-content\/uploads\/2019\/03\/Spiegel-1-624x1103.jpg 624w, https:\/\/www.integrationwien.at\/blog\/wp-content\/uploads\/2019\/03\/Spiegel-1.jpg 1520w\" sizes=\"auto, (max-width: 579px) 100vw, 579px\" \/><\/figure>\n\n\n\n<p>Kurz mussten wir eine kleinen Schwindelpause einlegen, nachdem wir den Gang durch eine sich drehenden \u201eWeltraum-Tonne\u201c gerade so \u00fcberstanden hatten. <\/p>\n\n\n\n<figure class=\"wp-block-image\"><img loading=\"lazy\" decoding=\"async\" width=\"579\" height=\"1024\" src=\"https:\/\/www.integrationwien.at\/blog\/wp-content\/uploads\/2019\/03\/Sessel-1-579x1024.jpg\" alt=\"\" class=\"wp-image-3243\" srcset=\"https:\/\/www.integrationwien.at\/blog\/wp-content\/uploads\/2019\/03\/Sessel-1-579x1024.jpg 579w, https:\/\/www.integrationwien.at\/blog\/wp-content\/uploads\/2019\/03\/Sessel-1-170x300.jpg 170w, https:\/\/www.integrationwien.at\/blog\/wp-content\/uploads\/2019\/03\/Sessel-1-768x1358.jpg 768w, https:\/\/www.integrationwien.at\/blog\/wp-content\/uploads\/2019\/03\/Sessel-1-624x1103.jpg 624w, https:\/\/www.integrationwien.at\/blog\/wp-content\/uploads\/2019\/03\/Sessel-1.jpg 1520w\" sizes=\"auto, (max-width: 579px) 100vw, 579px\" \/><figcaption><br><br><\/figcaption><\/figure>\n\n\n\n<p>Nun waren wir auch schon fast wieder am Ende angelangt und entschlossen uns noch wo eine Kleinigkeit zu essen. Mit Burger und Pommes gest\u00e4rkt, machten wir uns wieder auf den Weg zur U Bahn und traten die Heimreise an. Am Bahnhof Meidling trennten sich unserer Wege wieder und wir verabschiedeten uns mit Vorfreude auf unser n\u00e4chstes Treffen. <\/p>\n\n\n\n<figure class=\"wp-block-image\"><img loading=\"lazy\" decoding=\"async\" width=\"1024\" height=\"579\" src=\"https:\/\/www.integrationwien.at\/blog\/wp-content\/uploads\/2019\/03\/superman-1-1024x579.jpg\" alt=\"\" class=\"wp-image-3244\" srcset=\"https:\/\/www.integrationwien.at\/blog\/wp-content\/uploads\/2019\/03\/superman-1-1024x579.jpg 1024w, https:\/\/www.integrationwien.at\/blog\/wp-content\/uploads\/2019\/03\/superman-1-300x170.jpg 300w, https:\/\/www.integrationwien.at\/blog\/wp-content\/uploads\/2019\/03\/superman-1-768x434.jpg 768w, https:\/\/www.integrationwien.at\/blog\/wp-content\/uploads\/2019\/03\/superman-1-624x353.jpg 624w\" sizes=\"auto, (max-width: 1024px) 100vw, 1024px\" \/><figcaption><br><\/figcaption><\/figure>\n\n\n\n<p>Ein Beitrag von Andreas Sachsenhofer, Freizeitassistent bei integration wien<\/p>\n","protected":false},"excerpt":{"rendered":"<p>Am Dienstag trafen sich Fabian und ich in Alterlaa um unseren gemeinsamen Nachmittag zu starten. Im Vorhinein haben wir schon einiges, \u00fcber das relativ neue Museum der Illusionen, von unseren Kollegen geh\u00f6rt und uns dazu entschieden es heute zu besuchen. Kurz am Handy nachgeschaut wie man hinkommt und los ging&#8217;s. Nach der kurzweiligen U bahn-Fahrt, [&hellip;]<\/p>\n","protected":false},"author":6,"featured_media":0,"comment_status":"closed","ping_status":"open","sticky":false,"template":"","format":"standard","meta":{"footnotes":""},"categories":[1],"tags":[],"class_list":["post-3240","post","type-post","status-publish","format-standard","hentry","category-allgemein"],"yoast_head":"<!-- This site is optimized with the Yoast SEO plugin v25.8 - https:\/\/yoast.com\/wordpress\/plugins\/seo\/ -->\n<title>Ein Ausflug ins Museum der Illusionen - Integration Wien<\/title>\n<meta name=\"robots\" content=\"index, follow, max-snippet:-1, max-image-preview:large, max-video-preview:-1\" \/>\n<link rel=\"canonical\" href=\"https:\/\/www.integrationwien.at\/blog\/?p=3240\" \/>\n<meta property=\"og:locale\" content=\"de_DE\" \/>\n<meta property=\"og:type\" content=\"article\" \/>\n<meta property=\"og:title\" content=\"Ein Ausflug ins Museum der Illusionen - Integration Wien\" \/>\n<meta property=\"og:description\" content=\"Am Dienstag trafen sich Fabian und ich in Alterlaa um unseren gemeinsamen Nachmittag zu starten. Im Vorhinein haben wir schon einiges, \u00fcber das relativ neue Museum der Illusionen, von unseren Kollegen geh\u00f6rt und uns dazu entschieden es heute zu besuchen. Kurz am Handy nachgeschaut wie man hinkommt und los ging&#8217;s. Nach der kurzweiligen U bahn-Fahrt, [&hellip;]\" \/>\n<meta property=\"og:url\" content=\"https:\/\/www.integrationwien.at\/blog\/?p=3240\" \/>\n<meta property=\"og:site_name\" content=\"Integration Wien\" \/>\n<meta property=\"article:published_time\" content=\"2019-03-26T10:33:58+00:00\" \/>\n<meta property=\"og:image\" content=\"https:\/\/www.integrationwien.at\/blog\/wp-content\/uploads\/2019\/03\/Albert-1-579x1024.jpg\" \/>\n<meta name=\"author\" content=\"Stephanie Weislein\" \/>\n<meta name=\"twitter:card\" content=\"summary_large_image\" \/>\n<meta name=\"twitter:label1\" content=\"Verfasst von\" \/>\n\t<meta name=\"twitter:data1\" content=\"Stephanie Weislein\" \/>\n\t<meta name=\"twitter:label2\" content=\"Gesch\u00e4tzte Lesezeit\" \/>\n\t<meta name=\"twitter:data2\" content=\"1\u00a0Minute\" \/>\n<script type=\"application\/ld+json\" class=\"yoast-schema-graph\">{\"@context\":\"https:\/\/schema.org\",\"@graph\":[{\"@type\":\"WebPage\",\"@id\":\"https:\/\/www.integrationwien.at\/blog\/?p=3240\",\"url\":\"https:\/\/www.integrationwien.at\/blog\/?p=3240\",\"name\":\"Ein Ausflug ins Museum der Illusionen - Integration Wien\",\"isPartOf\":{\"@id\":\"https:\/\/www.integrationwien.at\/blog\/#website\"},\"primaryImageOfPage\":{\"@id\":\"https:\/\/www.integrationwien.at\/blog\/?p=3240#primaryimage\"},\"image\":{\"@id\":\"https:\/\/www.integrationwien.at\/blog\/?p=3240#primaryimage\"},\"thumbnailUrl\":\"https:\/\/www.integrationwien.at\/blog\/wp-content\/uploads\/2019\/03\/Albert-1-579x1024.jpg\",\"datePublished\":\"2019-03-26T10:33:58+00:00\",\"author\":{\"@id\":\"https:\/\/www.integrationwien.at\/blog\/#\/schema\/person\/a8be130fc331a8ff34836b0e52025b2f\"},\"breadcrumb\":{\"@id\":\"https:\/\/www.integrationwien.at\/blog\/?p=3240#breadcrumb\"},\"inLanguage\":\"de\",\"potentialAction\":[{\"@type\":\"ReadAction\",\"target\":[\"https:\/\/www.integrationwien.at\/blog\/?p=3240\"]}]},{\"@type\":\"ImageObject\",\"inLanguage\":\"de\",\"@id\":\"https:\/\/www.integrationwien.at\/blog\/?p=3240#primaryimage\",\"url\":\"https:\/\/www.integrationwien.at\/blog\/wp-content\/uploads\/2019\/03\/Albert-1.jpg\",\"contentUrl\":\"https:\/\/www.integrationwien.at\/blog\/wp-content\/uploads\/2019\/03\/Albert-1.jpg\",\"width\":1234,\"height\":2182},{\"@type\":\"BreadcrumbList\",\"@id\":\"https:\/\/www.integrationwien.at\/blog\/?p=3240#breadcrumb\",\"itemListElement\":[{\"@type\":\"ListItem\",\"position\":1,\"name\":\"Startseite\",\"item\":\"https:\/\/www.integrationwien.at\/blog\"},{\"@type\":\"ListItem\",\"position\":2,\"name\":\"Ein Ausflug ins Museum der Illusionen\"}]},{\"@type\":\"WebSite\",\"@id\":\"https:\/\/www.integrationwien.at\/blog\/#website\",\"url\":\"https:\/\/www.integrationwien.at\/blog\/\",\"name\":\"Integration Wien\",\"description\":\"\",\"potentialAction\":[{\"@type\":\"SearchAction\",\"target\":{\"@type\":\"EntryPoint\",\"urlTemplate\":\"https:\/\/www.integrationwien.at\/blog\/?s={search_term_string}\"},\"query-input\":{\"@type\":\"PropertyValueSpecification\",\"valueRequired\":true,\"valueName\":\"search_term_string\"}}],\"inLanguage\":\"de\"},{\"@type\":\"Person\",\"@id\":\"https:\/\/www.integrationwien.at\/blog\/#\/schema\/person\/a8be130fc331a8ff34836b0e52025b2f\",\"name\":\"Stephanie Weislein\",\"image\":{\"@type\":\"ImageObject\",\"inLanguage\":\"de\",\"@id\":\"https:\/\/www.integrationwien.at\/blog\/#\/schema\/person\/image\/\",\"url\":\"https:\/\/secure.gravatar.com\/avatar\/95b672ecb042ae12c70baf4413d559953d9489654736bb86ab006efba4d212cd?s=96&d=retro&r=g\",\"contentUrl\":\"https:\/\/secure.gravatar.com\/avatar\/95b672ecb042ae12c70baf4413d559953d9489654736bb86ab006efba4d212cd?s=96&d=retro&r=g\",\"caption\":\"Stephanie Weislein\"},\"url\":\"https:\/\/www.integrationwien.at\/blog\/?author=6\"}]}<\/script>\n<!-- \/ Yoast SEO plugin. -->","yoast_head_json":{"title":"Ein Ausflug ins Museum der Illusionen - Integration Wien","robots":{"index":"index","follow":"follow","max-snippet":"max-snippet:-1","max-image-preview":"max-image-preview:large","max-video-preview":"max-video-preview:-1"},"canonical":"https:\/\/www.integrationwien.at\/blog\/?p=3240","og_locale":"de_DE","og_type":"article","og_title":"Ein Ausflug ins Museum der Illusionen - Integration Wien","og_description":"Am Dienstag trafen sich Fabian und ich in Alterlaa um unseren gemeinsamen Nachmittag zu starten. Im Vorhinein haben wir schon einiges, \u00fcber das relativ neue Museum der Illusionen, von unseren Kollegen geh\u00f6rt und uns dazu entschieden es heute zu besuchen. Kurz am Handy nachgeschaut wie man hinkommt und los ging&#8217;s. Nach der kurzweiligen U bahn-Fahrt, [&hellip;]","og_url":"https:\/\/www.integrationwien.at\/blog\/?p=3240","og_site_name":"Integration Wien","article_published_time":"2019-03-26T10:33:58+00:00","og_image":[{"url":"https:\/\/www.integrationwien.at\/blog\/wp-content\/uploads\/2019\/03\/Albert-1-579x1024.jpg","type":"","width":"","height":""}],"author":"Stephanie Weislein","twitter_card":"summary_large_image","twitter_misc":{"Verfasst von":"Stephanie Weislein","Gesch\u00e4tzte Lesezeit":"1\u00a0Minute"},"schema":{"@context":"https:\/\/schema.org","@graph":[{"@type":"WebPage","@id":"https:\/\/www.integrationwien.at\/blog\/?p=3240","url":"https:\/\/www.integrationwien.at\/blog\/?p=3240","name":"Ein Ausflug ins Museum der Illusionen - Integration Wien","isPartOf":{"@id":"https:\/\/www.integrationwien.at\/blog\/#website"},"primaryImageOfPage":{"@id":"https:\/\/www.integrationwien.at\/blog\/?p=3240#primaryimage"},"image":{"@id":"https:\/\/www.integrationwien.at\/blog\/?p=3240#primaryimage"},"thumbnailUrl":"https:\/\/www.integrationwien.at\/blog\/wp-content\/uploads\/2019\/03\/Albert-1-579x1024.jpg","datePublished":"2019-03-26T10:33:58+00:00","author":{"@id":"https:\/\/www.integrationwien.at\/blog\/#\/schema\/person\/a8be130fc331a8ff34836b0e52025b2f"},"breadcrumb":{"@id":"https:\/\/www.integrationwien.at\/blog\/?p=3240#breadcrumb"},"inLanguage":"de","potentialAction":[{"@type":"ReadAction","target":["https:\/\/www.integrationwien.at\/blog\/?p=3240"]}]},{"@type":"ImageObject","inLanguage":"de","@id":"https:\/\/www.integrationwien.at\/blog\/?p=3240#primaryimage","url":"https:\/\/www.integrationwien.at\/blog\/wp-content\/uploads\/2019\/03\/Albert-1.jpg","contentUrl":"https:\/\/www.integrationwien.at\/blog\/wp-content\/uploads\/2019\/03\/Albert-1.jpg","width":1234,"height":2182},{"@type":"BreadcrumbList","@id":"https:\/\/www.integrationwien.at\/blog\/?p=3240#breadcrumb","itemListElement":[{"@type":"ListItem","position":1,"name":"Startseite","item":"https:\/\/www.integrationwien.at\/blog"},{"@type":"ListItem","position":2,"name":"Ein Ausflug ins Museum der Illusionen"}]},{"@type":"WebSite","@id":"https:\/\/www.integrationwien.at\/blog\/#website","url":"https:\/\/www.integrationwien.at\/blog\/","name":"Integration Wien","description":"","potentialAction":[{"@type":"SearchAction","target":{"@type":"EntryPoint","urlTemplate":"https:\/\/www.integrationwien.at\/blog\/?s={search_term_string}"},"query-input":{"@type":"PropertyValueSpecification","valueRequired":true,"valueName":"search_term_string"}}],"inLanguage":"de"},{"@type":"Person","@id":"https:\/\/www.integrationwien.at\/blog\/#\/schema\/person\/a8be130fc331a8ff34836b0e52025b2f","name":"Stephanie Weislein","image":{"@type":"ImageObject","inLanguage":"de","@id":"https:\/\/www.integrationwien.at\/blog\/#\/schema\/person\/image\/","url":"https:\/\/secure.gravatar.com\/avatar\/95b672ecb042ae12c70baf4413d559953d9489654736bb86ab006efba4d212cd?s=96&d=retro&r=g","contentUrl":"https:\/\/secure.gravatar.com\/avatar\/95b672ecb042ae12c70baf4413d559953d9489654736bb86ab006efba4d212cd?s=96&d=retro&r=g","caption":"Stephanie Weislein"},"url":"https:\/\/www.integrationwien.at\/blog\/?author=6"}]}},"_links":{"self":[{"href":"https:\/\/www.integrationwien.at\/blog\/index.php?rest_route=\/wp\/v2\/posts\/3240","targetHints":{"allow":["GET"]}}],"collection":[{"href":"https:\/\/www.integrationwien.at\/blog\/index.php?rest_route=\/wp\/v2\/posts"}],"about":[{"href":"https:\/\/www.integrationwien.at\/blog\/index.php?rest_route=\/wp\/v2\/types\/post"}],"author":[{"embeddable":true,"href":"https:\/\/www.integrationwien.at\/blog\/index.php?rest_route=\/wp\/v2\/users\/6"}],"replies":[{"embeddable":true,"href":"https:\/\/www.integrationwien.at\/blog\/index.php?rest_route=%2Fwp%2Fv2%2Fcomments&post=3240"}],"version-history":[{"count":1,"href":"https:\/\/www.integrationwien.at\/blog\/index.php?rest_route=\/wp\/v2\/posts\/3240\/revisions"}],"predecessor-version":[{"id":3245,"href":"https:\/\/www.integrationwien.at\/blog\/index.php?rest_route=\/wp\/v2\/posts\/3240\/revisions\/3245"}],"wp:attachment":[{"href":"https:\/\/www.integrationwien.at\/blog\/index.php?rest_route=%2Fwp%2Fv2%2Fmedia&parent=3240"}],"wp:term":[{"taxonomy":"category","embeddable":true,"href":"https:\/\/www.integrationwien.at\/blog\/index.php?rest_route=%2Fwp%2Fv2%2Fcategories&post=3240"},{"taxonomy":"post_tag","embeddable":true,"href":"https:\/\/www.integrationwien.at\/blog\/index.php?rest_route=%2Fwp%2Fv2%2Ftags&post=3240"}],"curies":[{"name":"wp","href":"https:\/\/api.w.org\/{rel}","templated":true}]}}