{"id":2954,"date":"2018-08-06T11:17:57","date_gmt":"2018-08-06T09:17:57","guid":{"rendered":"https:\/\/www.integrationwien.at\/blog\/?p=2954"},"modified":"2018-08-14T11:39:39","modified_gmt":"2018-08-14T09:39:39","slug":"2954","status":"publish","type":"post","link":"https:\/\/www.integrationwien.at\/blog\/?p=2954","title":{"rendered":"Die Freizeitassistenz beim Urlaub am Attersee"},"content":{"rendered":"<p>Ein erfrischender Start in den Sommer \u2013 Der Urlaub der Integration Wien in Wei\u00dfenbach am Attersee.<\/p>\n<p><img loading=\"lazy\" decoding=\"async\" class=\"alignleft size-full wp-image-2955\" src=\"https:\/\/www.integrationwien.at\/blog\/wp-content\/uploads\/2018\/08\/IMAG0218s.jpg\" alt=\"\" width=\"800\" height=\"452\" srcset=\"https:\/\/www.integrationwien.at\/blog\/wp-content\/uploads\/2018\/08\/IMAG0218s.jpg 800w, https:\/\/www.integrationwien.at\/blog\/wp-content\/uploads\/2018\/08\/IMAG0218s-300x170.jpg 300w, https:\/\/www.integrationwien.at\/blog\/wp-content\/uploads\/2018\/08\/IMAG0218s-768x434.jpg 768w, https:\/\/www.integrationwien.at\/blog\/wp-content\/uploads\/2018\/08\/IMAG0218s-624x353.jpg 624w\" sizes=\"auto, (max-width: 800px) 100vw, 800px\" \/><br \/>\nJa was war den das? Diese Woche war in der Tat so schnell wieder vorbei, dass man sich denken konnte das es im Ganzen nur ein Tag gewesen war. Aber der Reihe nach.<br \/>\nAm neunten Juli 2018 versammelten sich um 11:30 Uhr 19 Personen (+Anhang in Form der Eltern und Freunde) am Hauptbahnhof. Der Reiseleiter kam aufgrund von Schwierigkeiten auf Schiene erst 10 Minuten sp\u00e4ter \u2013 halb so wild, daf\u00fcr waren schon alle versammelt und in freudiger Erwartung des Kommenden. Die erste Etappe unserer Reise absolvierten wir in der Westbahn. Mit dieser fuhren wir nach Linz \u2013 eine sehr kooperative Schaffnerin machte diese Reise zu einer angenehmen Unternehmung. In Linz angekommen wartete bereits mein Kollege Andreas mit einem kleinen Bus auf uns, und ein weiterer Bus stand bereit um die Reisegruppe an das Ziel der Reise \u2013 Wei\u00dfenbach am Attersee \u2013 zu kutschieren. Ohne weitere Verz\u00f6gerungen machten wir uns auf den Weg um noch ein wenig von dem guten Wetter an diesem Montag zu profitieren. Eine gute Stunde sp\u00e4ter trafen wir an unserem Zielort \u2013 dem Europacamp in Wei\u00dfenbach am Attersee im wundersch\u00f6nen Salzkammergut \u2013 ein. Nachdem wir kurz unsere Quartiere bezogen hatten \u2013 Mehrbettzimmer in einer Jugendherberge \u2013 ging es sogleich an den See, um uns selber von der unglaublich blauen Farbe des Wassers zu \u00fcberzeugen.<\/p>\n<p><img loading=\"lazy\" decoding=\"async\" class=\"alignleft size-full wp-image-2967\" src=\"https:\/\/www.integrationwien.at\/blog\/wp-content\/uploads\/2018\/08\/IMAG0231s.jpg\" alt=\"\" width=\"800\" height=\"452\" srcset=\"https:\/\/www.integrationwien.at\/blog\/wp-content\/uploads\/2018\/08\/IMAG0231s.jpg 800w, https:\/\/www.integrationwien.at\/blog\/wp-content\/uploads\/2018\/08\/IMAG0231s-300x170.jpg 300w, https:\/\/www.integrationwien.at\/blog\/wp-content\/uploads\/2018\/08\/IMAG0231s-768x434.jpg 768w, https:\/\/www.integrationwien.at\/blog\/wp-content\/uploads\/2018\/08\/IMAG0231s-624x353.jpg 624w\" sizes=\"auto, (max-width: 800px) 100vw, 800px\" \/><\/p>\n<p>W\u00e4hrenddessen machte sich ein Teil der Gruppe auf den Weg in den n\u00e4chsten Ort um dort beim Spar einkaufen zu gehen und alles f\u00fcr eine abendliche Grillerei vorzubereiten. Das Personal im Camp erwies sich als sehr kooperativ und lieh uns einen stattlichen Gasgriller. Dadurch, dass sich alle am Schneiden, Schnippseln und Grillen beteiligten, gelang es uns, in recht kurzer Zeit ein ordentliches Abendessen zu zaubern.<\/p>\n<p><img loading=\"lazy\" decoding=\"async\" class=\"alignleft size-full wp-image-2959\" src=\"https:\/\/www.integrationwien.at\/blog\/wp-content\/uploads\/2018\/08\/IMAG0223s.jpg\" alt=\"\" width=\"800\" height=\"452\" srcset=\"https:\/\/www.integrationwien.at\/blog\/wp-content\/uploads\/2018\/08\/IMAG0223s.jpg 800w, https:\/\/www.integrationwien.at\/blog\/wp-content\/uploads\/2018\/08\/IMAG0223s-300x170.jpg 300w, https:\/\/www.integrationwien.at\/blog\/wp-content\/uploads\/2018\/08\/IMAG0223s-768x434.jpg 768w, https:\/\/www.integrationwien.at\/blog\/wp-content\/uploads\/2018\/08\/IMAG0223s-624x353.jpg 624w\" sizes=\"auto, (max-width: 800px) 100vw, 800px\" \/><\/p>\n<p>Danach lie\u00dfen wir den Abend noch gem\u00fctlich am Lagerfeuer ausklingen.<\/p>\n<p><img loading=\"lazy\" decoding=\"async\" class=\"alignleft size-full wp-image-2964\" src=\"https:\/\/www.integrationwien.at\/blog\/wp-content\/uploads\/2018\/08\/IMAG0228s.jpg\" alt=\"\" width=\"800\" height=\"450\" srcset=\"https:\/\/www.integrationwien.at\/blog\/wp-content\/uploads\/2018\/08\/IMAG0228s.jpg 800w, https:\/\/www.integrationwien.at\/blog\/wp-content\/uploads\/2018\/08\/IMAG0228s-300x169.jpg 300w, https:\/\/www.integrationwien.at\/blog\/wp-content\/uploads\/2018\/08\/IMAG0228s-768x432.jpg 768w, https:\/\/www.integrationwien.at\/blog\/wp-content\/uploads\/2018\/08\/IMAG0228s-624x351.jpg 624w\" sizes=\"auto, (max-width: 800px) 100vw, 800px\" \/><\/p>\n<p>Den Dienstag begannen wir mit dem Fr\u00fchst\u00fcck in der Camp \u2013 Cafeteria. Dieses war mit Zeiten zwischen 08:00 und 09:00 Uhr &#8211; zugegeben \u2013 etwas fr\u00fch angesetzt, allerdings hatte man daf\u00fcr auch viel vom Tag. Den restlichen Vormittag verbrachten wir bei sch\u00f6nem Wetter am See. Das Mittagessen, welches t\u00e4glich um 13:00 Uhr gereicht wurde holte uns vom See zur\u00fcck und auch das schlechter werdende Wetter vertrieb uns von dort. Den Nachmittag verbrachten wir mit Gesellschaftsspielen \u2013 vor allem Skippo und UNO, diese Spiele waren allgegenw\u00e4rtig. Den Abend nutzten wir, um den Geburtstag von Marcell mit einem Abendessen in einer Pizzeria in Unterach am Attersee zu feiern. Dies war ein erster kleiner H\u00f6hepunkt des Urlaubes. Nach dem Besuch in der Pizzeria lud das Team des Europacamps alle Camp-G\u00e4ste zum Public Viewing im hauseigenen Kinosaal ein. Ungef\u00e4hr die H\u00e4lfte unsere Gruppe nahmen dieses Angebot an und erlebten einen spannenden Fu\u00dfball Abend bei Belgien gegen Frankreich. Der restliche Abend wurde wieder gem\u00fctlich am Lagerfeuer verbracht.<\/p>\n<p>Der Mittwoch war nach dem Regennachmittag am Dienstag der zweite Regentag dieser Woche. Dies war allerdings kein Grund f\u00fcr Missmut, nein, wir mieteten uns kurzerhand den Kinosaal des Camps und veranstalteten ein Sommerkino, welches scherzhaft Winterkino genannt wurde, weil es am Mittwoch doch eher kalt war.<\/p>\n<p><img loading=\"lazy\" decoding=\"async\" class=\"alignleft size-full wp-image-2969\" src=\"https:\/\/www.integrationwien.at\/blog\/wp-content\/uploads\/2018\/08\/IMAG0235s.jpg\" alt=\"\" width=\"800\" height=\"452\" srcset=\"https:\/\/www.integrationwien.at\/blog\/wp-content\/uploads\/2018\/08\/IMAG0235s.jpg 800w, https:\/\/www.integrationwien.at\/blog\/wp-content\/uploads\/2018\/08\/IMAG0235s-300x170.jpg 300w, https:\/\/www.integrationwien.at\/blog\/wp-content\/uploads\/2018\/08\/IMAG0235s-768x434.jpg 768w, https:\/\/www.integrationwien.at\/blog\/wp-content\/uploads\/2018\/08\/IMAG0235s-624x353.jpg 624w\" sizes=\"auto, (max-width: 800px) 100vw, 800px\" \/><\/p>\n<p><img loading=\"lazy\" decoding=\"async\" class=\"alignleft size-medium wp-image-2971\" src=\"https:\/\/www.integrationwien.at\/blog\/wp-content\/uploads\/2018\/08\/IMAG0237s-300x169.jpg\" alt=\"\" width=\"300\" height=\"169\" srcset=\"https:\/\/www.integrationwien.at\/blog\/wp-content\/uploads\/2018\/08\/IMAG0237s-300x169.jpg 300w, https:\/\/www.integrationwien.at\/blog\/wp-content\/uploads\/2018\/08\/IMAG0237s-768x432.jpg 768w, https:\/\/www.integrationwien.at\/blog\/wp-content\/uploads\/2018\/08\/IMAG0237s-624x351.jpg 624w, https:\/\/www.integrationwien.at\/blog\/wp-content\/uploads\/2018\/08\/IMAG0237s.jpg 800w\" sizes=\"auto, (max-width: 300px) 100vw, 300px\" \/><img loading=\"lazy\" decoding=\"async\" class=\"alignleft size-medium wp-image-2970\" src=\"https:\/\/www.integrationwien.at\/blog\/wp-content\/uploads\/2018\/08\/IMAG0236s-300x170.jpg\" alt=\"\" width=\"300\" height=\"170\" srcset=\"https:\/\/www.integrationwien.at\/blog\/wp-content\/uploads\/2018\/08\/IMAG0236s-300x170.jpg 300w, https:\/\/www.integrationwien.at\/blog\/wp-content\/uploads\/2018\/08\/IMAG0236s-768x434.jpg 768w, https:\/\/www.integrationwien.at\/blog\/wp-content\/uploads\/2018\/08\/IMAG0236s-624x353.jpg 624w, https:\/\/www.integrationwien.at\/blog\/wp-content\/uploads\/2018\/08\/IMAG0236s.jpg 800w\" sizes=\"auto, (max-width: 300px) 100vw, 300px\" \/><\/p>\n<p>&nbsp;<\/p>\n<p>&nbsp;<\/p>\n<p>&nbsp;<\/p>\n<p>Am Abend nutzen wir die Gro\u00dfk\u00fcche des Camps aus und bereiteten zwei riesige T\u00f6pfe mit Sauce Bolognese und Tomatenso\u00dfe zu, welche auf gro\u00dfen Anklang in der Gruppe stie\u00dfen. Zu diesem Anlass kam auch die Sonne wieder raus, und wir konnten im Freien Abendessen.<\/p>\n<p>Nach dem Essen wurde ein kleines Freiluft Kabarett\/Theater\/Gesangs\/Performance -Programm abgehalten, welches sich sehr spontan entwickelte, indem Ralf sein Programm nach Peter Steiner vorspielen wollte und ihm dies die meisten anderen mit spontanen Einlagen und Performances nachmachten. Dieser sehr ber\u00fchrende und inspirierende Teil des Abends war f\u00fcr mich ein weiterer H\u00f6hepunkt unseres Urlaubes.<\/p>\n<p><img loading=\"lazy\" decoding=\"async\" class=\"alignleft size-full wp-image-2972\" src=\"https:\/\/www.integrationwien.at\/blog\/wp-content\/uploads\/2018\/08\/IMAG0241s.jpg\" alt=\"\" width=\"800\" height=\"450\" srcset=\"https:\/\/www.integrationwien.at\/blog\/wp-content\/uploads\/2018\/08\/IMAG0241s.jpg 800w, https:\/\/www.integrationwien.at\/blog\/wp-content\/uploads\/2018\/08\/IMAG0241s-300x169.jpg 300w, https:\/\/www.integrationwien.at\/blog\/wp-content\/uploads\/2018\/08\/IMAG0241s-768x432.jpg 768w, https:\/\/www.integrationwien.at\/blog\/wp-content\/uploads\/2018\/08\/IMAG0241s-624x351.jpg 624w\" sizes=\"auto, (max-width: 800px) 100vw, 800px\" \/><\/p>\n<p>Und als ob das noch nicht genug gewesen w\u00e4re, veranstalteten wir zur Feier des Tages noch eine Party in der hauseigenen Disco im Campcenter des Europacamps. Diese Party, mit DJ Andi Hofa, kam so gut an, dass sich noch viele weitere Campg\u00e4ste zu uns gesellten und ausgelassen mit uns feierten.<\/p>\n<p><img loading=\"lazy\" decoding=\"async\" class=\"alignleft size-full wp-image-2979\" src=\"https:\/\/www.integrationwien.at\/blog\/wp-content\/uploads\/2018\/08\/IMG_4979.jpg\" alt=\"\" width=\"1600\" height=\"1064\" srcset=\"https:\/\/www.integrationwien.at\/blog\/wp-content\/uploads\/2018\/08\/IMG_4979.jpg 1600w, https:\/\/www.integrationwien.at\/blog\/wp-content\/uploads\/2018\/08\/IMG_4979-300x200.jpg 300w, https:\/\/www.integrationwien.at\/blog\/wp-content\/uploads\/2018\/08\/IMG_4979-768x511.jpg 768w, https:\/\/www.integrationwien.at\/blog\/wp-content\/uploads\/2018\/08\/IMG_4979-1024x681.jpg 1024w, https:\/\/www.integrationwien.at\/blog\/wp-content\/uploads\/2018\/08\/IMG_4979-624x415.jpg 624w\" sizes=\"auto, (max-width: 1600px) 100vw, 1600px\" \/><\/p>\n<p>&nbsp;<\/p>\n<p>&nbsp;<\/p>\n<p>&nbsp;<\/p>\n<p>&nbsp;<\/p>\n<p>&nbsp;<\/p>\n<p>&nbsp;<\/p>\n<p>&nbsp;<\/p>\n<p>&nbsp;<\/p>\n<p>&nbsp;<\/p>\n<p>Ein Beitrag von Max Schauer, Freizeitassisent bei integration wien<\/p>\n","protected":false},"excerpt":{"rendered":"<p>Ein erfrischender Start in den Sommer \u2013 Der Urlaub der Integration Wien in Wei\u00dfenbach am Attersee. Ja was war den das? Diese Woche war in der Tat so schnell wieder vorbei, dass man sich denken konnte das es im Ganzen nur ein Tag gewesen war. Aber der Reihe nach. Am neunten Juli 2018 versammelten sich [&hellip;]<\/p>\n","protected":false},"author":6,"featured_media":0,"comment_status":"closed","ping_status":"open","sticky":false,"template":"","format":"standard","meta":{"footnotes":""},"categories":[1],"tags":[],"class_list":["post-2954","post","type-post","status-publish","format-standard","hentry","category-allgemein"],"yoast_head":"<!-- This site is optimized with the Yoast SEO plugin v25.8 - https:\/\/yoast.com\/wordpress\/plugins\/seo\/ -->\n<title>Die Freizeitassistenz beim Urlaub am Attersee - Integration Wien<\/title>\n<meta name=\"robots\" content=\"index, follow, max-snippet:-1, max-image-preview:large, max-video-preview:-1\" \/>\n<link rel=\"canonical\" href=\"https:\/\/www.integrationwien.at\/blog\/?p=2954\" \/>\n<meta property=\"og:locale\" content=\"de_DE\" \/>\n<meta property=\"og:type\" content=\"article\" \/>\n<meta property=\"og:title\" content=\"Die Freizeitassistenz beim Urlaub am Attersee - Integration Wien\" \/>\n<meta property=\"og:description\" content=\"Ein erfrischender Start in den Sommer \u2013 Der Urlaub der Integration Wien in Wei\u00dfenbach am Attersee. Ja was war den das? Diese Woche war in der Tat so schnell wieder vorbei, dass man sich denken konnte das es im Ganzen nur ein Tag gewesen war. Aber der Reihe nach. Am neunten Juli 2018 versammelten sich [&hellip;]\" \/>\n<meta property=\"og:url\" content=\"https:\/\/www.integrationwien.at\/blog\/?p=2954\" \/>\n<meta property=\"og:site_name\" content=\"Integration Wien\" \/>\n<meta property=\"article:published_time\" content=\"2018-08-06T09:17:57+00:00\" \/>\n<meta property=\"article:modified_time\" content=\"2018-08-14T09:39:39+00:00\" \/>\n<meta property=\"og:image\" content=\"https:\/\/www.integrationwien.at\/blog\/wp-content\/uploads\/2018\/08\/IMAG0218s.jpg\" \/>\n<meta name=\"author\" content=\"Stephanie Weislein\" \/>\n<meta name=\"twitter:card\" content=\"summary_large_image\" \/>\n<meta name=\"twitter:label1\" content=\"Verfasst von\" \/>\n\t<meta name=\"twitter:data1\" content=\"Stephanie Weislein\" \/>\n\t<meta name=\"twitter:label2\" content=\"Gesch\u00e4tzte Lesezeit\" \/>\n\t<meta name=\"twitter:data2\" content=\"4\u00a0Minuten\" \/>\n<script type=\"application\/ld+json\" class=\"yoast-schema-graph\">{\"@context\":\"https:\/\/schema.org\",\"@graph\":[{\"@type\":\"WebPage\",\"@id\":\"https:\/\/www.integrationwien.at\/blog\/?p=2954\",\"url\":\"https:\/\/www.integrationwien.at\/blog\/?p=2954\",\"name\":\"Die Freizeitassistenz beim Urlaub am Attersee - Integration Wien\",\"isPartOf\":{\"@id\":\"https:\/\/www.integrationwien.at\/blog\/#website\"},\"primaryImageOfPage\":{\"@id\":\"https:\/\/www.integrationwien.at\/blog\/?p=2954#primaryimage\"},\"image\":{\"@id\":\"https:\/\/www.integrationwien.at\/blog\/?p=2954#primaryimage\"},\"thumbnailUrl\":\"https:\/\/www.integrationwien.at\/blog\/wp-content\/uploads\/2018\/08\/IMAG0218s.jpg\",\"datePublished\":\"2018-08-06T09:17:57+00:00\",\"dateModified\":\"2018-08-14T09:39:39+00:00\",\"author\":{\"@id\":\"https:\/\/www.integrationwien.at\/blog\/#\/schema\/person\/a8be130fc331a8ff34836b0e52025b2f\"},\"breadcrumb\":{\"@id\":\"https:\/\/www.integrationwien.at\/blog\/?p=2954#breadcrumb\"},\"inLanguage\":\"de\",\"potentialAction\":[{\"@type\":\"ReadAction\",\"target\":[\"https:\/\/www.integrationwien.at\/blog\/?p=2954\"]}]},{\"@type\":\"ImageObject\",\"inLanguage\":\"de\",\"@id\":\"https:\/\/www.integrationwien.at\/blog\/?p=2954#primaryimage\",\"url\":\"https:\/\/www.integrationwien.at\/blog\/wp-content\/uploads\/2018\/08\/IMAG0218s.jpg\",\"contentUrl\":\"https:\/\/www.integrationwien.at\/blog\/wp-content\/uploads\/2018\/08\/IMAG0218s.jpg\",\"width\":800,\"height\":452},{\"@type\":\"BreadcrumbList\",\"@id\":\"https:\/\/www.integrationwien.at\/blog\/?p=2954#breadcrumb\",\"itemListElement\":[{\"@type\":\"ListItem\",\"position\":1,\"name\":\"Startseite\",\"item\":\"https:\/\/www.integrationwien.at\/blog\"},{\"@type\":\"ListItem\",\"position\":2,\"name\":\"Die Freizeitassistenz beim Urlaub am Attersee\"}]},{\"@type\":\"WebSite\",\"@id\":\"https:\/\/www.integrationwien.at\/blog\/#website\",\"url\":\"https:\/\/www.integrationwien.at\/blog\/\",\"name\":\"Integration Wien\",\"description\":\"\",\"potentialAction\":[{\"@type\":\"SearchAction\",\"target\":{\"@type\":\"EntryPoint\",\"urlTemplate\":\"https:\/\/www.integrationwien.at\/blog\/?s={search_term_string}\"},\"query-input\":{\"@type\":\"PropertyValueSpecification\",\"valueRequired\":true,\"valueName\":\"search_term_string\"}}],\"inLanguage\":\"de\"},{\"@type\":\"Person\",\"@id\":\"https:\/\/www.integrationwien.at\/blog\/#\/schema\/person\/a8be130fc331a8ff34836b0e52025b2f\",\"name\":\"Stephanie Weislein\",\"image\":{\"@type\":\"ImageObject\",\"inLanguage\":\"de\",\"@id\":\"https:\/\/www.integrationwien.at\/blog\/#\/schema\/person\/image\/\",\"url\":\"https:\/\/secure.gravatar.com\/avatar\/95b672ecb042ae12c70baf4413d559953d9489654736bb86ab006efba4d212cd?s=96&d=retro&r=g\",\"contentUrl\":\"https:\/\/secure.gravatar.com\/avatar\/95b672ecb042ae12c70baf4413d559953d9489654736bb86ab006efba4d212cd?s=96&d=retro&r=g\",\"caption\":\"Stephanie Weislein\"},\"url\":\"https:\/\/www.integrationwien.at\/blog\/?author=6\"}]}<\/script>\n<!-- \/ Yoast SEO plugin. -->","yoast_head_json":{"title":"Die Freizeitassistenz beim Urlaub am Attersee - Integration Wien","robots":{"index":"index","follow":"follow","max-snippet":"max-snippet:-1","max-image-preview":"max-image-preview:large","max-video-preview":"max-video-preview:-1"},"canonical":"https:\/\/www.integrationwien.at\/blog\/?p=2954","og_locale":"de_DE","og_type":"article","og_title":"Die Freizeitassistenz beim Urlaub am Attersee - Integration Wien","og_description":"Ein erfrischender Start in den Sommer \u2013 Der Urlaub der Integration Wien in Wei\u00dfenbach am Attersee. Ja was war den das? Diese Woche war in der Tat so schnell wieder vorbei, dass man sich denken konnte das es im Ganzen nur ein Tag gewesen war. Aber der Reihe nach. Am neunten Juli 2018 versammelten sich [&hellip;]","og_url":"https:\/\/www.integrationwien.at\/blog\/?p=2954","og_site_name":"Integration Wien","article_published_time":"2018-08-06T09:17:57+00:00","article_modified_time":"2018-08-14T09:39:39+00:00","og_image":[{"url":"https:\/\/www.integrationwien.at\/blog\/wp-content\/uploads\/2018\/08\/IMAG0218s.jpg","type":"","width":"","height":""}],"author":"Stephanie Weislein","twitter_card":"summary_large_image","twitter_misc":{"Verfasst von":"Stephanie Weislein","Gesch\u00e4tzte Lesezeit":"4\u00a0Minuten"},"schema":{"@context":"https:\/\/schema.org","@graph":[{"@type":"WebPage","@id":"https:\/\/www.integrationwien.at\/blog\/?p=2954","url":"https:\/\/www.integrationwien.at\/blog\/?p=2954","name":"Die Freizeitassistenz beim Urlaub am Attersee - Integration Wien","isPartOf":{"@id":"https:\/\/www.integrationwien.at\/blog\/#website"},"primaryImageOfPage":{"@id":"https:\/\/www.integrationwien.at\/blog\/?p=2954#primaryimage"},"image":{"@id":"https:\/\/www.integrationwien.at\/blog\/?p=2954#primaryimage"},"thumbnailUrl":"https:\/\/www.integrationwien.at\/blog\/wp-content\/uploads\/2018\/08\/IMAG0218s.jpg","datePublished":"2018-08-06T09:17:57+00:00","dateModified":"2018-08-14T09:39:39+00:00","author":{"@id":"https:\/\/www.integrationwien.at\/blog\/#\/schema\/person\/a8be130fc331a8ff34836b0e52025b2f"},"breadcrumb":{"@id":"https:\/\/www.integrationwien.at\/blog\/?p=2954#breadcrumb"},"inLanguage":"de","potentialAction":[{"@type":"ReadAction","target":["https:\/\/www.integrationwien.at\/blog\/?p=2954"]}]},{"@type":"ImageObject","inLanguage":"de","@id":"https:\/\/www.integrationwien.at\/blog\/?p=2954#primaryimage","url":"https:\/\/www.integrationwien.at\/blog\/wp-content\/uploads\/2018\/08\/IMAG0218s.jpg","contentUrl":"https:\/\/www.integrationwien.at\/blog\/wp-content\/uploads\/2018\/08\/IMAG0218s.jpg","width":800,"height":452},{"@type":"BreadcrumbList","@id":"https:\/\/www.integrationwien.at\/blog\/?p=2954#breadcrumb","itemListElement":[{"@type":"ListItem","position":1,"name":"Startseite","item":"https:\/\/www.integrationwien.at\/blog"},{"@type":"ListItem","position":2,"name":"Die Freizeitassistenz beim Urlaub am Attersee"}]},{"@type":"WebSite","@id":"https:\/\/www.integrationwien.at\/blog\/#website","url":"https:\/\/www.integrationwien.at\/blog\/","name":"Integration Wien","description":"","potentialAction":[{"@type":"SearchAction","target":{"@type":"EntryPoint","urlTemplate":"https:\/\/www.integrationwien.at\/blog\/?s={search_term_string}"},"query-input":{"@type":"PropertyValueSpecification","valueRequired":true,"valueName":"search_term_string"}}],"inLanguage":"de"},{"@type":"Person","@id":"https:\/\/www.integrationwien.at\/blog\/#\/schema\/person\/a8be130fc331a8ff34836b0e52025b2f","name":"Stephanie Weislein","image":{"@type":"ImageObject","inLanguage":"de","@id":"https:\/\/www.integrationwien.at\/blog\/#\/schema\/person\/image\/","url":"https:\/\/secure.gravatar.com\/avatar\/95b672ecb042ae12c70baf4413d559953d9489654736bb86ab006efba4d212cd?s=96&d=retro&r=g","contentUrl":"https:\/\/secure.gravatar.com\/avatar\/95b672ecb042ae12c70baf4413d559953d9489654736bb86ab006efba4d212cd?s=96&d=retro&r=g","caption":"Stephanie Weislein"},"url":"https:\/\/www.integrationwien.at\/blog\/?author=6"}]}},"_links":{"self":[{"href":"https:\/\/www.integrationwien.at\/blog\/index.php?rest_route=\/wp\/v2\/posts\/2954","targetHints":{"allow":["GET"]}}],"collection":[{"href":"https:\/\/www.integrationwien.at\/blog\/index.php?rest_route=\/wp\/v2\/posts"}],"about":[{"href":"https:\/\/www.integrationwien.at\/blog\/index.php?rest_route=\/wp\/v2\/types\/post"}],"author":[{"embeddable":true,"href":"https:\/\/www.integrationwien.at\/blog\/index.php?rest_route=\/wp\/v2\/users\/6"}],"replies":[{"embeddable":true,"href":"https:\/\/www.integrationwien.at\/blog\/index.php?rest_route=%2Fwp%2Fv2%2Fcomments&post=2954"}],"version-history":[{"count":6,"href":"https:\/\/www.integrationwien.at\/blog\/index.php?rest_route=\/wp\/v2\/posts\/2954\/revisions"}],"predecessor-version":[{"id":2982,"href":"https:\/\/www.integrationwien.at\/blog\/index.php?rest_route=\/wp\/v2\/posts\/2954\/revisions\/2982"}],"wp:attachment":[{"href":"https:\/\/www.integrationwien.at\/blog\/index.php?rest_route=%2Fwp%2Fv2%2Fmedia&parent=2954"}],"wp:term":[{"taxonomy":"category","embeddable":true,"href":"https:\/\/www.integrationwien.at\/blog\/index.php?rest_route=%2Fwp%2Fv2%2Fcategories&post=2954"},{"taxonomy":"post_tag","embeddable":true,"href":"https:\/\/www.integrationwien.at\/blog\/index.php?rest_route=%2Fwp%2Fv2%2Ftags&post=2954"}],"curies":[{"name":"wp","href":"https:\/\/api.w.org\/{rel}","templated":true}]}}