{"id":2948,"date":"2018-07-30T13:00:38","date_gmt":"2018-07-30T11:00:38","guid":{"rendered":"https:\/\/www.integrationwien.at\/blog\/?p=2948"},"modified":"2018-08-14T10:16:13","modified_gmt":"2018-08-14T08:16:13","slug":"eine-zweite-perspektive-sommerfest-am-kriemhildplatz","status":"publish","type":"post","link":"https:\/\/www.integrationwien.at\/blog\/?p=2948","title":{"rendered":"Eine zweite Perspektive: Sommerfest am Kriemhildplatz"},"content":{"rendered":"<p>Emre und ich waren schon am Kriemhildplatz bevor das Fest \u00fcberhaupt offiziell begonnen hat, da ich auch noch gemeinsam mit Muammer, Antti, Ben und Willy einen Auftritt hatte. Emre schaute uns beim Soundcheck zu und gab uns schon mal Feedback, dass es cool klingt, was wir machen.<\/p>\n<div id=\"attachment_2949\" style=\"width: 635px\" class=\"wp-caption alignleft\"><img loading=\"lazy\" decoding=\"async\" aria-describedby=\"caption-attachment-2949\" class=\"wp-image-2949 size-large\" src=\"https:\/\/www.integrationwien.at\/blog\/wp-content\/uploads\/2018\/07\/20180609_Wienerfotoschule_00141-1024x683.jpg\" alt=\"\" width=\"625\" height=\"417\" srcset=\"https:\/\/www.integrationwien.at\/blog\/wp-content\/uploads\/2018\/07\/20180609_Wienerfotoschule_00141-1024x683.jpg 1024w, https:\/\/www.integrationwien.at\/blog\/wp-content\/uploads\/2018\/07\/20180609_Wienerfotoschule_00141-300x200.jpg 300w, https:\/\/www.integrationwien.at\/blog\/wp-content\/uploads\/2018\/07\/20180609_Wienerfotoschule_00141-768x512.jpg 768w, https:\/\/www.integrationwien.at\/blog\/wp-content\/uploads\/2018\/07\/20180609_Wienerfotoschule_00141-624x416.jpg 624w, https:\/\/www.integrationwien.at\/blog\/wp-content\/uploads\/2018\/07\/20180609_Wienerfotoschule_00141.jpg 1600w\" sizes=\"auto, (max-width: 625px) 100vw, 625px\" \/><p id=\"caption-attachment-2949\" class=\"wp-caption-text\">(c) Wiener Fotoschule<\/p><\/div>\n<p>Mit Muammer spielten wir gleich zu Beginn des Festes vier seiner Lieder auf der B\u00fchne.<\/p>\n<p><img loading=\"lazy\" decoding=\"async\" class=\"alignleft size-large wp-image-2950\" src=\"https:\/\/www.integrationwien.at\/blog\/wp-content\/uploads\/2018\/07\/IMG_3393-1024x683.jpg\" alt=\"\" width=\"625\" height=\"417\" srcset=\"https:\/\/www.integrationwien.at\/blog\/wp-content\/uploads\/2018\/07\/IMG_3393-1024x683.jpg 1024w, https:\/\/www.integrationwien.at\/blog\/wp-content\/uploads\/2018\/07\/IMG_3393-300x200.jpg 300w, https:\/\/www.integrationwien.at\/blog\/wp-content\/uploads\/2018\/07\/IMG_3393-768x512.jpg 768w, https:\/\/www.integrationwien.at\/blog\/wp-content\/uploads\/2018\/07\/IMG_3393-624x416.jpg 624w\" sizes=\"auto, (max-width: 625px) 100vw, 625px\" \/><\/p>\n<p>Danach hatten Emre und ich Zeit uns umzuschauen und alle zu begr\u00fc\u00dfen \u2013 es waren sehr viele Leute von iwi da, die wir kannten. Au\u00dferdem war auch Raphael mit seiner Kamera da, um mit uns einen Werbefilm f\u00fcr das Crowdfunding unseres iwi-Festivals zu filmen. Aron und ich brauchten ein paar Anl\u00e4ufe, bis wir locker das sagen konnten, was wir vermitteln wollten. Emre, der ja sowieso Regisseur ist, blieb in Raphaels N\u00e4he hinter der Kamera und unterst\u00fctze uns mit Feedback und seinem Grinsen.<\/p>\n<p><img loading=\"lazy\" decoding=\"async\" class=\"alignleft size-large wp-image-2951\" src=\"https:\/\/www.integrationwien.at\/blog\/wp-content\/uploads\/2018\/07\/IMG_3564-1024x683.jpg\" alt=\"\" width=\"625\" height=\"417\" srcset=\"https:\/\/www.integrationwien.at\/blog\/wp-content\/uploads\/2018\/07\/IMG_3564-1024x683.jpg 1024w, https:\/\/www.integrationwien.at\/blog\/wp-content\/uploads\/2018\/07\/IMG_3564-300x200.jpg 300w, https:\/\/www.integrationwien.at\/blog\/wp-content\/uploads\/2018\/07\/IMG_3564-768x512.jpg 768w, https:\/\/www.integrationwien.at\/blog\/wp-content\/uploads\/2018\/07\/IMG_3564-624x416.jpg 624w\" sizes=\"auto, (max-width: 625px) 100vw, 625px\" \/><\/p>\n<p>Wir interviewten auch Verena \u00fcber den Verein Integration Wien und viele, die sowieso von der Freizeitassistenz da waren machten auch mit.<\/p>\n<p>Insgesamt ist die gute Stimmung des Sommerfestes auf dem Film gut zu sehen:<\/p>\n<p><a href=\"https:\/\/www.youtube.com\/watch?v=L2UgNtd6gxk&amp;frags=pl%2Cwn\">https:\/\/www.youtube.com\/watch?v=L2UgNtd6gxk&amp;frags=pl%2Cwn<\/a><\/p>\n<p>Sp\u00e4ter am Nachmittag konnten wir noch die erste Auff\u00fchrung der TeilnehmerInnen des Zirkus-Workshops bewundern und ich war wirklich begeistert von der super Performance!!<\/p>\n<p>Als wir nach all dieser Action gem\u00fctlich an einem Tisch zusammen sa\u00dfen, mussten Emre und ich leider schon bald wieder los, weil Emre noch mit seiner Familie Essen ging. Es war echt sch\u00f6n&#8230;am liebsten w\u00e4ren wir noch sitzen geblieben.<\/p>\n<p>Ein Beitrag von Maggy Frank, Freizeitassistentin bei integration wien<\/p>\n","protected":false},"excerpt":{"rendered":"<p>Emre und ich waren schon am Kriemhildplatz bevor das Fest \u00fcberhaupt offiziell begonnen hat, da ich auch noch gemeinsam mit Muammer, Antti, Ben und Willy einen Auftritt hatte. Emre schaute uns beim Soundcheck zu und gab uns schon mal Feedback, dass es cool klingt, was wir machen. Mit Muammer spielten wir gleich zu Beginn des [&hellip;]<\/p>\n","protected":false},"author":6,"featured_media":0,"comment_status":"closed","ping_status":"open","sticky":false,"template":"","format":"standard","meta":{"footnotes":""},"categories":[1],"tags":[],"class_list":["post-2948","post","type-post","status-publish","format-standard","hentry","category-allgemein"],"yoast_head":"<!-- This site is optimized with the Yoast SEO plugin v25.8 - https:\/\/yoast.com\/wordpress\/plugins\/seo\/ -->\n<title>Eine zweite Perspektive: Sommerfest am Kriemhildplatz - Integration Wien<\/title>\n<meta name=\"robots\" content=\"index, follow, max-snippet:-1, max-image-preview:large, max-video-preview:-1\" \/>\n<link rel=\"canonical\" href=\"https:\/\/www.integrationwien.at\/blog\/?p=2948\" \/>\n<meta property=\"og:locale\" content=\"de_DE\" \/>\n<meta property=\"og:type\" content=\"article\" \/>\n<meta property=\"og:title\" content=\"Eine zweite Perspektive: Sommerfest am Kriemhildplatz - Integration Wien\" \/>\n<meta property=\"og:description\" content=\"Emre und ich waren schon am Kriemhildplatz bevor das Fest \u00fcberhaupt offiziell begonnen hat, da ich auch noch gemeinsam mit Muammer, Antti, Ben und Willy einen Auftritt hatte. Emre schaute uns beim Soundcheck zu und gab uns schon mal Feedback, dass es cool klingt, was wir machen. Mit Muammer spielten wir gleich zu Beginn des [&hellip;]\" \/>\n<meta property=\"og:url\" content=\"https:\/\/www.integrationwien.at\/blog\/?p=2948\" \/>\n<meta property=\"og:site_name\" content=\"Integration Wien\" \/>\n<meta property=\"article:published_time\" content=\"2018-07-30T11:00:38+00:00\" \/>\n<meta property=\"article:modified_time\" content=\"2018-08-14T08:16:13+00:00\" \/>\n<meta property=\"og:image\" content=\"https:\/\/www.integrationwien.at\/blog\/wp-content\/uploads\/2018\/07\/20180609_Wienerfotoschule_00141-1024x683.jpg\" \/>\n<meta name=\"author\" content=\"Stephanie Weislein\" \/>\n<meta name=\"twitter:card\" content=\"summary_large_image\" \/>\n<meta name=\"twitter:label1\" content=\"Verfasst von\" \/>\n\t<meta name=\"twitter:data1\" content=\"Stephanie Weislein\" \/>\n\t<meta name=\"twitter:label2\" content=\"Gesch\u00e4tzte Lesezeit\" \/>\n\t<meta name=\"twitter:data2\" content=\"1\u00a0Minute\" \/>\n<script type=\"application\/ld+json\" class=\"yoast-schema-graph\">{\"@context\":\"https:\/\/schema.org\",\"@graph\":[{\"@type\":\"WebPage\",\"@id\":\"https:\/\/www.integrationwien.at\/blog\/?p=2948\",\"url\":\"https:\/\/www.integrationwien.at\/blog\/?p=2948\",\"name\":\"Eine zweite Perspektive: Sommerfest am Kriemhildplatz - Integration Wien\",\"isPartOf\":{\"@id\":\"https:\/\/www.integrationwien.at\/blog\/#website\"},\"primaryImageOfPage\":{\"@id\":\"https:\/\/www.integrationwien.at\/blog\/?p=2948#primaryimage\"},\"image\":{\"@id\":\"https:\/\/www.integrationwien.at\/blog\/?p=2948#primaryimage\"},\"thumbnailUrl\":\"https:\/\/www.integrationwien.at\/blog\/wp-content\/uploads\/2018\/07\/20180609_Wienerfotoschule_00141-1024x683.jpg\",\"datePublished\":\"2018-07-30T11:00:38+00:00\",\"dateModified\":\"2018-08-14T08:16:13+00:00\",\"author\":{\"@id\":\"https:\/\/www.integrationwien.at\/blog\/#\/schema\/person\/a8be130fc331a8ff34836b0e52025b2f\"},\"breadcrumb\":{\"@id\":\"https:\/\/www.integrationwien.at\/blog\/?p=2948#breadcrumb\"},\"inLanguage\":\"de\",\"potentialAction\":[{\"@type\":\"ReadAction\",\"target\":[\"https:\/\/www.integrationwien.at\/blog\/?p=2948\"]}]},{\"@type\":\"ImageObject\",\"inLanguage\":\"de\",\"@id\":\"https:\/\/www.integrationwien.at\/blog\/?p=2948#primaryimage\",\"url\":\"https:\/\/www.integrationwien.at\/blog\/wp-content\/uploads\/2018\/07\/20180609_Wienerfotoschule_00141.jpg\",\"contentUrl\":\"https:\/\/www.integrationwien.at\/blog\/wp-content\/uploads\/2018\/07\/20180609_Wienerfotoschule_00141.jpg\",\"width\":1600,\"height\":1067},{\"@type\":\"BreadcrumbList\",\"@id\":\"https:\/\/www.integrationwien.at\/blog\/?p=2948#breadcrumb\",\"itemListElement\":[{\"@type\":\"ListItem\",\"position\":1,\"name\":\"Startseite\",\"item\":\"https:\/\/www.integrationwien.at\/blog\"},{\"@type\":\"ListItem\",\"position\":2,\"name\":\"Eine zweite Perspektive: Sommerfest am Kriemhildplatz\"}]},{\"@type\":\"WebSite\",\"@id\":\"https:\/\/www.integrationwien.at\/blog\/#website\",\"url\":\"https:\/\/www.integrationwien.at\/blog\/\",\"name\":\"Integration Wien\",\"description\":\"\",\"potentialAction\":[{\"@type\":\"SearchAction\",\"target\":{\"@type\":\"EntryPoint\",\"urlTemplate\":\"https:\/\/www.integrationwien.at\/blog\/?s={search_term_string}\"},\"query-input\":{\"@type\":\"PropertyValueSpecification\",\"valueRequired\":true,\"valueName\":\"search_term_string\"}}],\"inLanguage\":\"de\"},{\"@type\":\"Person\",\"@id\":\"https:\/\/www.integrationwien.at\/blog\/#\/schema\/person\/a8be130fc331a8ff34836b0e52025b2f\",\"name\":\"Stephanie Weislein\",\"image\":{\"@type\":\"ImageObject\",\"inLanguage\":\"de\",\"@id\":\"https:\/\/www.integrationwien.at\/blog\/#\/schema\/person\/image\/\",\"url\":\"https:\/\/secure.gravatar.com\/avatar\/95b672ecb042ae12c70baf4413d559953d9489654736bb86ab006efba4d212cd?s=96&d=retro&r=g\",\"contentUrl\":\"https:\/\/secure.gravatar.com\/avatar\/95b672ecb042ae12c70baf4413d559953d9489654736bb86ab006efba4d212cd?s=96&d=retro&r=g\",\"caption\":\"Stephanie Weislein\"},\"url\":\"https:\/\/www.integrationwien.at\/blog\/?author=6\"}]}<\/script>\n<!-- \/ Yoast SEO plugin. -->","yoast_head_json":{"title":"Eine zweite Perspektive: Sommerfest am Kriemhildplatz - Integration Wien","robots":{"index":"index","follow":"follow","max-snippet":"max-snippet:-1","max-image-preview":"max-image-preview:large","max-video-preview":"max-video-preview:-1"},"canonical":"https:\/\/www.integrationwien.at\/blog\/?p=2948","og_locale":"de_DE","og_type":"article","og_title":"Eine zweite Perspektive: Sommerfest am Kriemhildplatz - Integration Wien","og_description":"Emre und ich waren schon am Kriemhildplatz bevor das Fest \u00fcberhaupt offiziell begonnen hat, da ich auch noch gemeinsam mit Muammer, Antti, Ben und Willy einen Auftritt hatte. Emre schaute uns beim Soundcheck zu und gab uns schon mal Feedback, dass es cool klingt, was wir machen. Mit Muammer spielten wir gleich zu Beginn des [&hellip;]","og_url":"https:\/\/www.integrationwien.at\/blog\/?p=2948","og_site_name":"Integration Wien","article_published_time":"2018-07-30T11:00:38+00:00","article_modified_time":"2018-08-14T08:16:13+00:00","og_image":[{"url":"https:\/\/www.integrationwien.at\/blog\/wp-content\/uploads\/2018\/07\/20180609_Wienerfotoschule_00141-1024x683.jpg","type":"","width":"","height":""}],"author":"Stephanie Weislein","twitter_card":"summary_large_image","twitter_misc":{"Verfasst von":"Stephanie Weislein","Gesch\u00e4tzte Lesezeit":"1\u00a0Minute"},"schema":{"@context":"https:\/\/schema.org","@graph":[{"@type":"WebPage","@id":"https:\/\/www.integrationwien.at\/blog\/?p=2948","url":"https:\/\/www.integrationwien.at\/blog\/?p=2948","name":"Eine zweite Perspektive: Sommerfest am Kriemhildplatz - Integration Wien","isPartOf":{"@id":"https:\/\/www.integrationwien.at\/blog\/#website"},"primaryImageOfPage":{"@id":"https:\/\/www.integrationwien.at\/blog\/?p=2948#primaryimage"},"image":{"@id":"https:\/\/www.integrationwien.at\/blog\/?p=2948#primaryimage"},"thumbnailUrl":"https:\/\/www.integrationwien.at\/blog\/wp-content\/uploads\/2018\/07\/20180609_Wienerfotoschule_00141-1024x683.jpg","datePublished":"2018-07-30T11:00:38+00:00","dateModified":"2018-08-14T08:16:13+00:00","author":{"@id":"https:\/\/www.integrationwien.at\/blog\/#\/schema\/person\/a8be130fc331a8ff34836b0e52025b2f"},"breadcrumb":{"@id":"https:\/\/www.integrationwien.at\/blog\/?p=2948#breadcrumb"},"inLanguage":"de","potentialAction":[{"@type":"ReadAction","target":["https:\/\/www.integrationwien.at\/blog\/?p=2948"]}]},{"@type":"ImageObject","inLanguage":"de","@id":"https:\/\/www.integrationwien.at\/blog\/?p=2948#primaryimage","url":"https:\/\/www.integrationwien.at\/blog\/wp-content\/uploads\/2018\/07\/20180609_Wienerfotoschule_00141.jpg","contentUrl":"https:\/\/www.integrationwien.at\/blog\/wp-content\/uploads\/2018\/07\/20180609_Wienerfotoschule_00141.jpg","width":1600,"height":1067},{"@type":"BreadcrumbList","@id":"https:\/\/www.integrationwien.at\/blog\/?p=2948#breadcrumb","itemListElement":[{"@type":"ListItem","position":1,"name":"Startseite","item":"https:\/\/www.integrationwien.at\/blog"},{"@type":"ListItem","position":2,"name":"Eine zweite Perspektive: Sommerfest am Kriemhildplatz"}]},{"@type":"WebSite","@id":"https:\/\/www.integrationwien.at\/blog\/#website","url":"https:\/\/www.integrationwien.at\/blog\/","name":"Integration Wien","description":"","potentialAction":[{"@type":"SearchAction","target":{"@type":"EntryPoint","urlTemplate":"https:\/\/www.integrationwien.at\/blog\/?s={search_term_string}"},"query-input":{"@type":"PropertyValueSpecification","valueRequired":true,"valueName":"search_term_string"}}],"inLanguage":"de"},{"@type":"Person","@id":"https:\/\/www.integrationwien.at\/blog\/#\/schema\/person\/a8be130fc331a8ff34836b0e52025b2f","name":"Stephanie Weislein","image":{"@type":"ImageObject","inLanguage":"de","@id":"https:\/\/www.integrationwien.at\/blog\/#\/schema\/person\/image\/","url":"https:\/\/secure.gravatar.com\/avatar\/95b672ecb042ae12c70baf4413d559953d9489654736bb86ab006efba4d212cd?s=96&d=retro&r=g","contentUrl":"https:\/\/secure.gravatar.com\/avatar\/95b672ecb042ae12c70baf4413d559953d9489654736bb86ab006efba4d212cd?s=96&d=retro&r=g","caption":"Stephanie Weislein"},"url":"https:\/\/www.integrationwien.at\/blog\/?author=6"}]}},"_links":{"self":[{"href":"https:\/\/www.integrationwien.at\/blog\/index.php?rest_route=\/wp\/v2\/posts\/2948","targetHints":{"allow":["GET"]}}],"collection":[{"href":"https:\/\/www.integrationwien.at\/blog\/index.php?rest_route=\/wp\/v2\/posts"}],"about":[{"href":"https:\/\/www.integrationwien.at\/blog\/index.php?rest_route=\/wp\/v2\/types\/post"}],"author":[{"embeddable":true,"href":"https:\/\/www.integrationwien.at\/blog\/index.php?rest_route=\/wp\/v2\/users\/6"}],"replies":[{"embeddable":true,"href":"https:\/\/www.integrationwien.at\/blog\/index.php?rest_route=%2Fwp%2Fv2%2Fcomments&post=2948"}],"version-history":[{"count":1,"href":"https:\/\/www.integrationwien.at\/blog\/index.php?rest_route=\/wp\/v2\/posts\/2948\/revisions"}],"predecessor-version":[{"id":2952,"href":"https:\/\/www.integrationwien.at\/blog\/index.php?rest_route=\/wp\/v2\/posts\/2948\/revisions\/2952"}],"wp:attachment":[{"href":"https:\/\/www.integrationwien.at\/blog\/index.php?rest_route=%2Fwp%2Fv2%2Fmedia&parent=2948"}],"wp:term":[{"taxonomy":"category","embeddable":true,"href":"https:\/\/www.integrationwien.at\/blog\/index.php?rest_route=%2Fwp%2Fv2%2Fcategories&post=2948"},{"taxonomy":"post_tag","embeddable":true,"href":"https:\/\/www.integrationwien.at\/blog\/index.php?rest_route=%2Fwp%2Fv2%2Ftags&post=2948"}],"curies":[{"name":"wp","href":"https:\/\/api.w.org\/{rel}","templated":true}]}}