{"id":2934,"date":"2018-07-23T12:00:32","date_gmt":"2018-07-23T10:00:32","guid":{"rendered":"https:\/\/www.integrationwien.at\/blog\/?p=2934"},"modified":"2018-08-14T10:17:07","modified_gmt":"2018-08-14T08:17:07","slug":"mayday-madness-mit-den-monkey-of-earth","status":"publish","type":"post","link":"https:\/\/www.integrationwien.at\/blog\/?p=2934","title":{"rendered":"Mayday Madness mit den Monkeys of Earth"},"content":{"rendered":"<p>Anl\u00e4sslich des europ\u00e4ischen Protesttags zur Gleichstellung von Menschen mit<br \/>\nBehinderung organisierte das Netzwerk WINK Inklusion am 05. Mai im<br \/>\nFreizeitzentrum \u201eAlte Au\u201c in Stockerau ein Konzert.<\/p>\n<p><img loading=\"lazy\" decoding=\"async\" class=\"aligncenter size-large wp-image-2938\" src=\"https:\/\/www.integrationwien.at\/blog\/wp-content\/uploads\/2018\/07\/32717612_1797529380293402_4331276060462153728_o-1024x683.jpg\" alt=\"\" width=\"625\" height=\"417\" srcset=\"https:\/\/www.integrationwien.at\/blog\/wp-content\/uploads\/2018\/07\/32717612_1797529380293402_4331276060462153728_o-1024x683.jpg 1024w, https:\/\/www.integrationwien.at\/blog\/wp-content\/uploads\/2018\/07\/32717612_1797529380293402_4331276060462153728_o-300x200.jpg 300w, https:\/\/www.integrationwien.at\/blog\/wp-content\/uploads\/2018\/07\/32717612_1797529380293402_4331276060462153728_o-768x512.jpg 768w, https:\/\/www.integrationwien.at\/blog\/wp-content\/uploads\/2018\/07\/32717612_1797529380293402_4331276060462153728_o-624x416.jpg 624w, https:\/\/www.integrationwien.at\/blog\/wp-content\/uploads\/2018\/07\/32717612_1797529380293402_4331276060462153728_o.jpg 1923w\" sizes=\"auto, (max-width: 625px) 100vw, 625px\" \/><\/p>\n<p>Ziel der Veranstaltung war es eine Party f\u00fcr Menschen mit und ohne Behinderung zu feiern und somit ein Zeichen f\u00fcr eine offene Gesellschaft und mehr Wertsch\u00e4tzung zu setzen.<br \/>\nWie die meisten von euch wahrscheinlich mittlerweile wissen gibt es wohl kaum eine Band, die sich besser f\u00fcr ein rauschendes Fest wie dieses eignet als die &#8222;Monkeys of Earth&#8220;.<\/p>\n<p><img loading=\"lazy\" decoding=\"async\" class=\"alignleft size-medium wp-image-2939\" src=\"https:\/\/www.integrationwien.at\/blog\/wp-content\/uploads\/2018\/07\/32761669_1797529416960065_3948244417374060544_o-300x200.jpg\" alt=\"\" width=\"300\" height=\"200\" srcset=\"https:\/\/www.integrationwien.at\/blog\/wp-content\/uploads\/2018\/07\/32761669_1797529416960065_3948244417374060544_o-300x200.jpg 300w, https:\/\/www.integrationwien.at\/blog\/wp-content\/uploads\/2018\/07\/32761669_1797529416960065_3948244417374060544_o-768x512.jpg 768w, https:\/\/www.integrationwien.at\/blog\/wp-content\/uploads\/2018\/07\/32761669_1797529416960065_3948244417374060544_o-1024x683.jpg 1024w, https:\/\/www.integrationwien.at\/blog\/wp-content\/uploads\/2018\/07\/32761669_1797529416960065_3948244417374060544_o-624x416.jpg 624w, https:\/\/www.integrationwien.at\/blog\/wp-content\/uploads\/2018\/07\/32761669_1797529416960065_3948244417374060544_o.jpg 2048w\" sizes=\"auto, (max-width: 300px) 100vw, 300px\" \/>\u00a0<img loading=\"lazy\" decoding=\"async\" class=\"alignleft size-medium wp-image-2942\" src=\"https:\/\/www.integrationwien.at\/blog\/wp-content\/uploads\/2018\/07\/WhatsApp-Image-2018-05-06-at-00.19.57-300x225.jpeg\" alt=\"\" width=\"300\" height=\"225\" srcset=\"https:\/\/www.integrationwien.at\/blog\/wp-content\/uploads\/2018\/07\/WhatsApp-Image-2018-05-06-at-00.19.57-300x225.jpeg 300w, https:\/\/www.integrationwien.at\/blog\/wp-content\/uploads\/2018\/07\/WhatsApp-Image-2018-05-06-at-00.19.57-768x576.jpeg 768w, https:\/\/www.integrationwien.at\/blog\/wp-content\/uploads\/2018\/07\/WhatsApp-Image-2018-05-06-at-00.19.57-1024x768.jpeg 1024w, https:\/\/www.integrationwien.at\/blog\/wp-content\/uploads\/2018\/07\/WhatsApp-Image-2018-05-06-at-00.19.57-624x468.jpeg 624w, https:\/\/www.integrationwien.at\/blog\/wp-content\/uploads\/2018\/07\/WhatsApp-Image-2018-05-06-at-00.19.57.jpeg 1600w\" sizes=\"auto, (max-width: 300px) 100vw, 300px\" \/><\/p>\n<p>&nbsp;<\/p>\n<p>&nbsp;<\/p>\n<p>&nbsp;<\/p>\n<p>&nbsp;<\/p>\n<p>&nbsp;<\/p>\n<p>&nbsp;<\/p>\n<p>&nbsp;<\/p>\n<p>&nbsp;<\/p>\n<p>&nbsp;<\/p>\n<p>So durfte ich im Rahmen der Freizeitassistenz an der Seite von Eugen die Band auf<br \/>\nder Fahrt und den ganzen Abend \u00fcber begleiten.<br \/>\nEugen und ich holten die S\u00e4ngerin Manu an der U-Bahn ab und machten uns dann<br \/>\nmit Keyboard und ein wenig Schlagzeug Equipment im Kofferraum auf den Weg.<br \/>\nNachdem sich alle Bandmitglieder, die an diesem Tag verf\u00fcgbar waren, n\u00e4mlich<br \/>\nManu als S\u00e4ngerin, MC Ron am Bass, Laura am Keyboard und Eugen am<br \/>\nSchlagzeug, der den verhinderten Johannes ersetzte, vor Ort eingefunden hatten,<br \/>\nlernten wir recht schnell die Bandmitglieder von \u201eKids oft the 90\u2019s\u201c kennen und im<br \/>\nVerlauf eines netten und von musikalischen Einfl\u00fcssen gepr\u00e4gten Gespr\u00e4ches fiel<br \/>\nuns auf, dass sich in der Setlist der Monkeys viele Lieder befanden, die die Musiker<br \/>\nvom Mainact ebenfalls spielen konnten.<br \/>\nSo boten die Gitarristen der \u201eKids of the 90\u2019s\u201c kurzerhand an abwechselnd den eigentlichen Gitarristen Philipp, welcher leider ebenfalls verhindert war bei den Monkeys zu vertreten.<br \/>\nNachdem das ganze Equipment aufgebaut und der Soundcheck erfolgt war, rockten<br \/>\ndie nun insgesamt sieben Musiker auch schon los. Das Zusammenspiel klappte auf<br \/>\nanhieb super, die Musiker hatten alle sichtlich Spa\u00df an der improvisierten Super-<br \/>\nGroup und das Publikum war nach einer kurzen Aufw\u00e4rmphase Feuer und Flamme.<\/p>\n<p><img loading=\"lazy\" decoding=\"async\" class=\"alignleft size-medium wp-image-2940\" src=\"https:\/\/www.integrationwien.at\/blog\/wp-content\/uploads\/2018\/07\/WhatsApp-Image-2018-05-06-at-00.19.53-2-225x300.jpeg\" alt=\"\" width=\"225\" height=\"300\" srcset=\"https:\/\/www.integrationwien.at\/blog\/wp-content\/uploads\/2018\/07\/WhatsApp-Image-2018-05-06-at-00.19.53-2-225x300.jpeg 225w, https:\/\/www.integrationwien.at\/blog\/wp-content\/uploads\/2018\/07\/WhatsApp-Image-2018-05-06-at-00.19.53-2-768x1024.jpeg 768w, https:\/\/www.integrationwien.at\/blog\/wp-content\/uploads\/2018\/07\/WhatsApp-Image-2018-05-06-at-00.19.53-2-624x832.jpeg 624w, https:\/\/www.integrationwien.at\/blog\/wp-content\/uploads\/2018\/07\/WhatsApp-Image-2018-05-06-at-00.19.53-2.jpeg 1200w\" sizes=\"auto, (max-width: 225px) 100vw, 225px\" \/><\/p>\n<p>&nbsp;<\/p>\n<p>&nbsp;<\/p>\n<p>Unsere Bandbestzung (leider nicht vollst\u00e4ndig)<\/p>\n<p>&nbsp;<\/p>\n<p>&nbsp;<\/p>\n<p>&nbsp;<\/p>\n<p><img loading=\"lazy\" decoding=\"async\" class=\"alignleft size-medium wp-image-2941\" src=\"https:\/\/www.integrationwien.at\/blog\/wp-content\/uploads\/2018\/07\/WhatsApp-Image-2018-05-06-at-00.19.54-2-225x300.jpeg\" alt=\"\" width=\"225\" height=\"300\" srcset=\"https:\/\/www.integrationwien.at\/blog\/wp-content\/uploads\/2018\/07\/WhatsApp-Image-2018-05-06-at-00.19.54-2-225x300.jpeg 225w, https:\/\/www.integrationwien.at\/blog\/wp-content\/uploads\/2018\/07\/WhatsApp-Image-2018-05-06-at-00.19.54-2-768x1024.jpeg 768w, https:\/\/www.integrationwien.at\/blog\/wp-content\/uploads\/2018\/07\/WhatsApp-Image-2018-05-06-at-00.19.54-2-624x832.jpeg 624w, https:\/\/www.integrationwien.at\/blog\/wp-content\/uploads\/2018\/07\/WhatsApp-Image-2018-05-06-at-00.19.54-2.jpeg 1200w\" sizes=\"auto, (max-width: 225px) 100vw, 225px\" \/><\/p>\n<p><img loading=\"lazy\" decoding=\"async\" class=\"alignleft size-medium wp-image-2935\" style=\"margin-top: 0.857143rem; margin-right: 1.71429rem; margin-bottom: 0.857143rem;\" src=\"https:\/\/www.integrationwien.at\/blog\/wp-content\/uploads\/2018\/07\/31949628_1975862572446021_6404833477232951296_n-225x300.jpg\" alt=\"\" width=\"225\" height=\"300\" srcset=\"https:\/\/www.integrationwien.at\/blog\/wp-content\/uploads\/2018\/07\/31949628_1975862572446021_6404833477232951296_n-225x300.jpg 225w, https:\/\/www.integrationwien.at\/blog\/wp-content\/uploads\/2018\/07\/31949628_1975862572446021_6404833477232951296_n-624x832.jpg 624w, https:\/\/www.integrationwien.at\/blog\/wp-content\/uploads\/2018\/07\/31949628_1975862572446021_6404833477232951296_n.jpg 720w\" sizes=\"auto, (max-width: 225px) 100vw, 225px\" \/><\/p>\n<p>&nbsp;<\/p>\n<p>&nbsp;<\/p>\n<p>&nbsp;<\/p>\n<p>&nbsp;<\/p>\n<p>&nbsp;<\/p>\n<p>&nbsp;<\/p>\n<p>&nbsp;<\/p>\n<p>&nbsp;<\/p>\n<p>&nbsp;<\/p>\n<p>&nbsp;<\/p>\n<p>&nbsp;<\/p>\n<p>&nbsp;<\/p>\n<p>&nbsp;<\/p>\n<p>&nbsp;<\/p>\n<p>Nach zwei Zugaben gab sich das begeisterte Publikum schlie\u00dflich zufrieden und<br \/>\ndurfte sich im Anschluss noch \u00fcber die Auftritte von \u201eHermann Posch\u201c und \u201eKids of<br \/>\nthe 90\u2019s\u201c freuen.<\/p>\n<p><img loading=\"lazy\" decoding=\"async\" class=\"alignleft size-large wp-image-2936\" src=\"https:\/\/www.integrationwien.at\/blog\/wp-content\/uploads\/2018\/07\/32699975_1797530350293305_3032456741603246080_o-1024x683.jpg\" alt=\"\" width=\"625\" height=\"417\" srcset=\"https:\/\/www.integrationwien.at\/blog\/wp-content\/uploads\/2018\/07\/32699975_1797530350293305_3032456741603246080_o-1024x683.jpg 1024w, https:\/\/www.integrationwien.at\/blog\/wp-content\/uploads\/2018\/07\/32699975_1797530350293305_3032456741603246080_o-300x200.jpg 300w, https:\/\/www.integrationwien.at\/blog\/wp-content\/uploads\/2018\/07\/32699975_1797530350293305_3032456741603246080_o-768x512.jpg 768w, https:\/\/www.integrationwien.at\/blog\/wp-content\/uploads\/2018\/07\/32699975_1797530350293305_3032456741603246080_o-624x416.jpg 624w, https:\/\/www.integrationwien.at\/blog\/wp-content\/uploads\/2018\/07\/32699975_1797530350293305_3032456741603246080_o.jpg 2048w\" sizes=\"auto, (max-width: 625px) 100vw, 625px\" \/><\/p>\n<p>Mit Hilfe der geteilten Freude am Musizieren sowie der Aufgeschlossenheit und<br \/>\nSpontanit\u00e4t aller Beteiligten konnte so eine wunderbare Konzertnacht entstehen, die<br \/>\nuns allen noch lange in Erinnerung bleiben wird.<\/p>\n<p>Ein Beitrag von Michael Herder, Freizeitassistent bei integration wien<\/p>\n","protected":false},"excerpt":{"rendered":"<p>Anl\u00e4sslich des europ\u00e4ischen Protesttags zur Gleichstellung von Menschen mit Behinderung organisierte das Netzwerk WINK Inklusion am 05. Mai im Freizeitzentrum \u201eAlte Au\u201c in Stockerau ein Konzert. Ziel der Veranstaltung war es eine Party f\u00fcr Menschen mit und ohne Behinderung zu feiern und somit ein Zeichen f\u00fcr eine offene Gesellschaft und mehr Wertsch\u00e4tzung zu setzen. Wie [&hellip;]<\/p>\n","protected":false},"author":6,"featured_media":0,"comment_status":"closed","ping_status":"open","sticky":false,"template":"","format":"standard","meta":{"footnotes":""},"categories":[1],"tags":[],"class_list":["post-2934","post","type-post","status-publish","format-standard","hentry","category-allgemein"],"yoast_head":"<!-- This site is optimized with the Yoast SEO plugin v25.8 - https:\/\/yoast.com\/wordpress\/plugins\/seo\/ -->\n<title>Mayday Madness mit den Monkeys of Earth - Integration Wien<\/title>\n<meta name=\"robots\" content=\"index, follow, max-snippet:-1, max-image-preview:large, max-video-preview:-1\" \/>\n<link rel=\"canonical\" href=\"https:\/\/www.integrationwien.at\/blog\/?p=2934\" \/>\n<meta property=\"og:locale\" content=\"de_DE\" \/>\n<meta property=\"og:type\" content=\"article\" \/>\n<meta property=\"og:title\" content=\"Mayday Madness mit den Monkeys of Earth - Integration Wien\" \/>\n<meta property=\"og:description\" content=\"Anl\u00e4sslich des europ\u00e4ischen Protesttags zur Gleichstellung von Menschen mit Behinderung organisierte das Netzwerk WINK Inklusion am 05. Mai im Freizeitzentrum \u201eAlte Au\u201c in Stockerau ein Konzert. Ziel der Veranstaltung war es eine Party f\u00fcr Menschen mit und ohne Behinderung zu feiern und somit ein Zeichen f\u00fcr eine offene Gesellschaft und mehr Wertsch\u00e4tzung zu setzen. Wie [&hellip;]\" \/>\n<meta property=\"og:url\" content=\"https:\/\/www.integrationwien.at\/blog\/?p=2934\" \/>\n<meta property=\"og:site_name\" content=\"Integration Wien\" \/>\n<meta property=\"article:published_time\" content=\"2018-07-23T10:00:32+00:00\" \/>\n<meta property=\"article:modified_time\" content=\"2018-08-14T08:17:07+00:00\" \/>\n<meta property=\"og:image\" content=\"https:\/\/www.integrationwien.at\/blog\/wp-content\/uploads\/2018\/07\/32717612_1797529380293402_4331276060462153728_o-1024x683.jpg\" \/>\n<meta name=\"author\" content=\"Stephanie Weislein\" \/>\n<meta name=\"twitter:card\" content=\"summary_large_image\" \/>\n<meta name=\"twitter:label1\" content=\"Verfasst von\" \/>\n\t<meta name=\"twitter:data1\" content=\"Stephanie Weislein\" \/>\n\t<meta name=\"twitter:label2\" content=\"Gesch\u00e4tzte Lesezeit\" \/>\n\t<meta name=\"twitter:data2\" content=\"2\u00a0Minuten\" \/>\n<script type=\"application\/ld+json\" class=\"yoast-schema-graph\">{\"@context\":\"https:\/\/schema.org\",\"@graph\":[{\"@type\":\"WebPage\",\"@id\":\"https:\/\/www.integrationwien.at\/blog\/?p=2934\",\"url\":\"https:\/\/www.integrationwien.at\/blog\/?p=2934\",\"name\":\"Mayday Madness mit den Monkeys of Earth - Integration Wien\",\"isPartOf\":{\"@id\":\"https:\/\/www.integrationwien.at\/blog\/#website\"},\"primaryImageOfPage\":{\"@id\":\"https:\/\/www.integrationwien.at\/blog\/?p=2934#primaryimage\"},\"image\":{\"@id\":\"https:\/\/www.integrationwien.at\/blog\/?p=2934#primaryimage\"},\"thumbnailUrl\":\"https:\/\/www.integrationwien.at\/blog\/wp-content\/uploads\/2018\/07\/32717612_1797529380293402_4331276060462153728_o-1024x683.jpg\",\"datePublished\":\"2018-07-23T10:00:32+00:00\",\"dateModified\":\"2018-08-14T08:17:07+00:00\",\"author\":{\"@id\":\"https:\/\/www.integrationwien.at\/blog\/#\/schema\/person\/a8be130fc331a8ff34836b0e52025b2f\"},\"breadcrumb\":{\"@id\":\"https:\/\/www.integrationwien.at\/blog\/?p=2934#breadcrumb\"},\"inLanguage\":\"de\",\"potentialAction\":[{\"@type\":\"ReadAction\",\"target\":[\"https:\/\/www.integrationwien.at\/blog\/?p=2934\"]}]},{\"@type\":\"ImageObject\",\"inLanguage\":\"de\",\"@id\":\"https:\/\/www.integrationwien.at\/blog\/?p=2934#primaryimage\",\"url\":\"https:\/\/www.integrationwien.at\/blog\/wp-content\/uploads\/2018\/07\/32717612_1797529380293402_4331276060462153728_o.jpg\",\"contentUrl\":\"https:\/\/www.integrationwien.at\/blog\/wp-content\/uploads\/2018\/07\/32717612_1797529380293402_4331276060462153728_o.jpg\",\"width\":1923,\"height\":1282},{\"@type\":\"BreadcrumbList\",\"@id\":\"https:\/\/www.integrationwien.at\/blog\/?p=2934#breadcrumb\",\"itemListElement\":[{\"@type\":\"ListItem\",\"position\":1,\"name\":\"Startseite\",\"item\":\"https:\/\/www.integrationwien.at\/blog\"},{\"@type\":\"ListItem\",\"position\":2,\"name\":\"Mayday Madness mit den Monkeys of Earth\"}]},{\"@type\":\"WebSite\",\"@id\":\"https:\/\/www.integrationwien.at\/blog\/#website\",\"url\":\"https:\/\/www.integrationwien.at\/blog\/\",\"name\":\"Integration Wien\",\"description\":\"\",\"potentialAction\":[{\"@type\":\"SearchAction\",\"target\":{\"@type\":\"EntryPoint\",\"urlTemplate\":\"https:\/\/www.integrationwien.at\/blog\/?s={search_term_string}\"},\"query-input\":{\"@type\":\"PropertyValueSpecification\",\"valueRequired\":true,\"valueName\":\"search_term_string\"}}],\"inLanguage\":\"de\"},{\"@type\":\"Person\",\"@id\":\"https:\/\/www.integrationwien.at\/blog\/#\/schema\/person\/a8be130fc331a8ff34836b0e52025b2f\",\"name\":\"Stephanie Weislein\",\"image\":{\"@type\":\"ImageObject\",\"inLanguage\":\"de\",\"@id\":\"https:\/\/www.integrationwien.at\/blog\/#\/schema\/person\/image\/\",\"url\":\"https:\/\/secure.gravatar.com\/avatar\/95b672ecb042ae12c70baf4413d559953d9489654736bb86ab006efba4d212cd?s=96&d=retro&r=g\",\"contentUrl\":\"https:\/\/secure.gravatar.com\/avatar\/95b672ecb042ae12c70baf4413d559953d9489654736bb86ab006efba4d212cd?s=96&d=retro&r=g\",\"caption\":\"Stephanie Weislein\"},\"url\":\"https:\/\/www.integrationwien.at\/blog\/?author=6\"}]}<\/script>\n<!-- \/ Yoast SEO plugin. -->","yoast_head_json":{"title":"Mayday Madness mit den Monkeys of Earth - Integration Wien","robots":{"index":"index","follow":"follow","max-snippet":"max-snippet:-1","max-image-preview":"max-image-preview:large","max-video-preview":"max-video-preview:-1"},"canonical":"https:\/\/www.integrationwien.at\/blog\/?p=2934","og_locale":"de_DE","og_type":"article","og_title":"Mayday Madness mit den Monkeys of Earth - Integration Wien","og_description":"Anl\u00e4sslich des europ\u00e4ischen Protesttags zur Gleichstellung von Menschen mit Behinderung organisierte das Netzwerk WINK Inklusion am 05. Mai im Freizeitzentrum \u201eAlte Au\u201c in Stockerau ein Konzert. Ziel der Veranstaltung war es eine Party f\u00fcr Menschen mit und ohne Behinderung zu feiern und somit ein Zeichen f\u00fcr eine offene Gesellschaft und mehr Wertsch\u00e4tzung zu setzen. Wie [&hellip;]","og_url":"https:\/\/www.integrationwien.at\/blog\/?p=2934","og_site_name":"Integration Wien","article_published_time":"2018-07-23T10:00:32+00:00","article_modified_time":"2018-08-14T08:17:07+00:00","og_image":[{"url":"https:\/\/www.integrationwien.at\/blog\/wp-content\/uploads\/2018\/07\/32717612_1797529380293402_4331276060462153728_o-1024x683.jpg","type":"","width":"","height":""}],"author":"Stephanie Weislein","twitter_card":"summary_large_image","twitter_misc":{"Verfasst von":"Stephanie Weislein","Gesch\u00e4tzte Lesezeit":"2\u00a0Minuten"},"schema":{"@context":"https:\/\/schema.org","@graph":[{"@type":"WebPage","@id":"https:\/\/www.integrationwien.at\/blog\/?p=2934","url":"https:\/\/www.integrationwien.at\/blog\/?p=2934","name":"Mayday Madness mit den Monkeys of Earth - Integration Wien","isPartOf":{"@id":"https:\/\/www.integrationwien.at\/blog\/#website"},"primaryImageOfPage":{"@id":"https:\/\/www.integrationwien.at\/blog\/?p=2934#primaryimage"},"image":{"@id":"https:\/\/www.integrationwien.at\/blog\/?p=2934#primaryimage"},"thumbnailUrl":"https:\/\/www.integrationwien.at\/blog\/wp-content\/uploads\/2018\/07\/32717612_1797529380293402_4331276060462153728_o-1024x683.jpg","datePublished":"2018-07-23T10:00:32+00:00","dateModified":"2018-08-14T08:17:07+00:00","author":{"@id":"https:\/\/www.integrationwien.at\/blog\/#\/schema\/person\/a8be130fc331a8ff34836b0e52025b2f"},"breadcrumb":{"@id":"https:\/\/www.integrationwien.at\/blog\/?p=2934#breadcrumb"},"inLanguage":"de","potentialAction":[{"@type":"ReadAction","target":["https:\/\/www.integrationwien.at\/blog\/?p=2934"]}]},{"@type":"ImageObject","inLanguage":"de","@id":"https:\/\/www.integrationwien.at\/blog\/?p=2934#primaryimage","url":"https:\/\/www.integrationwien.at\/blog\/wp-content\/uploads\/2018\/07\/32717612_1797529380293402_4331276060462153728_o.jpg","contentUrl":"https:\/\/www.integrationwien.at\/blog\/wp-content\/uploads\/2018\/07\/32717612_1797529380293402_4331276060462153728_o.jpg","width":1923,"height":1282},{"@type":"BreadcrumbList","@id":"https:\/\/www.integrationwien.at\/blog\/?p=2934#breadcrumb","itemListElement":[{"@type":"ListItem","position":1,"name":"Startseite","item":"https:\/\/www.integrationwien.at\/blog"},{"@type":"ListItem","position":2,"name":"Mayday Madness mit den Monkeys of Earth"}]},{"@type":"WebSite","@id":"https:\/\/www.integrationwien.at\/blog\/#website","url":"https:\/\/www.integrationwien.at\/blog\/","name":"Integration Wien","description":"","potentialAction":[{"@type":"SearchAction","target":{"@type":"EntryPoint","urlTemplate":"https:\/\/www.integrationwien.at\/blog\/?s={search_term_string}"},"query-input":{"@type":"PropertyValueSpecification","valueRequired":true,"valueName":"search_term_string"}}],"inLanguage":"de"},{"@type":"Person","@id":"https:\/\/www.integrationwien.at\/blog\/#\/schema\/person\/a8be130fc331a8ff34836b0e52025b2f","name":"Stephanie Weislein","image":{"@type":"ImageObject","inLanguage":"de","@id":"https:\/\/www.integrationwien.at\/blog\/#\/schema\/person\/image\/","url":"https:\/\/secure.gravatar.com\/avatar\/95b672ecb042ae12c70baf4413d559953d9489654736bb86ab006efba4d212cd?s=96&d=retro&r=g","contentUrl":"https:\/\/secure.gravatar.com\/avatar\/95b672ecb042ae12c70baf4413d559953d9489654736bb86ab006efba4d212cd?s=96&d=retro&r=g","caption":"Stephanie Weislein"},"url":"https:\/\/www.integrationwien.at\/blog\/?author=6"}]}},"_links":{"self":[{"href":"https:\/\/www.integrationwien.at\/blog\/index.php?rest_route=\/wp\/v2\/posts\/2934","targetHints":{"allow":["GET"]}}],"collection":[{"href":"https:\/\/www.integrationwien.at\/blog\/index.php?rest_route=\/wp\/v2\/posts"}],"about":[{"href":"https:\/\/www.integrationwien.at\/blog\/index.php?rest_route=\/wp\/v2\/types\/post"}],"author":[{"embeddable":true,"href":"https:\/\/www.integrationwien.at\/blog\/index.php?rest_route=\/wp\/v2\/users\/6"}],"replies":[{"embeddable":true,"href":"https:\/\/www.integrationwien.at\/blog\/index.php?rest_route=%2Fwp%2Fv2%2Fcomments&post=2934"}],"version-history":[{"count":6,"href":"https:\/\/www.integrationwien.at\/blog\/index.php?rest_route=\/wp\/v2\/posts\/2934\/revisions"}],"predecessor-version":[{"id":2953,"href":"https:\/\/www.integrationwien.at\/blog\/index.php?rest_route=\/wp\/v2\/posts\/2934\/revisions\/2953"}],"wp:attachment":[{"href":"https:\/\/www.integrationwien.at\/blog\/index.php?rest_route=%2Fwp%2Fv2%2Fmedia&parent=2934"}],"wp:term":[{"taxonomy":"category","embeddable":true,"href":"https:\/\/www.integrationwien.at\/blog\/index.php?rest_route=%2Fwp%2Fv2%2Fcategories&post=2934"},{"taxonomy":"post_tag","embeddable":true,"href":"https:\/\/www.integrationwien.at\/blog\/index.php?rest_route=%2Fwp%2Fv2%2Ftags&post=2934"}],"curies":[{"name":"wp","href":"https:\/\/api.w.org\/{rel}","templated":true}]}}