{"id":2903,"date":"2018-07-17T12:31:20","date_gmt":"2018-07-17T10:31:20","guid":{"rendered":"https:\/\/www.integrationwien.at\/blog\/?p=2903"},"modified":"2018-07-17T12:35:11","modified_gmt":"2018-07-17T10:35:11","slug":"unser-rueckblick-auf-die-power-parade-allefueralle","status":"publish","type":"post","link":"https:\/\/www.integrationwien.at\/blog\/?p=2903","title":{"rendered":"Unser R\u00fcckblick auf die Power Parade #ALLEF\u00dcRALLE"},"content":{"rendered":"<p>\u201eWenn die Welt untergehen sollte, gehe ich nach Wien, dort passiert alles 10 Jahre sp\u00e4ter,\u201c hei\u00dft eine Redewendung, die in diversen Abwandlungen mal von Karl Kraus, Gustav Mahler oder auch\u00a0 von Otto von Bismarck get\u00e4tigt worden sein soll. Man wei\u00df es nicht genau, macht aber nichts.<br \/>\nDass die erste Disability Pride Parade schon 2004 in den USA stattfand und mittlerweile in vielen L\u00e4ndern j\u00e4hrlicher Fixtermin ist, ist hingegen Tatsache und wir haben es mitunter der <a href=\"http:\/\/www.assistenz24.at\/\">\u201eAssistenz 24\u201c<\/a> zu verdanken, dass es 2018 (also eigentlich 14 Jahre sp\u00e4ter) so eine gro\u00dfartige Parade auch in Wien gab. An dieser Stelle noch einmal ein gro\u00dfes, herzliches DANKE!<\/p>\n<p><img loading=\"lazy\" decoding=\"async\" class=\"aligncenter size-medium wp-image-2931\" src=\"https:\/\/www.integrationwien.at\/blog\/wp-content\/uploads\/2018\/07\/IMG_9842-300x200.jpg\" alt=\"\" width=\"300\" height=\"200\" srcset=\"https:\/\/www.integrationwien.at\/blog\/wp-content\/uploads\/2018\/07\/IMG_9842-300x200.jpg 300w, https:\/\/www.integrationwien.at\/blog\/wp-content\/uploads\/2018\/07\/IMG_9842-768x512.jpg 768w, https:\/\/www.integrationwien.at\/blog\/wp-content\/uploads\/2018\/07\/IMG_9842-1024x683.jpg 1024w, https:\/\/www.integrationwien.at\/blog\/wp-content\/uploads\/2018\/07\/IMG_9842-624x416.jpg 624w\" sizes=\"auto, (max-width: 300px) 100vw, 300px\" \/><\/p>\n<p>Am 21. Juni fand also die Power Parade unter dem Motto \u201e#ALLE F\u00dcR ALLE, #ALLEFEIERN\u201c statt und f\u00fchrte vom Rathaus entlang der 2er Linie hin zum Heldenplatz. Der Umzug sollte vor allem auch ein Appell sein und darauf Aufmerksam machen, dass 10 Jahre nach in Kraft treten der UN-Behindertenrechtskonvention, zwar viel Gutes passiert ist, es aber noch zahlreiche Baustellen gibt (wohlgemerkt nicht nur in Wien bzw. \u00d6sterreich! \ud83d\ude09 ).<\/p>\n<p><img loading=\"lazy\" decoding=\"async\" class=\"wp-image-2904 aligncenter\" src=\"https:\/\/www.integrationwien.at\/blog\/wp-content\/uploads\/2018\/07\/Infobox-300x272.jpg\" alt=\"\" width=\"304\" height=\"276\" srcset=\"https:\/\/www.integrationwien.at\/blog\/wp-content\/uploads\/2018\/07\/Infobox-300x272.jpg 300w, https:\/\/www.integrationwien.at\/blog\/wp-content\/uploads\/2018\/07\/Infobox.jpg 406w\" sizes=\"auto, (max-width: 304px) 100vw, 304px\" \/><\/p>\n<p>Nun zum eigentlichen Geschehen:<\/p>\n<p>\u00dcber 64 Vereine und Organisationen fanden sich im Florianipark hinter dem Rathaus ein. Bei bestem Wetter tummelten sich unendlich viele Menschen, ausgestattet mit lauten Trillerpfeifen und bunten Luftballons, die als eine Art Leitsystem dienten. \u00a0Dabei ging es darum, dass sich bestimmte Gruppen, mit jeweils unterschiedlichen Bed\u00fcrfnissen, nicht in die \u201eQuere\u201c kommen sollten. Z.B. gab es extra laute Trucks mit sp\u00fcrbar hartem Bass f\u00fcr die geh\u00f6rlosen Paradeg\u00e4ste, w\u00e4hrend blinde und sehbehinderte TeilnehmerInnen eine Audiodeskription des Geschehens erhielten. Ganz im Sinne von #BARRIEREFREIFEIERN<\/p>\n<p><img loading=\"lazy\" decoding=\"async\" class=\"alignnone size-medium wp-image-2908\" src=\"https:\/\/www.integrationwien.at\/blog\/wp-content\/uploads\/2018\/07\/IMG_4434_s-300x200.jpg\" alt=\"\" width=\"300\" height=\"200\" srcset=\"https:\/\/www.integrationwien.at\/blog\/wp-content\/uploads\/2018\/07\/IMG_4434_s-300x200.jpg 300w, https:\/\/www.integrationwien.at\/blog\/wp-content\/uploads\/2018\/07\/IMG_4434_s-624x416.jpg 624w, https:\/\/www.integrationwien.at\/blog\/wp-content\/uploads\/2018\/07\/IMG_4434_s.jpg 640w\" sizes=\"auto, (max-width: 300px) 100vw, 300px\" \/>\u00a0\u00a0<img loading=\"lazy\" decoding=\"async\" class=\"alignnone size-medium wp-image-2907\" src=\"https:\/\/www.integrationwien.at\/blog\/wp-content\/uploads\/2018\/07\/IMG_4429_s-300x200.jpg\" alt=\"\" width=\"300\" height=\"200\" srcset=\"https:\/\/www.integrationwien.at\/blog\/wp-content\/uploads\/2018\/07\/IMG_4429_s-300x200.jpg 300w, https:\/\/www.integrationwien.at\/blog\/wp-content\/uploads\/2018\/07\/IMG_4429_s-768x512.jpg 768w, https:\/\/www.integrationwien.at\/blog\/wp-content\/uploads\/2018\/07\/IMG_4429_s-624x416.jpg 624w, https:\/\/www.integrationwien.at\/blog\/wp-content\/uploads\/2018\/07\/IMG_4429_s.jpg 800w\" sizes=\"auto, (max-width: 300px) 100vw, 300px\" \/><\/p>\n<p><img loading=\"lazy\" decoding=\"async\" class=\"wp-image-2909 aligncenter\" src=\"https:\/\/www.integrationwien.at\/blog\/wp-content\/uploads\/2018\/07\/IMG_4441_s-300x200.jpg\" alt=\"\" width=\"300\" height=\"200\" srcset=\"https:\/\/www.integrationwien.at\/blog\/wp-content\/uploads\/2018\/07\/IMG_4441_s-300x200.jpg 300w, https:\/\/www.integrationwien.at\/blog\/wp-content\/uploads\/2018\/07\/IMG_4441_s-624x416.jpg 624w, https:\/\/www.integrationwien.at\/blog\/wp-content\/uploads\/2018\/07\/IMG_4441_s.jpg 640w\" sizes=\"auto, (max-width: 300px) 100vw, 300px\" \/><\/p>\n<p>Auch von integration wien waren viele, viele TeilnehmerInnen dabei. Im Vorfeld hatten wir gemeinsam Banner und Plakate gebastelt, Shirts bemalt und eine riesige IWI-Luftballon-Figur gebastelt. Es war wirklich ein tolles Spektakel und wir waren perfekt ausger\u00fcstet.<\/p>\n<p><img loading=\"lazy\" decoding=\"async\" class=\"alignnone size-medium wp-image-2910\" src=\"https:\/\/www.integrationwien.at\/blog\/wp-content\/uploads\/2018\/07\/IMG_4470_s-300x200.jpg\" alt=\"\" width=\"300\" height=\"200\" srcset=\"https:\/\/www.integrationwien.at\/blog\/wp-content\/uploads\/2018\/07\/IMG_4470_s-300x200.jpg 300w, https:\/\/www.integrationwien.at\/blog\/wp-content\/uploads\/2018\/07\/IMG_4470_s-624x416.jpg 624w, https:\/\/www.integrationwien.at\/blog\/wp-content\/uploads\/2018\/07\/IMG_4470_s.jpg 640w\" sizes=\"auto, (max-width: 300px) 100vw, 300px\" \/>\u00a0\u00a0<img loading=\"lazy\" decoding=\"async\" class=\"alignnone size-medium wp-image-2911\" src=\"https:\/\/www.integrationwien.at\/blog\/wp-content\/uploads\/2018\/07\/IMG_4496_s-300x200.jpg\" alt=\"\" width=\"300\" height=\"200\" srcset=\"https:\/\/www.integrationwien.at\/blog\/wp-content\/uploads\/2018\/07\/IMG_4496_s-300x200.jpg 300w, https:\/\/www.integrationwien.at\/blog\/wp-content\/uploads\/2018\/07\/IMG_4496_s-624x416.jpg 624w, https:\/\/www.integrationwien.at\/blog\/wp-content\/uploads\/2018\/07\/IMG_4496_s.jpg 640w\" sizes=\"auto, (max-width: 300px) 100vw, 300px\" \/><br \/>\nUm dem typischen Paradestyling (Vorbild Regenbogenparade u.\u00c4.) gerecht zu werden, hatte ich eine Menge Glitzer-Zeug dabei und machte es mir zur Aufgabe, alle Paradefrauen und \u2013m\u00e4nner zum Glitzern, Gl\u00e4nzen und Leuchten zu bringen \u2013 weil<\/p>\n<p><img loading=\"lazy\" decoding=\"async\" class=\"aligncenter size-medium wp-image-2905\" src=\"https:\/\/www.integrationwien.at\/blog\/wp-content\/uploads\/2018\/07\/IMG_20180605_160817-225x300.jpg\" alt=\"\" width=\"225\" height=\"300\" srcset=\"https:\/\/www.integrationwien.at\/blog\/wp-content\/uploads\/2018\/07\/IMG_20180605_160817-225x300.jpg 225w, https:\/\/www.integrationwien.at\/blog\/wp-content\/uploads\/2018\/07\/IMG_20180605_160817-768x1024.jpg 768w, https:\/\/www.integrationwien.at\/blog\/wp-content\/uploads\/2018\/07\/IMG_20180605_160817-624x832.jpg 624w\" sizes=\"auto, (max-width: 225px) 100vw, 225px\" \/><br \/>\nDie Parade war gro\u00dfartig und eine wirklich wundervolle M\u00f6glichkeit, ohne erhobenen Zeigefinger, sondern mit ganz viel Freude und Selbstverst\u00e4ndlichkeit sichtbar zu machen, wie toll und wichtig Vielfalt, wie unentbehrlich die gleichberechtigte Teilhabe aller Menschen an unserer Gesellschaft ist.<\/p>\n<p><img loading=\"lazy\" decoding=\"async\" class=\"alignnone size-medium wp-image-2918\" src=\"https:\/\/www.integrationwien.at\/blog\/wp-content\/uploads\/2018\/07\/IMG_4716_s-200x300.jpg\" alt=\"\" width=\"200\" height=\"300\" srcset=\"https:\/\/www.integrationwien.at\/blog\/wp-content\/uploads\/2018\/07\/IMG_4716_s-200x300.jpg 200w, https:\/\/www.integrationwien.at\/blog\/wp-content\/uploads\/2018\/07\/IMG_4716_s-624x936.jpg 624w, https:\/\/www.integrationwien.at\/blog\/wp-content\/uploads\/2018\/07\/IMG_4716_s.jpg 640w\" sizes=\"auto, (max-width: 200px) 100vw, 200px\" \/>\u00a0 \u00a0<img loading=\"lazy\" decoding=\"async\" class=\"alignnone size-medium wp-image-2917\" src=\"https:\/\/www.integrationwien.at\/blog\/wp-content\/uploads\/2018\/07\/IMG_4713_s-200x300.jpg\" alt=\"\" width=\"200\" height=\"300\" srcset=\"https:\/\/www.integrationwien.at\/blog\/wp-content\/uploads\/2018\/07\/IMG_4713_s-200x300.jpg 200w, https:\/\/www.integrationwien.at\/blog\/wp-content\/uploads\/2018\/07\/IMG_4713_s-624x936.jpg 624w, https:\/\/www.integrationwien.at\/blog\/wp-content\/uploads\/2018\/07\/IMG_4713_s.jpg 640w\" sizes=\"auto, (max-width: 200px) 100vw, 200px\" \/><\/p>\n<p><img loading=\"lazy\" decoding=\"async\" class=\"wp-image-2912 alignleft\" src=\"https:\/\/www.integrationwien.at\/blog\/wp-content\/uploads\/2018\/07\/IMG_4581_s-300x200.jpg\" alt=\"\" width=\"324\" height=\"216\" srcset=\"https:\/\/www.integrationwien.at\/blog\/wp-content\/uploads\/2018\/07\/IMG_4581_s-300x200.jpg 300w, https:\/\/www.integrationwien.at\/blog\/wp-content\/uploads\/2018\/07\/IMG_4581_s-624x416.jpg 624w, https:\/\/www.integrationwien.at\/blog\/wp-content\/uploads\/2018\/07\/IMG_4581_s.jpg 640w\" sizes=\"auto, (max-width: 324px) 100vw, 324px\" \/><\/p>\n<p>Am Heldenplatz angekommen hatten einige flei\u00dfige Mitarbeiterinnen von integration wien schon unseren Stand aufgebaut. Auf einem gro\u00dfen Platz vor der B\u00fchne hatten n\u00e4mlich alle Vereine die M\u00f6glichkeit, die eigene Arbeit bei einem Infostand vorzustellen. Es war wirklich toll und spannend, einmal alle auf einem Haufen zu haben und sich austauschen zu k\u00f6nnen.<\/p>\n<p>Nach dem Herzerlketten-Weltrekordversuch (dem wir bestimmt sehr nahe gekommen sind, der sich dann aber um ein kleines Wengerl nicht ausgegangen ist) startete das Showprogramm. Viel Musik, viel Tanz, eine super Stimmung. Das erste Highlight war f\u00fcr uns nat\u00fcrlich der Auftritt unserer <a href=\"https:\/\/www.rhizomatic.at\/\">Zirkus-Truppe<\/a>, die trotz Hitze volle Leistung brachte und einiges an Applaus erntete. Einen Blogbeitrag dar\u00fcber, wie cool der Workshop war, bei dem die Show entstanden ist, hat z.B. Georg schon geschrieben. <a href=\"https:\/\/www.integrationwien.at\/blog\/?p=2894\">Hier geht&#8217;s zu seinem Blogbeitrag!<\/a><\/p>\n<p><img loading=\"lazy\" decoding=\"async\" class=\"alignnone size-medium wp-image-2914 aligncenter\" src=\"https:\/\/www.integrationwien.at\/blog\/wp-content\/uploads\/2018\/07\/IMG_4631_s-200x300.jpg\" alt=\"\" width=\"200\" height=\"300\" srcset=\"https:\/\/www.integrationwien.at\/blog\/wp-content\/uploads\/2018\/07\/IMG_4631_s-200x300.jpg 200w, https:\/\/www.integrationwien.at\/blog\/wp-content\/uploads\/2018\/07\/IMG_4631_s-624x936.jpg 624w, https:\/\/www.integrationwien.at\/blog\/wp-content\/uploads\/2018\/07\/IMG_4631_s.jpg 640w\" sizes=\"auto, (max-width: 200px) 100vw, 200px\" \/><\/p>\n<p><img loading=\"lazy\" decoding=\"async\" class=\"alignnone size-medium wp-image-2915\" src=\"https:\/\/www.integrationwien.at\/blog\/wp-content\/uploads\/2018\/07\/IMG_4634_s-300x200.jpg\" alt=\"\" width=\"300\" height=\"200\" srcset=\"https:\/\/www.integrationwien.at\/blog\/wp-content\/uploads\/2018\/07\/IMG_4634_s-300x200.jpg 300w, https:\/\/www.integrationwien.at\/blog\/wp-content\/uploads\/2018\/07\/IMG_4634_s-624x416.jpg 624w, https:\/\/www.integrationwien.at\/blog\/wp-content\/uploads\/2018\/07\/IMG_4634_s.jpg 640w\" sizes=\"auto, (max-width: 300px) 100vw, 300px\" \/>\u00a0\u00a0<img loading=\"lazy\" decoding=\"async\" class=\"alignnone size-medium wp-image-2916\" src=\"https:\/\/www.integrationwien.at\/blog\/wp-content\/uploads\/2018\/07\/IMG_4653_s-300x200.jpg\" alt=\"\" width=\"300\" height=\"200\" srcset=\"https:\/\/www.integrationwien.at\/blog\/wp-content\/uploads\/2018\/07\/IMG_4653_s-300x200.jpg 300w, https:\/\/www.integrationwien.at\/blog\/wp-content\/uploads\/2018\/07\/IMG_4653_s-624x416.jpg 624w, https:\/\/www.integrationwien.at\/blog\/wp-content\/uploads\/2018\/07\/IMG_4653_s.jpg 640w\" sizes=\"auto, (max-width: 300px) 100vw, 300px\" \/><\/p>\n<p>Danach folgte noch weiteres Showprogramm, unter anderem mit der Band <a href=\"https:\/\/www.papermoon.at\/\">\u201ePapermoon\u201c<\/a>, die ein kleines Comeback feierte.<\/p>\n<p>Zweites Highlight war f\u00fcr uns iwi-ler und Freizeitassistenzler dann auf jeden Fall der Gig unserer Band <a href=\"https:\/\/www.facebook.com\/monkeysofearth\/\">\u201eMonkeys of Earth\u201c<\/a>. Hielt man die Party schon fast f\u00fcr beendet, drehten unsere MusikerInnen noch einmal so richtig auf. Und dank dem gro\u00dfartigen Jonas, dem Geb\u00e4rdendolmetscher, der die Band begleitete, wurden die Inhalte der Lieder auch f\u00fcr alle geh\u00f6rlosen Besucherinnen und Besucher erlebbar.<\/p>\n<p><img loading=\"lazy\" decoding=\"async\" class=\"size-medium wp-image-2920 aligncenter\" src=\"https:\/\/www.integrationwien.at\/blog\/wp-content\/uploads\/2018\/07\/IMG_4816_s-300x200.jpg\" alt=\"\" width=\"300\" height=\"200\" srcset=\"https:\/\/www.integrationwien.at\/blog\/wp-content\/uploads\/2018\/07\/IMG_4816_s-300x200.jpg 300w, https:\/\/www.integrationwien.at\/blog\/wp-content\/uploads\/2018\/07\/IMG_4816_s-624x416.jpg 624w, https:\/\/www.integrationwien.at\/blog\/wp-content\/uploads\/2018\/07\/IMG_4816_s.jpg 640w\" sizes=\"auto, (max-width: 300px) 100vw, 300px\" \/><\/p>\n<p>Dass die B\u00fchne von Fans gest\u00fcrmt wurde, ist keine \u00dcbertreibung (ok es war einer, die anderen Fans sangen, tanzten und klatschen aber VOR der B\u00fchne voller Elan und Begeisterung mit).<\/p>\n<p><img loading=\"lazy\" decoding=\"async\" class=\"alignnone size-medium wp-image-2922\" src=\"https:\/\/www.integrationwien.at\/blog\/wp-content\/uploads\/2018\/07\/IMG_4842_s-300x200.jpg\" alt=\"\" width=\"300\" height=\"200\" srcset=\"https:\/\/www.integrationwien.at\/blog\/wp-content\/uploads\/2018\/07\/IMG_4842_s-300x200.jpg 300w, https:\/\/www.integrationwien.at\/blog\/wp-content\/uploads\/2018\/07\/IMG_4842_s-624x416.jpg 624w, https:\/\/www.integrationwien.at\/blog\/wp-content\/uploads\/2018\/07\/IMG_4842_s.jpg 640w\" sizes=\"auto, (max-width: 300px) 100vw, 300px\" \/>\u00a0\u00a0<img loading=\"lazy\" decoding=\"async\" class=\"alignnone size-medium wp-image-2923\" src=\"https:\/\/www.integrationwien.at\/blog\/wp-content\/uploads\/2018\/07\/IMG_4846_s-300x200.jpg\" alt=\"\" width=\"300\" height=\"200\" srcset=\"https:\/\/www.integrationwien.at\/blog\/wp-content\/uploads\/2018\/07\/IMG_4846_s-300x200.jpg 300w, https:\/\/www.integrationwien.at\/blog\/wp-content\/uploads\/2018\/07\/IMG_4846_s-624x416.jpg 624w, https:\/\/www.integrationwien.at\/blog\/wp-content\/uploads\/2018\/07\/IMG_4846_s.jpg 640w\" sizes=\"auto, (max-width: 300px) 100vw, 300px\" \/><\/p>\n<p>Witziger Fact am Rande: W\u00e4hrend die Monkeys ihre tollsten Nummern zum Besten gaben, fing es nach dem hei\u00dfen Tag endlich ein kleines bisschen zu tr\u00f6pfeln an. Sommerregen und Rockmusik! Was f\u00fcr einer toller Abschluss. &lt;3<\/p>\n<p><img loading=\"lazy\" decoding=\"async\" class=\"alignnone size-medium wp-image-2919\" src=\"https:\/\/www.integrationwien.at\/blog\/wp-content\/uploads\/2018\/07\/IMG_4811_s-300x200.jpg\" alt=\"\" width=\"300\" height=\"200\" srcset=\"https:\/\/www.integrationwien.at\/blog\/wp-content\/uploads\/2018\/07\/IMG_4811_s-300x200.jpg 300w, https:\/\/www.integrationwien.at\/blog\/wp-content\/uploads\/2018\/07\/IMG_4811_s-624x416.jpg 624w, https:\/\/www.integrationwien.at\/blog\/wp-content\/uploads\/2018\/07\/IMG_4811_s.jpg 640w\" sizes=\"auto, (max-width: 300px) 100vw, 300px\" \/>\u00a0\u00a0<img loading=\"lazy\" decoding=\"async\" class=\"alignnone size-medium wp-image-2921\" src=\"https:\/\/www.integrationwien.at\/blog\/wp-content\/uploads\/2018\/07\/IMG_4827_s-300x200.jpg\" alt=\"\" width=\"300\" height=\"200\" srcset=\"https:\/\/www.integrationwien.at\/blog\/wp-content\/uploads\/2018\/07\/IMG_4827_s-300x200.jpg 300w, https:\/\/www.integrationwien.at\/blog\/wp-content\/uploads\/2018\/07\/IMG_4827_s-624x416.jpg 624w, https:\/\/www.integrationwien.at\/blog\/wp-content\/uploads\/2018\/07\/IMG_4827_s.jpg 640w\" sizes=\"auto, (max-width: 300px) 100vw, 300px\" \/><\/p>\n<p>Es bleibt zu sagen, dass die Power Parade keinen Tag zu sp\u00e4t zu uns nach Wien gekommen ist und dass wir hoffen, dass es auch bei uns zu einer sch\u00f6nen Tradition wird.<\/p>\n<p>Ein Beitrag von Stephanie Weislein, Mitarbeiterin der Freizeitassistenz<\/p>\n","protected":false},"excerpt":{"rendered":"<p>\u201eWenn die Welt untergehen sollte, gehe ich nach Wien, dort passiert alles 10 Jahre sp\u00e4ter,\u201c hei\u00dft eine Redewendung, die in diversen Abwandlungen mal von Karl Kraus, Gustav Mahler oder auch\u00a0 von Otto von Bismarck get\u00e4tigt worden sein soll. Man wei\u00df es nicht genau, macht aber nichts. Dass die erste Disability Pride Parade schon 2004 in [&hellip;]<\/p>\n","protected":false},"author":6,"featured_media":0,"comment_status":"closed","ping_status":"open","sticky":false,"template":"","format":"standard","meta":{"footnotes":""},"categories":[1],"tags":[],"class_list":["post-2903","post","type-post","status-publish","format-standard","hentry","category-allgemein"],"yoast_head":"<!-- This site is optimized with the Yoast SEO plugin v25.8 - https:\/\/yoast.com\/wordpress\/plugins\/seo\/ -->\n<title>Unser R\u00fcckblick auf die Power Parade #ALLEF\u00dcRALLE - Integration Wien<\/title>\n<meta name=\"robots\" content=\"index, follow, max-snippet:-1, max-image-preview:large, max-video-preview:-1\" \/>\n<link rel=\"canonical\" href=\"https:\/\/www.integrationwien.at\/blog\/?p=2903\" \/>\n<meta property=\"og:locale\" content=\"de_DE\" \/>\n<meta property=\"og:type\" content=\"article\" \/>\n<meta property=\"og:title\" content=\"Unser R\u00fcckblick auf die Power Parade #ALLEF\u00dcRALLE - Integration Wien\" \/>\n<meta property=\"og:description\" content=\"\u201eWenn die Welt untergehen sollte, gehe ich nach Wien, dort passiert alles 10 Jahre sp\u00e4ter,\u201c hei\u00dft eine Redewendung, die in diversen Abwandlungen mal von Karl Kraus, Gustav Mahler oder auch\u00a0 von Otto von Bismarck get\u00e4tigt worden sein soll. Man wei\u00df es nicht genau, macht aber nichts. Dass die erste Disability Pride Parade schon 2004 in [&hellip;]\" \/>\n<meta property=\"og:url\" content=\"https:\/\/www.integrationwien.at\/blog\/?p=2903\" \/>\n<meta property=\"og:site_name\" content=\"Integration Wien\" \/>\n<meta property=\"article:published_time\" content=\"2018-07-17T10:31:20+00:00\" \/>\n<meta property=\"article:modified_time\" content=\"2018-07-17T10:35:11+00:00\" \/>\n<meta property=\"og:image\" content=\"https:\/\/www.integrationwien.at\/blog\/wp-content\/uploads\/2018\/07\/IMG_9842-300x200.jpg\" \/>\n<meta name=\"author\" content=\"Stephanie Weislein\" \/>\n<meta name=\"twitter:card\" content=\"summary_large_image\" \/>\n<meta name=\"twitter:label1\" content=\"Verfasst von\" \/>\n\t<meta name=\"twitter:data1\" content=\"Stephanie Weislein\" \/>\n\t<meta name=\"twitter:label2\" content=\"Gesch\u00e4tzte Lesezeit\" \/>\n\t<meta name=\"twitter:data2\" content=\"4\u00a0Minuten\" \/>\n<script type=\"application\/ld+json\" class=\"yoast-schema-graph\">{\"@context\":\"https:\/\/schema.org\",\"@graph\":[{\"@type\":\"WebPage\",\"@id\":\"https:\/\/www.integrationwien.at\/blog\/?p=2903\",\"url\":\"https:\/\/www.integrationwien.at\/blog\/?p=2903\",\"name\":\"Unser R\u00fcckblick auf die Power Parade #ALLEF\u00dcRALLE - Integration Wien\",\"isPartOf\":{\"@id\":\"https:\/\/www.integrationwien.at\/blog\/#website\"},\"primaryImageOfPage\":{\"@id\":\"https:\/\/www.integrationwien.at\/blog\/?p=2903#primaryimage\"},\"image\":{\"@id\":\"https:\/\/www.integrationwien.at\/blog\/?p=2903#primaryimage\"},\"thumbnailUrl\":\"https:\/\/www.integrationwien.at\/blog\/wp-content\/uploads\/2018\/07\/IMG_9842-300x200.jpg\",\"datePublished\":\"2018-07-17T10:31:20+00:00\",\"dateModified\":\"2018-07-17T10:35:11+00:00\",\"author\":{\"@id\":\"https:\/\/www.integrationwien.at\/blog\/#\/schema\/person\/a8be130fc331a8ff34836b0e52025b2f\"},\"breadcrumb\":{\"@id\":\"https:\/\/www.integrationwien.at\/blog\/?p=2903#breadcrumb\"},\"inLanguage\":\"de\",\"potentialAction\":[{\"@type\":\"ReadAction\",\"target\":[\"https:\/\/www.integrationwien.at\/blog\/?p=2903\"]}]},{\"@type\":\"ImageObject\",\"inLanguage\":\"de\",\"@id\":\"https:\/\/www.integrationwien.at\/blog\/?p=2903#primaryimage\",\"url\":\"https:\/\/www.integrationwien.at\/blog\/wp-content\/uploads\/2018\/07\/IMG_9842.jpg\",\"contentUrl\":\"https:\/\/www.integrationwien.at\/blog\/wp-content\/uploads\/2018\/07\/IMG_9842.jpg\",\"width\":5184,\"height\":3456},{\"@type\":\"BreadcrumbList\",\"@id\":\"https:\/\/www.integrationwien.at\/blog\/?p=2903#breadcrumb\",\"itemListElement\":[{\"@type\":\"ListItem\",\"position\":1,\"name\":\"Startseite\",\"item\":\"https:\/\/www.integrationwien.at\/blog\"},{\"@type\":\"ListItem\",\"position\":2,\"name\":\"Unser R\u00fcckblick auf die Power Parade #ALLEF\u00dcRALLE\"}]},{\"@type\":\"WebSite\",\"@id\":\"https:\/\/www.integrationwien.at\/blog\/#website\",\"url\":\"https:\/\/www.integrationwien.at\/blog\/\",\"name\":\"Integration Wien\",\"description\":\"\",\"potentialAction\":[{\"@type\":\"SearchAction\",\"target\":{\"@type\":\"EntryPoint\",\"urlTemplate\":\"https:\/\/www.integrationwien.at\/blog\/?s={search_term_string}\"},\"query-input\":{\"@type\":\"PropertyValueSpecification\",\"valueRequired\":true,\"valueName\":\"search_term_string\"}}],\"inLanguage\":\"de\"},{\"@type\":\"Person\",\"@id\":\"https:\/\/www.integrationwien.at\/blog\/#\/schema\/person\/a8be130fc331a8ff34836b0e52025b2f\",\"name\":\"Stephanie Weislein\",\"image\":{\"@type\":\"ImageObject\",\"inLanguage\":\"de\",\"@id\":\"https:\/\/www.integrationwien.at\/blog\/#\/schema\/person\/image\/\",\"url\":\"https:\/\/secure.gravatar.com\/avatar\/95b672ecb042ae12c70baf4413d559953d9489654736bb86ab006efba4d212cd?s=96&d=retro&r=g\",\"contentUrl\":\"https:\/\/secure.gravatar.com\/avatar\/95b672ecb042ae12c70baf4413d559953d9489654736bb86ab006efba4d212cd?s=96&d=retro&r=g\",\"caption\":\"Stephanie Weislein\"},\"url\":\"https:\/\/www.integrationwien.at\/blog\/?author=6\"}]}<\/script>\n<!-- \/ Yoast SEO plugin. -->","yoast_head_json":{"title":"Unser R\u00fcckblick auf die Power Parade #ALLEF\u00dcRALLE - Integration Wien","robots":{"index":"index","follow":"follow","max-snippet":"max-snippet:-1","max-image-preview":"max-image-preview:large","max-video-preview":"max-video-preview:-1"},"canonical":"https:\/\/www.integrationwien.at\/blog\/?p=2903","og_locale":"de_DE","og_type":"article","og_title":"Unser R\u00fcckblick auf die Power Parade #ALLEF\u00dcRALLE - Integration Wien","og_description":"\u201eWenn die Welt untergehen sollte, gehe ich nach Wien, dort passiert alles 10 Jahre sp\u00e4ter,\u201c hei\u00dft eine Redewendung, die in diversen Abwandlungen mal von Karl Kraus, Gustav Mahler oder auch\u00a0 von Otto von Bismarck get\u00e4tigt worden sein soll. Man wei\u00df es nicht genau, macht aber nichts. Dass die erste Disability Pride Parade schon 2004 in [&hellip;]","og_url":"https:\/\/www.integrationwien.at\/blog\/?p=2903","og_site_name":"Integration Wien","article_published_time":"2018-07-17T10:31:20+00:00","article_modified_time":"2018-07-17T10:35:11+00:00","og_image":[{"url":"https:\/\/www.integrationwien.at\/blog\/wp-content\/uploads\/2018\/07\/IMG_9842-300x200.jpg","type":"","width":"","height":""}],"author":"Stephanie Weislein","twitter_card":"summary_large_image","twitter_misc":{"Verfasst von":"Stephanie Weislein","Gesch\u00e4tzte Lesezeit":"4\u00a0Minuten"},"schema":{"@context":"https:\/\/schema.org","@graph":[{"@type":"WebPage","@id":"https:\/\/www.integrationwien.at\/blog\/?p=2903","url":"https:\/\/www.integrationwien.at\/blog\/?p=2903","name":"Unser R\u00fcckblick auf die Power Parade #ALLEF\u00dcRALLE - Integration Wien","isPartOf":{"@id":"https:\/\/www.integrationwien.at\/blog\/#website"},"primaryImageOfPage":{"@id":"https:\/\/www.integrationwien.at\/blog\/?p=2903#primaryimage"},"image":{"@id":"https:\/\/www.integrationwien.at\/blog\/?p=2903#primaryimage"},"thumbnailUrl":"https:\/\/www.integrationwien.at\/blog\/wp-content\/uploads\/2018\/07\/IMG_9842-300x200.jpg","datePublished":"2018-07-17T10:31:20+00:00","dateModified":"2018-07-17T10:35:11+00:00","author":{"@id":"https:\/\/www.integrationwien.at\/blog\/#\/schema\/person\/a8be130fc331a8ff34836b0e52025b2f"},"breadcrumb":{"@id":"https:\/\/www.integrationwien.at\/blog\/?p=2903#breadcrumb"},"inLanguage":"de","potentialAction":[{"@type":"ReadAction","target":["https:\/\/www.integrationwien.at\/blog\/?p=2903"]}]},{"@type":"ImageObject","inLanguage":"de","@id":"https:\/\/www.integrationwien.at\/blog\/?p=2903#primaryimage","url":"https:\/\/www.integrationwien.at\/blog\/wp-content\/uploads\/2018\/07\/IMG_9842.jpg","contentUrl":"https:\/\/www.integrationwien.at\/blog\/wp-content\/uploads\/2018\/07\/IMG_9842.jpg","width":5184,"height":3456},{"@type":"BreadcrumbList","@id":"https:\/\/www.integrationwien.at\/blog\/?p=2903#breadcrumb","itemListElement":[{"@type":"ListItem","position":1,"name":"Startseite","item":"https:\/\/www.integrationwien.at\/blog"},{"@type":"ListItem","position":2,"name":"Unser R\u00fcckblick auf die Power Parade #ALLEF\u00dcRALLE"}]},{"@type":"WebSite","@id":"https:\/\/www.integrationwien.at\/blog\/#website","url":"https:\/\/www.integrationwien.at\/blog\/","name":"Integration Wien","description":"","potentialAction":[{"@type":"SearchAction","target":{"@type":"EntryPoint","urlTemplate":"https:\/\/www.integrationwien.at\/blog\/?s={search_term_string}"},"query-input":{"@type":"PropertyValueSpecification","valueRequired":true,"valueName":"search_term_string"}}],"inLanguage":"de"},{"@type":"Person","@id":"https:\/\/www.integrationwien.at\/blog\/#\/schema\/person\/a8be130fc331a8ff34836b0e52025b2f","name":"Stephanie Weislein","image":{"@type":"ImageObject","inLanguage":"de","@id":"https:\/\/www.integrationwien.at\/blog\/#\/schema\/person\/image\/","url":"https:\/\/secure.gravatar.com\/avatar\/95b672ecb042ae12c70baf4413d559953d9489654736bb86ab006efba4d212cd?s=96&d=retro&r=g","contentUrl":"https:\/\/secure.gravatar.com\/avatar\/95b672ecb042ae12c70baf4413d559953d9489654736bb86ab006efba4d212cd?s=96&d=retro&r=g","caption":"Stephanie Weislein"},"url":"https:\/\/www.integrationwien.at\/blog\/?author=6"}]}},"_links":{"self":[{"href":"https:\/\/www.integrationwien.at\/blog\/index.php?rest_route=\/wp\/v2\/posts\/2903","targetHints":{"allow":["GET"]}}],"collection":[{"href":"https:\/\/www.integrationwien.at\/blog\/index.php?rest_route=\/wp\/v2\/posts"}],"about":[{"href":"https:\/\/www.integrationwien.at\/blog\/index.php?rest_route=\/wp\/v2\/types\/post"}],"author":[{"embeddable":true,"href":"https:\/\/www.integrationwien.at\/blog\/index.php?rest_route=\/wp\/v2\/users\/6"}],"replies":[{"embeddable":true,"href":"https:\/\/www.integrationwien.at\/blog\/index.php?rest_route=%2Fwp%2Fv2%2Fcomments&post=2903"}],"version-history":[{"count":10,"href":"https:\/\/www.integrationwien.at\/blog\/index.php?rest_route=\/wp\/v2\/posts\/2903\/revisions"}],"predecessor-version":[{"id":2933,"href":"https:\/\/www.integrationwien.at\/blog\/index.php?rest_route=\/wp\/v2\/posts\/2903\/revisions\/2933"}],"wp:attachment":[{"href":"https:\/\/www.integrationwien.at\/blog\/index.php?rest_route=%2Fwp%2Fv2%2Fmedia&parent=2903"}],"wp:term":[{"taxonomy":"category","embeddable":true,"href":"https:\/\/www.integrationwien.at\/blog\/index.php?rest_route=%2Fwp%2Fv2%2Fcategories&post=2903"},{"taxonomy":"post_tag","embeddable":true,"href":"https:\/\/www.integrationwien.at\/blog\/index.php?rest_route=%2Fwp%2Fv2%2Ftags&post=2903"}],"curies":[{"name":"wp","href":"https:\/\/api.w.org\/{rel}","templated":true}]}}