{"id":2726,"date":"2018-02-28T15:07:44","date_gmt":"2018-02-28T13:07:44","guid":{"rendered":"http:\/\/www.integrationwien.at\/blog\/?p=2726"},"modified":"2018-02-28T15:07:44","modified_gmt":"2018-02-28T13:07:44","slug":"ausflug-nach-bratislava","status":"publish","type":"post","link":"https:\/\/www.integrationwien.at\/blog\/?p=2726","title":{"rendered":"Ausflug nach Bratislava"},"content":{"rendered":"<p>Anfang Dezember waren der Winter und die K\u00e4lte schon da, aber wir haben nicht zugelassen, dass uns das demotiviert. Vor einer l\u00e4ngeren Pause, in der wir uns nicht treffen werden, wollten Vicky und ich etwas besonderes machen. Und was kann lustiger sein als eine andere Stadt zu besichtigen? Wir haben uns schnell geeinigt und f\u00fcr Bratislava entschieden, denn die Stadt ist nur 50 Minuten mit dem Bus von Wien entfernt ist.<\/p>\n<p>Am einem Samstag, um circa halb 8 in der Fr\u00fch, haben Vicky und ich uns bei der Alserstra\u00dfe getroffen und gemeinsam sind wir nach Erdberg gefahren, wo der Bus nach Bratislava abf\u00e4hrt. Obwohl wir beide Langschl\u00e4fer sind, waren wir an dem Morgen ganz munter von Aufregung. Auch dan einer Menge Kaffee, den Vicky immer, ganz gescheit, schon zu Hause trinkt und ich in letztem Moment im Mc-y kaufe.<\/p>\n<p><img loading=\"lazy\" decoding=\"async\" class=\"aligncenter size-full wp-image-2719\" src=\"http:\/\/www.integrationwien.at\/blog\/wp-content\/uploads\/2018\/02\/IMG_1806s.jpg\" alt=\"\" width=\"800\" height=\"600\" srcset=\"https:\/\/www.integrationwien.at\/blog\/wp-content\/uploads\/2018\/02\/IMG_1806s.jpg 800w, https:\/\/www.integrationwien.at\/blog\/wp-content\/uploads\/2018\/02\/IMG_1806s-300x225.jpg 300w, https:\/\/www.integrationwien.at\/blog\/wp-content\/uploads\/2018\/02\/IMG_1806s-768x576.jpg 768w, https:\/\/www.integrationwien.at\/blog\/wp-content\/uploads\/2018\/02\/IMG_1806s-624x468.jpg 624w\" sizes=\"auto, (max-width: 800px) 100vw, 800px\" \/><\/p>\n<p>Nach 50 Minuten, waren wir in einem anderen Land. Als wir uns der Stadt ann\u00e4herten, konnten wir die Burg Bratislavas aus dem Bus sehen. Vicky hat gemeint, dass sie so eine Festung noch nie gesehen hat und hat sich gefreut rauf zu gehen und die Burg zu besichtigen.<\/p>\n<p>Da wir schon ziemlich fruh angekommen sind, waren noch keine Weihnachtsm\u00e4rkte, die ein Muss auf unsere \u201eto do\u201c Liste waren, ge\u00f6ffnet. Daher haben wir die Zeit genutzt, um ein Informationszentrum und einen Souvenirshop zu finden, wo wir uns einen Stadtplan besorgt und Souveniers zur Errinerung gekauft haben.<\/p>\n<p><img loading=\"lazy\" decoding=\"async\" class=\"aligncenter wp-image-2722\" src=\"http:\/\/www.integrationwien.at\/blog\/wp-content\/uploads\/2018\/02\/IMG_1859s.jpg\" alt=\"\" width=\"309\" height=\"232\" srcset=\"https:\/\/www.integrationwien.at\/blog\/wp-content\/uploads\/2018\/02\/IMG_1859s.jpg 800w, https:\/\/www.integrationwien.at\/blog\/wp-content\/uploads\/2018\/02\/IMG_1859s-300x225.jpg 300w, https:\/\/www.integrationwien.at\/blog\/wp-content\/uploads\/2018\/02\/IMG_1859s-768x576.jpg 768w, https:\/\/www.integrationwien.at\/blog\/wp-content\/uploads\/2018\/02\/IMG_1859s-624x468.jpg 624w\" sizes=\"auto, (max-width: 309px) 100vw, 309px\" \/><\/p>\n<p>Nach einem schnellen Snack im Mc-y und Spaziergang durch die engen Stra\u00dfen des Stadtzentrums sind wir zum Weihnachtsmarkt gekommen, der schon ganz lebendig und voll mit Leuten war, obwohl es noch nicht mal Mittag war. Die St\u00e4nde mit slowakischen K\u00f6stlichkeiten, Punsch, Gl\u00fchwein und Handwerken waren zwar merkw\u00fcrdig, aber die Burg hat schon beim Ankommen unsere Aufmerksamkeit gestohlen und bald haben wir den gl\u00e4nzenden Markt verlassen und uns auf dem Weg zur Burg gemacht.<\/p>\n<p><img loading=\"lazy\" decoding=\"async\" class=\"aligncenter size-full wp-image-2721\" src=\"http:\/\/www.integrationwien.at\/blog\/wp-content\/uploads\/2018\/02\/IMG_1834s.jpg\" alt=\"\" width=\"800\" height=\"600\" srcset=\"https:\/\/www.integrationwien.at\/blog\/wp-content\/uploads\/2018\/02\/IMG_1834s.jpg 800w, https:\/\/www.integrationwien.at\/blog\/wp-content\/uploads\/2018\/02\/IMG_1834s-300x225.jpg 300w, https:\/\/www.integrationwien.at\/blog\/wp-content\/uploads\/2018\/02\/IMG_1834s-768x576.jpg 768w, https:\/\/www.integrationwien.at\/blog\/wp-content\/uploads\/2018\/02\/IMG_1834s-624x468.jpg 624w\" sizes=\"auto, (max-width: 800px) 100vw, 800px\" \/><br \/>\nDie Aussicht von der Festung war w\u00fcndersch\u00f6n. Die ganze Stadt war sichtbar, mit ihren alten H\u00e4usern und der Donau, die unter den Mittagssonne geglitzert hat. In der Burg selbst war, unter anderem, auch das historische Museum der Stadt Bratislava, wo wir die n\u00e4chste Stunde verbracht haben.<\/p>\n<p><img loading=\"lazy\" decoding=\"async\" class=\"alignleft wp-image-2720\" src=\"http:\/\/www.integrationwien.at\/blog\/wp-content\/uploads\/2018\/02\/IMG_1809s-225x300.jpg\" alt=\"\" width=\"269\" height=\"359\" srcset=\"https:\/\/www.integrationwien.at\/blog\/wp-content\/uploads\/2018\/02\/IMG_1809s-225x300.jpg 225w, https:\/\/www.integrationwien.at\/blog\/wp-content\/uploads\/2018\/02\/IMG_1809s-768x1024.jpg 768w, https:\/\/www.integrationwien.at\/blog\/wp-content\/uploads\/2018\/02\/IMG_1809s-624x832.jpg 624w, https:\/\/www.integrationwien.at\/blog\/wp-content\/uploads\/2018\/02\/IMG_1809s.jpg 800w\" sizes=\"auto, (max-width: 269px) 100vw, 269px\" \/><img loading=\"lazy\" decoding=\"async\" class=\"alignleft wp-image-2723\" src=\"http:\/\/www.integrationwien.at\/blog\/wp-content\/uploads\/2018\/02\/IMG_1843s-225x300.jpg\" alt=\"\" width=\"269\" height=\"359\" srcset=\"https:\/\/www.integrationwien.at\/blog\/wp-content\/uploads\/2018\/02\/IMG_1843s-225x300.jpg 225w, https:\/\/www.integrationwien.at\/blog\/wp-content\/uploads\/2018\/02\/IMG_1843s-768x1024.jpg 768w, https:\/\/www.integrationwien.at\/blog\/wp-content\/uploads\/2018\/02\/IMG_1843s-624x832.jpg 624w, https:\/\/www.integrationwien.at\/blog\/wp-content\/uploads\/2018\/02\/IMG_1843s.jpg 800w\" sizes=\"auto, (max-width: 269px) 100vw, 269px\" \/><\/p>\n<p>&nbsp;<\/p>\n<p>&nbsp;<\/p>\n<p>&nbsp;<\/p>\n<p>&nbsp;<\/p>\n<p>&nbsp;<\/p>\n<p>&nbsp;<\/p>\n<p>&nbsp;<\/p>\n<p>&nbsp;<\/p>\n<p>Nachdem wir von dem vielen neuen Eindr\u00fccken und Informationen m\u00fcde und hungrig geworden sind, haben wir und entschieden wieder Richtung Stadt zu gehen und die traditionelle slowakische K\u00fcche zu kosten. Schnell haben wir ein slowakisches Restaurant gefunden, aber uns dann doch f\u00fcr etwas Bekanntes entschieden &#8211; Wiener Schnitzel nat\u00fcrlich.<\/p>\n<p>Als die Sonne langsam untergegangen ist und wir unsere Kaffees ausgetrunken haben, war es schon Zeit, zur\u00fcck zur Busstation zu gehen. Nach den Ausflug bleibt eine sch\u00f6ne Erinnerung, die Inspiration f\u00fcr neue Aktivit\u00e4ten und Reisen bringt.<\/p>\n<p>Jelena Cekerevac, Freizeitassistentin bei integration wien<\/p>\n<p>&nbsp;<\/p>\n","protected":false},"excerpt":{"rendered":"<p>Anfang Dezember waren der Winter und die K\u00e4lte schon da, aber wir haben nicht zugelassen, dass uns das demotiviert. Vor einer l\u00e4ngeren Pause, in der wir uns nicht treffen werden, wollten Vicky und ich etwas besonderes machen. Und was kann lustiger sein als eine andere Stadt zu besichtigen? Wir haben uns schnell geeinigt und f\u00fcr [&hellip;]<\/p>\n","protected":false},"author":5,"featured_media":0,"comment_status":"closed","ping_status":"open","sticky":false,"template":"","format":"standard","meta":{"footnotes":""},"categories":[2],"tags":[],"class_list":["post-2726","post","type-post","status-publish","format-standard","hentry","category-freizeitassistenz"],"yoast_head":"<!-- This site is optimized with the Yoast SEO plugin v25.8 - https:\/\/yoast.com\/wordpress\/plugins\/seo\/ -->\n<title>Ausflug nach Bratislava - Integration Wien<\/title>\n<meta name=\"robots\" content=\"index, follow, max-snippet:-1, max-image-preview:large, max-video-preview:-1\" \/>\n<link rel=\"canonical\" href=\"https:\/\/www.integrationwien.at\/blog\/?p=2726\" \/>\n<meta property=\"og:locale\" content=\"de_DE\" \/>\n<meta property=\"og:type\" content=\"article\" \/>\n<meta property=\"og:title\" content=\"Ausflug nach Bratislava - Integration Wien\" \/>\n<meta property=\"og:description\" content=\"Anfang Dezember waren der Winter und die K\u00e4lte schon da, aber wir haben nicht zugelassen, dass uns das demotiviert. Vor einer l\u00e4ngeren Pause, in der wir uns nicht treffen werden, wollten Vicky und ich etwas besonderes machen. Und was kann lustiger sein als eine andere Stadt zu besichtigen? Wir haben uns schnell geeinigt und f\u00fcr [&hellip;]\" \/>\n<meta property=\"og:url\" content=\"https:\/\/www.integrationwien.at\/blog\/?p=2726\" \/>\n<meta property=\"og:site_name\" content=\"Integration Wien\" \/>\n<meta property=\"article:published_time\" content=\"2018-02-28T13:07:44+00:00\" \/>\n<meta property=\"og:image\" content=\"http:\/\/www.integrationwien.at\/blog\/wp-content\/uploads\/2018\/02\/IMG_1806s.jpg\" \/>\n<meta name=\"author\" content=\"Sabine Wolf\" \/>\n<meta name=\"twitter:card\" content=\"summary_large_image\" \/>\n<meta name=\"twitter:label1\" content=\"Verfasst von\" \/>\n\t<meta name=\"twitter:data1\" content=\"Sabine Wolf\" \/>\n\t<meta name=\"twitter:label2\" content=\"Gesch\u00e4tzte Lesezeit\" \/>\n\t<meta name=\"twitter:data2\" content=\"2\u00a0Minuten\" \/>\n<script type=\"application\/ld+json\" class=\"yoast-schema-graph\">{\"@context\":\"https:\/\/schema.org\",\"@graph\":[{\"@type\":\"WebPage\",\"@id\":\"https:\/\/www.integrationwien.at\/blog\/?p=2726\",\"url\":\"https:\/\/www.integrationwien.at\/blog\/?p=2726\",\"name\":\"Ausflug nach Bratislava - Integration Wien\",\"isPartOf\":{\"@id\":\"https:\/\/www.integrationwien.at\/blog\/#website\"},\"primaryImageOfPage\":{\"@id\":\"https:\/\/www.integrationwien.at\/blog\/?p=2726#primaryimage\"},\"image\":{\"@id\":\"https:\/\/www.integrationwien.at\/blog\/?p=2726#primaryimage\"},\"thumbnailUrl\":\"http:\/\/www.integrationwien.at\/blog\/wp-content\/uploads\/2018\/02\/IMG_1806s.jpg\",\"datePublished\":\"2018-02-28T13:07:44+00:00\",\"author\":{\"@id\":\"https:\/\/www.integrationwien.at\/blog\/#\/schema\/person\/037f1cbd2cf5d0891ab1ef3f8c411e1b\"},\"breadcrumb\":{\"@id\":\"https:\/\/www.integrationwien.at\/blog\/?p=2726#breadcrumb\"},\"inLanguage\":\"de\",\"potentialAction\":[{\"@type\":\"ReadAction\",\"target\":[\"https:\/\/www.integrationwien.at\/blog\/?p=2726\"]}]},{\"@type\":\"ImageObject\",\"inLanguage\":\"de\",\"@id\":\"https:\/\/www.integrationwien.at\/blog\/?p=2726#primaryimage\",\"url\":\"https:\/\/www.integrationwien.at\/blog\/wp-content\/uploads\/2018\/02\/IMG_1806s.jpg\",\"contentUrl\":\"https:\/\/www.integrationwien.at\/blog\/wp-content\/uploads\/2018\/02\/IMG_1806s.jpg\",\"width\":800,\"height\":600},{\"@type\":\"BreadcrumbList\",\"@id\":\"https:\/\/www.integrationwien.at\/blog\/?p=2726#breadcrumb\",\"itemListElement\":[{\"@type\":\"ListItem\",\"position\":1,\"name\":\"Startseite\",\"item\":\"https:\/\/www.integrationwien.at\/blog\"},{\"@type\":\"ListItem\",\"position\":2,\"name\":\"Ausflug nach Bratislava\"}]},{\"@type\":\"WebSite\",\"@id\":\"https:\/\/www.integrationwien.at\/blog\/#website\",\"url\":\"https:\/\/www.integrationwien.at\/blog\/\",\"name\":\"Integration Wien\",\"description\":\"\",\"potentialAction\":[{\"@type\":\"SearchAction\",\"target\":{\"@type\":\"EntryPoint\",\"urlTemplate\":\"https:\/\/www.integrationwien.at\/blog\/?s={search_term_string}\"},\"query-input\":{\"@type\":\"PropertyValueSpecification\",\"valueRequired\":true,\"valueName\":\"search_term_string\"}}],\"inLanguage\":\"de\"},{\"@type\":\"Person\",\"@id\":\"https:\/\/www.integrationwien.at\/blog\/#\/schema\/person\/037f1cbd2cf5d0891ab1ef3f8c411e1b\",\"name\":\"Sabine Wolf\",\"image\":{\"@type\":\"ImageObject\",\"inLanguage\":\"de\",\"@id\":\"https:\/\/www.integrationwien.at\/blog\/#\/schema\/person\/image\/\",\"url\":\"https:\/\/secure.gravatar.com\/avatar\/bd61ef8204be3763c07e7bb17574a0a6514f1ce003afb24b6e162b483c9e4b32?s=96&d=retro&r=g\",\"contentUrl\":\"https:\/\/secure.gravatar.com\/avatar\/bd61ef8204be3763c07e7bb17574a0a6514f1ce003afb24b6e162b483c9e4b32?s=96&d=retro&r=g\",\"caption\":\"Sabine Wolf\"},\"url\":\"https:\/\/www.integrationwien.at\/blog\/?author=5\"}]}<\/script>\n<!-- \/ Yoast SEO plugin. -->","yoast_head_json":{"title":"Ausflug nach Bratislava - Integration Wien","robots":{"index":"index","follow":"follow","max-snippet":"max-snippet:-1","max-image-preview":"max-image-preview:large","max-video-preview":"max-video-preview:-1"},"canonical":"https:\/\/www.integrationwien.at\/blog\/?p=2726","og_locale":"de_DE","og_type":"article","og_title":"Ausflug nach Bratislava - Integration Wien","og_description":"Anfang Dezember waren der Winter und die K\u00e4lte schon da, aber wir haben nicht zugelassen, dass uns das demotiviert. Vor einer l\u00e4ngeren Pause, in der wir uns nicht treffen werden, wollten Vicky und ich etwas besonderes machen. Und was kann lustiger sein als eine andere Stadt zu besichtigen? Wir haben uns schnell geeinigt und f\u00fcr [&hellip;]","og_url":"https:\/\/www.integrationwien.at\/blog\/?p=2726","og_site_name":"Integration Wien","article_published_time":"2018-02-28T13:07:44+00:00","og_image":[{"url":"http:\/\/www.integrationwien.at\/blog\/wp-content\/uploads\/2018\/02\/IMG_1806s.jpg","type":"","width":"","height":""}],"author":"Sabine Wolf","twitter_card":"summary_large_image","twitter_misc":{"Verfasst von":"Sabine Wolf","Gesch\u00e4tzte Lesezeit":"2\u00a0Minuten"},"schema":{"@context":"https:\/\/schema.org","@graph":[{"@type":"WebPage","@id":"https:\/\/www.integrationwien.at\/blog\/?p=2726","url":"https:\/\/www.integrationwien.at\/blog\/?p=2726","name":"Ausflug nach Bratislava - Integration Wien","isPartOf":{"@id":"https:\/\/www.integrationwien.at\/blog\/#website"},"primaryImageOfPage":{"@id":"https:\/\/www.integrationwien.at\/blog\/?p=2726#primaryimage"},"image":{"@id":"https:\/\/www.integrationwien.at\/blog\/?p=2726#primaryimage"},"thumbnailUrl":"http:\/\/www.integrationwien.at\/blog\/wp-content\/uploads\/2018\/02\/IMG_1806s.jpg","datePublished":"2018-02-28T13:07:44+00:00","author":{"@id":"https:\/\/www.integrationwien.at\/blog\/#\/schema\/person\/037f1cbd2cf5d0891ab1ef3f8c411e1b"},"breadcrumb":{"@id":"https:\/\/www.integrationwien.at\/blog\/?p=2726#breadcrumb"},"inLanguage":"de","potentialAction":[{"@type":"ReadAction","target":["https:\/\/www.integrationwien.at\/blog\/?p=2726"]}]},{"@type":"ImageObject","inLanguage":"de","@id":"https:\/\/www.integrationwien.at\/blog\/?p=2726#primaryimage","url":"https:\/\/www.integrationwien.at\/blog\/wp-content\/uploads\/2018\/02\/IMG_1806s.jpg","contentUrl":"https:\/\/www.integrationwien.at\/blog\/wp-content\/uploads\/2018\/02\/IMG_1806s.jpg","width":800,"height":600},{"@type":"BreadcrumbList","@id":"https:\/\/www.integrationwien.at\/blog\/?p=2726#breadcrumb","itemListElement":[{"@type":"ListItem","position":1,"name":"Startseite","item":"https:\/\/www.integrationwien.at\/blog"},{"@type":"ListItem","position":2,"name":"Ausflug nach Bratislava"}]},{"@type":"WebSite","@id":"https:\/\/www.integrationwien.at\/blog\/#website","url":"https:\/\/www.integrationwien.at\/blog\/","name":"Integration Wien","description":"","potentialAction":[{"@type":"SearchAction","target":{"@type":"EntryPoint","urlTemplate":"https:\/\/www.integrationwien.at\/blog\/?s={search_term_string}"},"query-input":{"@type":"PropertyValueSpecification","valueRequired":true,"valueName":"search_term_string"}}],"inLanguage":"de"},{"@type":"Person","@id":"https:\/\/www.integrationwien.at\/blog\/#\/schema\/person\/037f1cbd2cf5d0891ab1ef3f8c411e1b","name":"Sabine Wolf","image":{"@type":"ImageObject","inLanguage":"de","@id":"https:\/\/www.integrationwien.at\/blog\/#\/schema\/person\/image\/","url":"https:\/\/secure.gravatar.com\/avatar\/bd61ef8204be3763c07e7bb17574a0a6514f1ce003afb24b6e162b483c9e4b32?s=96&d=retro&r=g","contentUrl":"https:\/\/secure.gravatar.com\/avatar\/bd61ef8204be3763c07e7bb17574a0a6514f1ce003afb24b6e162b483c9e4b32?s=96&d=retro&r=g","caption":"Sabine Wolf"},"url":"https:\/\/www.integrationwien.at\/blog\/?author=5"}]}},"_links":{"self":[{"href":"https:\/\/www.integrationwien.at\/blog\/index.php?rest_route=\/wp\/v2\/posts\/2726","targetHints":{"allow":["GET"]}}],"collection":[{"href":"https:\/\/www.integrationwien.at\/blog\/index.php?rest_route=\/wp\/v2\/posts"}],"about":[{"href":"https:\/\/www.integrationwien.at\/blog\/index.php?rest_route=\/wp\/v2\/types\/post"}],"author":[{"embeddable":true,"href":"https:\/\/www.integrationwien.at\/blog\/index.php?rest_route=\/wp\/v2\/users\/5"}],"replies":[{"embeddable":true,"href":"https:\/\/www.integrationwien.at\/blog\/index.php?rest_route=%2Fwp%2Fv2%2Fcomments&post=2726"}],"version-history":[{"count":2,"href":"https:\/\/www.integrationwien.at\/blog\/index.php?rest_route=\/wp\/v2\/posts\/2726\/revisions"}],"predecessor-version":[{"id":2728,"href":"https:\/\/www.integrationwien.at\/blog\/index.php?rest_route=\/wp\/v2\/posts\/2726\/revisions\/2728"}],"wp:attachment":[{"href":"https:\/\/www.integrationwien.at\/blog\/index.php?rest_route=%2Fwp%2Fv2%2Fmedia&parent=2726"}],"wp:term":[{"taxonomy":"category","embeddable":true,"href":"https:\/\/www.integrationwien.at\/blog\/index.php?rest_route=%2Fwp%2Fv2%2Fcategories&post=2726"},{"taxonomy":"post_tag","embeddable":true,"href":"https:\/\/www.integrationwien.at\/blog\/index.php?rest_route=%2Fwp%2Fv2%2Ftags&post=2726"}],"curies":[{"name":"wp","href":"https:\/\/api.w.org\/{rel}","templated":true}]}}