{"id":2052,"date":"2017-04-27T11:03:29","date_gmt":"2017-04-27T09:03:29","guid":{"rendered":"http:\/\/www.integrationwien.at\/blog\/?p=2052"},"modified":"2022-06-29T21:46:05","modified_gmt":"2022-06-29T19:46:05","slug":"korpergefuhle-im-tanzquartier","status":"publish","type":"post","link":"https:\/\/www.integrationwien.at\/blog\/?p=2052","title":{"rendered":"K\u00f6rpergef\u00fchle im Tanzquartier"},"content":{"rendered":"<p>Unser Tanz-Projekt ist zu Ende. Wie nehmen viele positive Eindr\u00fccke mit. In den Workshops ging es nicht nur ums Tanzen, sondern darum, seinen K\u00f6rper zu sp\u00fcren und besser kennenzulernen. Was will mein K\u00f6rper tun? Wie m\u00f6chte er sich bewegen? Braucht mein K\u00f6rper Ruhe oder m\u00f6chte er wild tanzen? Gef\u00e4llt es mir, mit jemand anderem zu tanzen oder f\u00fchle ich mich alleine wohler? M\u00f6chte ich in meinem Rollstuhl sitzen bleiben oder m\u00f6chte ich wild am Boden herumtanzen? Welche Figur m\u00f6chte mein K\u00f6rper einnehmen, m\u00f6chte ich \u00fcber den Boden wandern oder doch lieber eine aufrechte Haltung einnehmen?<\/p>\n<p><strong>ALLES IST M\u00d6GLICH!<\/strong><\/p>\n<p><img loading=\"lazy\" decoding=\"async\" class=\"alignleft  wp-image-2055\" src=\"http:\/\/www.integrationwien.at\/blog\/wp-content\/uploads\/2017\/05\/Tanz-Projekt-MAN_5807-300x200.jpg\" alt=\"Tanz-Projekt \/ FreizeitAssistenz + Tanzquartier\" width=\"270\" height=\"180\" srcset=\"https:\/\/www.integrationwien.at\/blog\/wp-content\/uploads\/2017\/05\/Tanz-Projekt-MAN_5807-300x200.jpg 300w, https:\/\/www.integrationwien.at\/blog\/wp-content\/uploads\/2017\/05\/Tanz-Projekt-MAN_5807-624x416.jpg 624w, https:\/\/www.integrationwien.at\/blog\/wp-content\/uploads\/2017\/05\/Tanz-Projekt-MAN_5807.jpg 800w\" sizes=\"auto, (max-width: 270px) 100vw, 270px\" \/><\/p>\n<p><img loading=\"lazy\" decoding=\"async\" class=\"alignleft  wp-image-2060\" src=\"http:\/\/www.integrationwien.at\/blog\/wp-content\/uploads\/2017\/05\/Tanz-Projekt-MAN_7508-300x200.jpg\" alt=\"Tanz-Projekt \/ FreizeitAssistenz + Tanzquartier\" width=\"270\" height=\"180\" srcset=\"https:\/\/www.integrationwien.at\/blog\/wp-content\/uploads\/2017\/05\/Tanz-Projekt-MAN_7508-300x200.jpg 300w, https:\/\/www.integrationwien.at\/blog\/wp-content\/uploads\/2017\/05\/Tanz-Projekt-MAN_7508-624x416.jpg 624w, https:\/\/www.integrationwien.at\/blog\/wp-content\/uploads\/2017\/05\/Tanz-Projekt-MAN_7508.jpg 800w\" sizes=\"auto, (max-width: 270px) 100vw, 270px\" \/><\/p>\n<p>Wir haben Vieles gelernt. Zum Beispiel haben wir gelernt, loszulassen und uns zu entspannen, unseren Instinkten beim Tanzen zu folgen und frei zu sein. Wir sind miteinander auf eine besondere Art in Kontakt getreten, die im normalen Alltag nicht zustande kommt. Haben uns Blicke oder Bewegungen angesprochen, begannen wir mit dieser Person oder diesen Personen zu interagieren. Ich glaube, ich spreche f\u00fcr alle: Wir hatten sehr viel Spa\u00df und Freude bei diesem Projekt!<\/p>\n<p><img loading=\"lazy\" decoding=\"async\" class=\"aligncenter size-full wp-image-2057\" src=\"http:\/\/www.integrationwien.at\/blog\/wp-content\/uploads\/2017\/05\/Tanz-Projekt-MAN_5924.jpg\" alt=\"Tanz-Projekt \/ FreizeitAssistenz + Tanzquartier\" width=\"800\" height=\"534\" srcset=\"https:\/\/www.integrationwien.at\/blog\/wp-content\/uploads\/2017\/05\/Tanz-Projekt-MAN_5924.jpg 800w, https:\/\/www.integrationwien.at\/blog\/wp-content\/uploads\/2017\/05\/Tanz-Projekt-MAN_5924-300x200.jpg 300w, https:\/\/www.integrationwien.at\/blog\/wp-content\/uploads\/2017\/05\/Tanz-Projekt-MAN_5924-624x416.jpg 624w\" sizes=\"auto, (max-width: 800px) 100vw, 800px\" \/><\/p>\n<p>Unsere letzte Tanzstunde: Nach einem kurzem Aufw\u00e4rmtanz und einer K\u00f6rperf\u00fchl\u00fcbung fanden wir uns im Kreis wieder. Es ging darum, zu zweit oder zu dritt in der Kreismitte nonverbal miteinander in Kontakt zu treten und einen gemeinsamen Tanz zu kreieren. Kam eine neue Person dazu, verlie\u00df eine andere wieder die Kreismitte.<\/p>\n<p><img loading=\"lazy\" decoding=\"async\" class=\"alignleft  wp-image-2058\" src=\"http:\/\/www.integrationwien.at\/blog\/wp-content\/uploads\/2017\/05\/Tanz-Projekt-MAN_5932-300x200.jpg\" alt=\"Tanz-Projekt \/ FreizeitAssistenz + Tanzquartier\" width=\"270\" height=\"180\" srcset=\"https:\/\/www.integrationwien.at\/blog\/wp-content\/uploads\/2017\/05\/Tanz-Projekt-MAN_5932-300x200.jpg 300w, https:\/\/www.integrationwien.at\/blog\/wp-content\/uploads\/2017\/05\/Tanz-Projekt-MAN_5932-624x416.jpg 624w, https:\/\/www.integrationwien.at\/blog\/wp-content\/uploads\/2017\/05\/Tanz-Projekt-MAN_5932.jpg 800w\" sizes=\"auto, (max-width: 270px) 100vw, 270px\" \/><\/p>\n<p><img loading=\"lazy\" decoding=\"async\" class=\"alignleft  wp-image-2056\" src=\"http:\/\/www.integrationwien.at\/blog\/wp-content\/uploads\/2017\/05\/Tanz-Projekt-MAN_5911-300x200.jpg\" alt=\"Tanz-Projekt \/ FreizeitAssistenz + Tanzquartier\" width=\"270\" height=\"180\" srcset=\"https:\/\/www.integrationwien.at\/blog\/wp-content\/uploads\/2017\/05\/Tanz-Projekt-MAN_5911-300x200.jpg 300w, https:\/\/www.integrationwien.at\/blog\/wp-content\/uploads\/2017\/05\/Tanz-Projekt-MAN_5911-624x416.jpg 624w, https:\/\/www.integrationwien.at\/blog\/wp-content\/uploads\/2017\/05\/Tanz-Projekt-MAN_5911.jpg 800w\" sizes=\"auto, (max-width: 270px) 100vw, 270px\" \/><\/p>\n<p>Am Ende unserer Tanzstunde ging es verr\u00fcckt zu und wir begannen alle durch den Raum zu wandern und mit unseren Mitt\u00e4nzerInnen in Kontakt zu treten. Um unseren Bewegungen mehr Ausdruck zu verleihen gaben wir allerlei Laute von uns. Es wurde geschnaubt, gekr\u00e4ht, miaut und gebellt. Wir waren ein wilder Haufen mit wilden Bewegungen und mit einem gro\u00dfen Mix aus Lachen und allerlei kreativen Ger\u00e4uschen.<\/p>\n<p style=\"text-align: center;\"><img loading=\"lazy\" decoding=\"async\" class=\"aligncenter  wp-image-2059\" src=\"http:\/\/www.integrationwien.at\/blog\/wp-content\/uploads\/2017\/05\/Tanz-Projekt-MAN_6337.jpg\" alt=\"Tanz-Projekt \/ FreizeitAssistenz + Tanzquartier\" width=\"512\" height=\"342\" srcset=\"https:\/\/www.integrationwien.at\/blog\/wp-content\/uploads\/2017\/05\/Tanz-Projekt-MAN_6337.jpg 800w, https:\/\/www.integrationwien.at\/blog\/wp-content\/uploads\/2017\/05\/Tanz-Projekt-MAN_6337-300x200.jpg 300w, https:\/\/www.integrationwien.at\/blog\/wp-content\/uploads\/2017\/05\/Tanz-Projekt-MAN_6337-624x416.jpg 624w\" sizes=\"auto, (max-width: 512px) 100vw, 512px\" \/><\/p>\n<p><strong>Tanz mal dr\u00fcber nach.<\/strong><br \/>\nZum Abschluss haben wir uns noch kurz zusammengesetzt und gemeinsam reflektiert. Lisas Worte sind mir besonders in Erinnerung geblieben. Sie erz\u00e4hlte uns, sie habe sich in ihrem Leben noch nie so frei gef\u00fchlt. F\u00fcr sie war das Besondere am Tanzprojekt, dass man sich so bewegen konnte, wie man wollte \u2013 ohne Vorgaben. Das war sehr sch\u00f6n zu h\u00f6ren, denn auch wenn Lisa in ihrer Bewegungskompetenz eingeschr\u00e4nkt ist, haben wir uns alle darauf konzentriert was m\u00f6glich ist, und nicht darauf, was alles eventuell nicht funktionieren k\u00f6nnte.<\/p>\n<p>Wir hatten alle sehr viel Spa\u00df und freuen uns auf viele weitere lustige Projekte.<\/p>\n<p>Ein Gro\u00dfes Dankesch\u00f6n an integration wien, Monika Wagner und Nick Mangafas von \u201eHunger auf Kunst und Kultur&#8220;, Christina Gillinger vom Tanzquartier Wien sowie an die Choreografinnen Doris Uhlich, Vera Rebl und Barbara Kraus, die uns durch unsere Tanzeinheiten geleitet haben.<\/p>\n<p>Sabrina, Freizeitassistentin bei integration wien<\/p>\n<p><strong><em>Fotos von Nick Mangafas \/ Hunger auf Kunst und Kultur<\/em><\/strong><\/p>\n","protected":false},"excerpt":{"rendered":"<p>Unser Tanz-Projekt ist zu Ende. Wie nehmen viele positive Eindr\u00fccke mit. In den Workshops ging es nicht nur ums Tanzen, sondern darum, seinen K\u00f6rper zu sp\u00fcren und besser kennenzulernen. Was will mein K\u00f6rper tun? Wie m\u00f6chte er sich bewegen? Braucht mein K\u00f6rper Ruhe oder m\u00f6chte er wild tanzen? Gef\u00e4llt es mir, mit jemand anderem zu [&hellip;]<\/p>\n","protected":false},"author":5,"featured_media":0,"comment_status":"closed","ping_status":"open","sticky":false,"template":"","format":"standard","meta":{"footnotes":""},"categories":[2,3],"tags":[],"class_list":["post-2052","post","type-post","status-publish","format-standard","hentry","category-freizeitassistenz","category-integration-wien"],"yoast_head":"<!-- This site is optimized with the Yoast SEO plugin v25.8 - https:\/\/yoast.com\/wordpress\/plugins\/seo\/ -->\n<title>K\u00f6rpergef\u00fchle im Tanzquartier - Integration Wien<\/title>\n<meta name=\"robots\" content=\"index, follow, max-snippet:-1, max-image-preview:large, max-video-preview:-1\" \/>\n<link rel=\"canonical\" href=\"https:\/\/www.integrationwien.at\/blog\/?p=2052\" \/>\n<meta property=\"og:locale\" content=\"de_DE\" \/>\n<meta property=\"og:type\" content=\"article\" \/>\n<meta property=\"og:title\" content=\"K\u00f6rpergef\u00fchle im Tanzquartier - Integration Wien\" \/>\n<meta property=\"og:description\" content=\"Unser Tanz-Projekt ist zu Ende. Wie nehmen viele positive Eindr\u00fccke mit. In den Workshops ging es nicht nur ums Tanzen, sondern darum, seinen K\u00f6rper zu sp\u00fcren und besser kennenzulernen. Was will mein K\u00f6rper tun? Wie m\u00f6chte er sich bewegen? Braucht mein K\u00f6rper Ruhe oder m\u00f6chte er wild tanzen? Gef\u00e4llt es mir, mit jemand anderem zu [&hellip;]\" \/>\n<meta property=\"og:url\" content=\"https:\/\/www.integrationwien.at\/blog\/?p=2052\" \/>\n<meta property=\"og:site_name\" content=\"Integration Wien\" \/>\n<meta property=\"article:published_time\" content=\"2017-04-27T09:03:29+00:00\" \/>\n<meta property=\"article:modified_time\" content=\"2022-06-29T19:46:05+00:00\" \/>\n<meta property=\"og:image\" content=\"http:\/\/www.integrationwien.at\/blog\/wp-content\/uploads\/2017\/05\/Tanz-Projekt-MAN_5807-300x200.jpg\" \/>\n<meta name=\"author\" content=\"Sabine Wolf\" \/>\n<meta name=\"twitter:card\" content=\"summary_large_image\" \/>\n<meta name=\"twitter:label1\" content=\"Verfasst von\" \/>\n\t<meta name=\"twitter:data1\" content=\"Sabine Wolf\" \/>\n\t<meta name=\"twitter:label2\" content=\"Gesch\u00e4tzte Lesezeit\" \/>\n\t<meta name=\"twitter:data2\" content=\"4\u00a0Minuten\" \/>\n<script type=\"application\/ld+json\" class=\"yoast-schema-graph\">{\"@context\":\"https:\/\/schema.org\",\"@graph\":[{\"@type\":\"WebPage\",\"@id\":\"https:\/\/www.integrationwien.at\/blog\/?p=2052\",\"url\":\"https:\/\/www.integrationwien.at\/blog\/?p=2052\",\"name\":\"K\u00f6rpergef\u00fchle im Tanzquartier - Integration Wien\",\"isPartOf\":{\"@id\":\"https:\/\/www.integrationwien.at\/blog\/#website\"},\"primaryImageOfPage\":{\"@id\":\"https:\/\/www.integrationwien.at\/blog\/?p=2052#primaryimage\"},\"image\":{\"@id\":\"https:\/\/www.integrationwien.at\/blog\/?p=2052#primaryimage\"},\"thumbnailUrl\":\"http:\/\/www.integrationwien.at\/blog\/wp-content\/uploads\/2017\/05\/Tanz-Projekt-MAN_5807-300x200.jpg\",\"datePublished\":\"2017-04-27T09:03:29+00:00\",\"dateModified\":\"2022-06-29T19:46:05+00:00\",\"author\":{\"@id\":\"https:\/\/www.integrationwien.at\/blog\/#\/schema\/person\/037f1cbd2cf5d0891ab1ef3f8c411e1b\"},\"breadcrumb\":{\"@id\":\"https:\/\/www.integrationwien.at\/blog\/?p=2052#breadcrumb\"},\"inLanguage\":\"de\",\"potentialAction\":[{\"@type\":\"ReadAction\",\"target\":[\"https:\/\/www.integrationwien.at\/blog\/?p=2052\"]}]},{\"@type\":\"ImageObject\",\"inLanguage\":\"de\",\"@id\":\"https:\/\/www.integrationwien.at\/blog\/?p=2052#primaryimage\",\"url\":\"https:\/\/www.integrationwien.at\/blog\/wp-content\/uploads\/2017\/05\/Tanz-Projekt-MAN_5807.jpg\",\"contentUrl\":\"https:\/\/www.integrationwien.at\/blog\/wp-content\/uploads\/2017\/05\/Tanz-Projekt-MAN_5807.jpg\",\"width\":800,\"height\":534},{\"@type\":\"BreadcrumbList\",\"@id\":\"https:\/\/www.integrationwien.at\/blog\/?p=2052#breadcrumb\",\"itemListElement\":[{\"@type\":\"ListItem\",\"position\":1,\"name\":\"Startseite\",\"item\":\"https:\/\/www.integrationwien.at\/blog\"},{\"@type\":\"ListItem\",\"position\":2,\"name\":\"K\u00f6rpergef\u00fchle im Tanzquartier\"}]},{\"@type\":\"WebSite\",\"@id\":\"https:\/\/www.integrationwien.at\/blog\/#website\",\"url\":\"https:\/\/www.integrationwien.at\/blog\/\",\"name\":\"Integration Wien\",\"description\":\"\",\"potentialAction\":[{\"@type\":\"SearchAction\",\"target\":{\"@type\":\"EntryPoint\",\"urlTemplate\":\"https:\/\/www.integrationwien.at\/blog\/?s={search_term_string}\"},\"query-input\":{\"@type\":\"PropertyValueSpecification\",\"valueRequired\":true,\"valueName\":\"search_term_string\"}}],\"inLanguage\":\"de\"},{\"@type\":\"Person\",\"@id\":\"https:\/\/www.integrationwien.at\/blog\/#\/schema\/person\/037f1cbd2cf5d0891ab1ef3f8c411e1b\",\"name\":\"Sabine Wolf\",\"image\":{\"@type\":\"ImageObject\",\"inLanguage\":\"de\",\"@id\":\"https:\/\/www.integrationwien.at\/blog\/#\/schema\/person\/image\/\",\"url\":\"https:\/\/secure.gravatar.com\/avatar\/bd61ef8204be3763c07e7bb17574a0a6514f1ce003afb24b6e162b483c9e4b32?s=96&d=retro&r=g\",\"contentUrl\":\"https:\/\/secure.gravatar.com\/avatar\/bd61ef8204be3763c07e7bb17574a0a6514f1ce003afb24b6e162b483c9e4b32?s=96&d=retro&r=g\",\"caption\":\"Sabine Wolf\"},\"url\":\"https:\/\/www.integrationwien.at\/blog\/?author=5\"}]}<\/script>\n<!-- \/ Yoast SEO plugin. -->","yoast_head_json":{"title":"K\u00f6rpergef\u00fchle im Tanzquartier - Integration Wien","robots":{"index":"index","follow":"follow","max-snippet":"max-snippet:-1","max-image-preview":"max-image-preview:large","max-video-preview":"max-video-preview:-1"},"canonical":"https:\/\/www.integrationwien.at\/blog\/?p=2052","og_locale":"de_DE","og_type":"article","og_title":"K\u00f6rpergef\u00fchle im Tanzquartier - Integration Wien","og_description":"Unser Tanz-Projekt ist zu Ende. Wie nehmen viele positive Eindr\u00fccke mit. In den Workshops ging es nicht nur ums Tanzen, sondern darum, seinen K\u00f6rper zu sp\u00fcren und besser kennenzulernen. Was will mein K\u00f6rper tun? Wie m\u00f6chte er sich bewegen? Braucht mein K\u00f6rper Ruhe oder m\u00f6chte er wild tanzen? Gef\u00e4llt es mir, mit jemand anderem zu [&hellip;]","og_url":"https:\/\/www.integrationwien.at\/blog\/?p=2052","og_site_name":"Integration Wien","article_published_time":"2017-04-27T09:03:29+00:00","article_modified_time":"2022-06-29T19:46:05+00:00","og_image":[{"url":"http:\/\/www.integrationwien.at\/blog\/wp-content\/uploads\/2017\/05\/Tanz-Projekt-MAN_5807-300x200.jpg","type":"","width":"","height":""}],"author":"Sabine Wolf","twitter_card":"summary_large_image","twitter_misc":{"Verfasst von":"Sabine Wolf","Gesch\u00e4tzte Lesezeit":"4\u00a0Minuten"},"schema":{"@context":"https:\/\/schema.org","@graph":[{"@type":"WebPage","@id":"https:\/\/www.integrationwien.at\/blog\/?p=2052","url":"https:\/\/www.integrationwien.at\/blog\/?p=2052","name":"K\u00f6rpergef\u00fchle im Tanzquartier - Integration Wien","isPartOf":{"@id":"https:\/\/www.integrationwien.at\/blog\/#website"},"primaryImageOfPage":{"@id":"https:\/\/www.integrationwien.at\/blog\/?p=2052#primaryimage"},"image":{"@id":"https:\/\/www.integrationwien.at\/blog\/?p=2052#primaryimage"},"thumbnailUrl":"http:\/\/www.integrationwien.at\/blog\/wp-content\/uploads\/2017\/05\/Tanz-Projekt-MAN_5807-300x200.jpg","datePublished":"2017-04-27T09:03:29+00:00","dateModified":"2022-06-29T19:46:05+00:00","author":{"@id":"https:\/\/www.integrationwien.at\/blog\/#\/schema\/person\/037f1cbd2cf5d0891ab1ef3f8c411e1b"},"breadcrumb":{"@id":"https:\/\/www.integrationwien.at\/blog\/?p=2052#breadcrumb"},"inLanguage":"de","potentialAction":[{"@type":"ReadAction","target":["https:\/\/www.integrationwien.at\/blog\/?p=2052"]}]},{"@type":"ImageObject","inLanguage":"de","@id":"https:\/\/www.integrationwien.at\/blog\/?p=2052#primaryimage","url":"https:\/\/www.integrationwien.at\/blog\/wp-content\/uploads\/2017\/05\/Tanz-Projekt-MAN_5807.jpg","contentUrl":"https:\/\/www.integrationwien.at\/blog\/wp-content\/uploads\/2017\/05\/Tanz-Projekt-MAN_5807.jpg","width":800,"height":534},{"@type":"BreadcrumbList","@id":"https:\/\/www.integrationwien.at\/blog\/?p=2052#breadcrumb","itemListElement":[{"@type":"ListItem","position":1,"name":"Startseite","item":"https:\/\/www.integrationwien.at\/blog"},{"@type":"ListItem","position":2,"name":"K\u00f6rpergef\u00fchle im Tanzquartier"}]},{"@type":"WebSite","@id":"https:\/\/www.integrationwien.at\/blog\/#website","url":"https:\/\/www.integrationwien.at\/blog\/","name":"Integration Wien","description":"","potentialAction":[{"@type":"SearchAction","target":{"@type":"EntryPoint","urlTemplate":"https:\/\/www.integrationwien.at\/blog\/?s={search_term_string}"},"query-input":{"@type":"PropertyValueSpecification","valueRequired":true,"valueName":"search_term_string"}}],"inLanguage":"de"},{"@type":"Person","@id":"https:\/\/www.integrationwien.at\/blog\/#\/schema\/person\/037f1cbd2cf5d0891ab1ef3f8c411e1b","name":"Sabine Wolf","image":{"@type":"ImageObject","inLanguage":"de","@id":"https:\/\/www.integrationwien.at\/blog\/#\/schema\/person\/image\/","url":"https:\/\/secure.gravatar.com\/avatar\/bd61ef8204be3763c07e7bb17574a0a6514f1ce003afb24b6e162b483c9e4b32?s=96&d=retro&r=g","contentUrl":"https:\/\/secure.gravatar.com\/avatar\/bd61ef8204be3763c07e7bb17574a0a6514f1ce003afb24b6e162b483c9e4b32?s=96&d=retro&r=g","caption":"Sabine Wolf"},"url":"https:\/\/www.integrationwien.at\/blog\/?author=5"}]}},"_links":{"self":[{"href":"https:\/\/www.integrationwien.at\/blog\/index.php?rest_route=\/wp\/v2\/posts\/2052","targetHints":{"allow":["GET"]}}],"collection":[{"href":"https:\/\/www.integrationwien.at\/blog\/index.php?rest_route=\/wp\/v2\/posts"}],"about":[{"href":"https:\/\/www.integrationwien.at\/blog\/index.php?rest_route=\/wp\/v2\/types\/post"}],"author":[{"embeddable":true,"href":"https:\/\/www.integrationwien.at\/blog\/index.php?rest_route=\/wp\/v2\/users\/5"}],"replies":[{"embeddable":true,"href":"https:\/\/www.integrationwien.at\/blog\/index.php?rest_route=%2Fwp%2Fv2%2Fcomments&post=2052"}],"version-history":[{"count":17,"href":"https:\/\/www.integrationwien.at\/blog\/index.php?rest_route=\/wp\/v2\/posts\/2052\/revisions"}],"predecessor-version":[{"id":4380,"href":"https:\/\/www.integrationwien.at\/blog\/index.php?rest_route=\/wp\/v2\/posts\/2052\/revisions\/4380"}],"wp:attachment":[{"href":"https:\/\/www.integrationwien.at\/blog\/index.php?rest_route=%2Fwp%2Fv2%2Fmedia&parent=2052"}],"wp:term":[{"taxonomy":"category","embeddable":true,"href":"https:\/\/www.integrationwien.at\/blog\/index.php?rest_route=%2Fwp%2Fv2%2Fcategories&post=2052"},{"taxonomy":"post_tag","embeddable":true,"href":"https:\/\/www.integrationwien.at\/blog\/index.php?rest_route=%2Fwp%2Fv2%2Ftags&post=2052"}],"curies":[{"name":"wp","href":"https:\/\/api.w.org\/{rel}","templated":true}]}}