{"id":2014,"date":"2017-04-06T14:30:16","date_gmt":"2017-04-06T12:30:16","guid":{"rendered":"http:\/\/www.integrationwien.at\/blog\/?p=2014"},"modified":"2017-05-29T12:57:26","modified_gmt":"2017-05-29T10:57:26","slug":"tanzen-tanzen-und-nochmals-tanzen-tanzworkshop-tanzvorstellung-und-aftershowparty","status":"publish","type":"post","link":"https:\/\/www.integrationwien.at\/blog\/?p=2014","title":{"rendered":"Tanzen, tanzen und nochmals tanzen! \u2013 Tanzworkshop, Tanzvorstellung und Aftershowparty"},"content":{"rendered":"<p>Am Donnerstag, den 30. M\u00e4rz, holte ich Liisa um 16:00 von ihr zuhause ab und wir spazierten bzw. fuhren 20 Minuten bis zum Tanzquartier im Museumsquartier. Wie immer freuten sich Liisa und ich schon sehr aufs Tanzen und auf die Freunde von iwi, die uns dort erwarteten.<\/p>\n<p>Nachdem wir unsere Jacken ausgezogen hatten, gesellten wir uns zu den anderen, a\u00dfen noch einen Keks, tranken Wasser, und zogen uns unsere Tanzkleidung an.<\/p>\n<p>Dann gab es gleich eine ganz besondere \u00dcberraschung: Monika Wagner von Hunger auf Kunst und Kultur besuchte uns und brachte uns Geschenke! Jede und jeder bekam Taschen und kleine Schreibheftchen vom Kultur-Transfair Sponsor Erste Bank. Danke, Monika!<\/p>\n<p><img loading=\"lazy\" decoding=\"async\" class=\"aligncenter size-medium wp-image-2018\" alt=\"01\" src=\"http:\/\/www.integrationwien.at\/blog\/wp-content\/uploads\/2017\/04\/011-300x200.jpg\" width=\"300\" height=\"200\" srcset=\"https:\/\/www.integrationwien.at\/blog\/wp-content\/uploads\/2017\/04\/011-300x200.jpg 300w, https:\/\/www.integrationwien.at\/blog\/wp-content\/uploads\/2017\/04\/011-624x416.jpg 624w, https:\/\/www.integrationwien.at\/blog\/wp-content\/uploads\/2017\/04\/011.jpg 700w\" sizes=\"auto, (max-width: 300px) 100vw, 300px\" \/><\/p>\n<p>Um 17:00 startete der Kurs, also platzierten wir uns in einem Kreis im Tanzsaal. Da ein paar neue dabei waren, machten wir wieder eine Namensrunde, bei der jede\/jeder zu ihrem\/seinem Namen eine Bewegung machte, die dann von allen mitgemacht wurde, w\u00e4hrend man den Namen sagte.<\/p>\n<p><img loading=\"lazy\" decoding=\"async\" class=\"aligncenter size-medium wp-image-2019\" alt=\"02\" src=\"http:\/\/www.integrationwien.at\/blog\/wp-content\/uploads\/2017\/04\/021-300x199.jpg\" width=\"300\" height=\"199\" srcset=\"https:\/\/www.integrationwien.at\/blog\/wp-content\/uploads\/2017\/04\/021-300x199.jpg 300w, https:\/\/www.integrationwien.at\/blog\/wp-content\/uploads\/2017\/04\/021-624x415.jpg 624w, https:\/\/www.integrationwien.at\/blog\/wp-content\/uploads\/2017\/04\/021.jpg 800w\" sizes=\"auto, (max-width: 300px) 100vw, 300px\" \/><\/p>\n<p>Danach legten wir uns auf den Boden und machten eine Entspannungs\u00fcbung. Das ist immer das sch\u00f6nste f\u00fcr Liisa; wenn sie raus aus ihrem Rollstuhl kann, und sich am Boden liegend frei bewegen kann. Da rollt sie hin und her und versucht sich in allen m\u00f6glichen Bewegungen, am liebsten nat\u00fcrlich tanzend zu lauter Musik. Auf die mussten wir an diesem Tag jedoch leider etwas l\u00e4nger warten, da es ein recht ruhiger Kurs war. Wir hatten die Augen geschlossen und die heutige Choreographin Barbara sagte nun mit entspannter Stimme: \u201eMeine Haut h\u00e4lt meine Muskeln. Meine Muskeln halten meine Knochen. Meine Knochen halten meine Organe. &#8230;\u201c Angenehm, wenn man sich so in den K\u00f6rper hineinf\u00fchlt.<\/p>\n<p><img loading=\"lazy\" decoding=\"async\" class=\"alignleft  wp-image-2020\" alt=\"03\" src=\"http:\/\/www.integrationwien.at\/blog\/wp-content\/uploads\/2017\/04\/031-300x199.jpg\" width=\"270\" height=\"179\" srcset=\"https:\/\/www.integrationwien.at\/blog\/wp-content\/uploads\/2017\/04\/031-300x199.jpg 300w, https:\/\/www.integrationwien.at\/blog\/wp-content\/uploads\/2017\/04\/031-624x415.jpg 624w, https:\/\/www.integrationwien.at\/blog\/wp-content\/uploads\/2017\/04\/031.jpg 800w\" sizes=\"auto, (max-width: 270px) 100vw, 270px\" \/><\/p>\n<p><img loading=\"lazy\" decoding=\"async\" class=\"alignleft  wp-image-2021\" alt=\"04\" src=\"http:\/\/www.integrationwien.at\/blog\/wp-content\/uploads\/2017\/04\/041-300x199.jpg\" width=\"270\" height=\"179\" srcset=\"https:\/\/www.integrationwien.at\/blog\/wp-content\/uploads\/2017\/04\/041-300x199.jpg 300w, https:\/\/www.integrationwien.at\/blog\/wp-content\/uploads\/2017\/04\/041-624x415.jpg 624w, https:\/\/www.integrationwien.at\/blog\/wp-content\/uploads\/2017\/04\/041.jpg 800w\" sizes=\"auto, (max-width: 270px) 100vw, 270px\" \/><\/p>\n<p>&nbsp;<\/p>\n<p>&nbsp;<\/p>\n<p>&nbsp;<\/p>\n<p>&nbsp;<\/p>\n<p>&nbsp;<\/p>\n<p>Nach einiger Zeit bewegten wir dann nach und nach K\u00f6rperteile, bis wir in gro\u00dfe, flie\u00dfende Bewegungen \u00fcbergingen. Manche blieben am Boden liegen oder sitzen, manche bewegten sich tanzend oder laufend durch den Raum. Wir imitierten uns gegenseitig, interagierten miteinander und erfanden leidenschaftliche, spontane, improvisierte T\u00e4nze. Barbara sagte dann, wir sollen Details im Raum wahrnehmen und wenn uns etwas ganz besonders interessiere, damit tanzend Kontakt aufnehmen. Zum Beispiel die F\u00fc\u00dfe bzw. Socken der anderen&#8230; Es wurde lustig und es gab nichts, das \u201ezu schr\u00e4g\u201c war \u2013 unserer Kreativit\u00e4t wurden keine Grenzen gesetzt und wir hatten alle Freiheit, uns auf unterschiedliche Weisen auszutoben. Irgendwann sagte Barbara, wir sollen doch mit unserem Hinterteil Kontakt mit den anderen aufnehmen, sowie uns in unterschiedlichen Positionen anschmiegen. Ja, nat\u00fcrlich darf auch dieser ganz besondere K\u00f6rperteil beim Tanzen und Improvisieren nicht au\u00dfer Acht gelassen werden. \ud83d\ude42<\/p>\n<p><img loading=\"lazy\" decoding=\"async\" class=\"aligncenter size-medium wp-image-2022\" alt=\"05\" src=\"http:\/\/www.integrationwien.at\/blog\/wp-content\/uploads\/2017\/04\/05-300x199.jpg\" width=\"300\" height=\"199\" srcset=\"https:\/\/www.integrationwien.at\/blog\/wp-content\/uploads\/2017\/04\/05-300x199.jpg 300w, https:\/\/www.integrationwien.at\/blog\/wp-content\/uploads\/2017\/04\/05-624x415.jpg 624w, https:\/\/www.integrationwien.at\/blog\/wp-content\/uploads\/2017\/04\/05.jpg 800w\" sizes=\"auto, (max-width: 300px) 100vw, 300px\" \/><\/p>\n<p>Das Ende dieses Kurses war eine Spur actionreicher. Es wurde laute, experimentelle, elektronische Musik aufgedreht, und einer\/eine der Gruppe dirigierte oder tanzte etwas vor, das alle anderen <img loading=\"lazy\" decoding=\"async\" class=\"alignleft size-medium wp-image-2023\" alt=\"06\" src=\"http:\/\/www.integrationwien.at\/blog\/wp-content\/uploads\/2017\/04\/06-300x199.jpg\" width=\"300\" height=\"199\" srcset=\"https:\/\/www.integrationwien.at\/blog\/wp-content\/uploads\/2017\/04\/06-300x199.jpg 300w, https:\/\/www.integrationwien.at\/blog\/wp-content\/uploads\/2017\/04\/06-624x415.jpg 624w, https:\/\/www.integrationwien.at\/blog\/wp-content\/uploads\/2017\/04\/06.jpg 800w\" sizes=\"auto, (max-width: 300px) 100vw, 300px\" \/>mitmachten. Benni startete und hatte offensichtlich eine gro\u00dfe Freude, genauso wie wir. Severin brachte uns mit seinem ber\u00fchmten H\u00fcftschwung, oder besser gesagt Beckensch\u00fctteln, zum Lachen und Schwitzen. Liisa tanzte am Boden vor, wir machten alles nach, es entstand eine spannende Choreographie. Auch Ralf war f\u00fcr ein paar Minuten unser Choreograph und erhielt gro\u00dfen Applaus. Jeden Millimeter unseres K\u00f6rpers zu schneller, rhythmischer Musik bewegen, sich dabei vollkommen ausgelassen bewegen, austoben, gehen lassen \u2013 das ist unsere Leidenschaft und wir genie\u00dfen es immer sehr.<\/p>\n<p>Nach eineinhalb Stunden war das Tanzen vorbei. Jetzt hie\u00df es umziehen, Wasser trinken und zu unserer besonderen Freude ein paar Happen von dem kleinen Buffet essen, das immer f\u00fcr uns angerichtet wurde. Es gab Kekse, Obst, Snacks und Joghurt.<\/p>\n<p><img loading=\"lazy\" decoding=\"async\" class=\"aligncenter size-medium wp-image-2017\" alt=\"00\" src=\"http:\/\/www.integrationwien.at\/blog\/wp-content\/uploads\/2017\/04\/00-300x199.jpg\" width=\"300\" height=\"199\" srcset=\"https:\/\/www.integrationwien.at\/blog\/wp-content\/uploads\/2017\/04\/00-300x199.jpg 300w, https:\/\/www.integrationwien.at\/blog\/wp-content\/uploads\/2017\/04\/00-624x415.jpg 624w, https:\/\/www.integrationwien.at\/blog\/wp-content\/uploads\/2017\/04\/00.jpg 800w\" sizes=\"auto, (max-width: 300px) 100vw, 300px\" \/><\/p>\n<p>Als wir fertig waren gingen bzw. fuhren wir hin\u00fcber zur Halle G, wo uns eine ganz besonders tolle Vorstellung von zeitgen\u00f6ssischem Tanz erwartete. Das St\u00fcck hei\u00dft \u201e<a href=\"http:\/\/tqw.at\/de\/events\/protagonist\" target=\"_blank\">Der Protagonist<\/a>\u201c und ist eine Produktion vom schwedischen Choreographen Jefta Van Dinther, aufgef\u00fchrt von einer Gruppe von 14 T\u00e4nzerInnen namens Cullberg Ballet. Auch Christina Gillinger vom Tanzquartier, die uns den Besuch der Vorstellung erm\u00f6glicht hat, war dabei!<\/p>\n<p><img loading=\"lazy\" decoding=\"async\" class=\"alignleft  wp-image-2024\" alt=\"07\" src=\"http:\/\/www.integrationwien.at\/blog\/wp-content\/uploads\/2017\/04\/07-300x199.jpg\" width=\"270\" height=\"179\" srcset=\"https:\/\/www.integrationwien.at\/blog\/wp-content\/uploads\/2017\/04\/07-300x199.jpg 300w, https:\/\/www.integrationwien.at\/blog\/wp-content\/uploads\/2017\/04\/07-624x415.jpg 624w, https:\/\/www.integrationwien.at\/blog\/wp-content\/uploads\/2017\/04\/07.jpg 800w\" sizes=\"auto, (max-width: 270px) 100vw, 270px\" \/><\/p>\n<p><img loading=\"lazy\" decoding=\"async\" class=\"alignleft  wp-image-2025\" alt=\"08\" src=\"http:\/\/www.integrationwien.at\/blog\/wp-content\/uploads\/2017\/04\/08-300x199.jpg\" width=\"270\" height=\"179\" srcset=\"https:\/\/www.integrationwien.at\/blog\/wp-content\/uploads\/2017\/04\/08-300x199.jpg 300w, https:\/\/www.integrationwien.at\/blog\/wp-content\/uploads\/2017\/04\/08-624x415.jpg 624w, https:\/\/www.integrationwien.at\/blog\/wp-content\/uploads\/2017\/04\/08.jpg 800w\" sizes=\"auto, (max-width: 270px) 100vw, 270px\" \/><\/p>\n<p>&nbsp;<\/p>\n<p>&nbsp;<\/p>\n<p>&nbsp;<\/p>\n<p>&nbsp;<\/p>\n<p>&nbsp;<\/p>\n<p>Die Musik, die T\u00e4nze, das B\u00fchnenbild, die gesamte Performance waren ein Augen- und Ohrenschmaus. Der Inhalt war inspirierend und motivierend, wenn er auch zum Nachdenken angeregt hat. Es gab Lieder der Revolution und T\u00e4nze der Evolution, die erz\u00e4hlten, wie Menschen sich versammeln, Rollen annehmen und auferlegt bekommen. An einem Punkt im St\u00fcck standen die T\u00e4nzerInnen ca. 3 Minuten mit dem Blick Richtung Publikum gerichtet auf der B\u00fchne, sprachen kein Worte und schauten einfach \u201enur\u201c in die Ferne. Ihre Mimik und ihre K\u00f6rperhaltung ver\u00e4nderten sich im Schneckentempo zwar, aber das Publikum wurde in Verlegenheit gebracht, weil die Stille im Theater und Momente, in denen \u201enichts\u201c passiert, ganz sch\u00f6n herausfordernd sein k\u00f6nnen. Das war f\u00fcr Liisa und mich lustig und spannend zu beobachten. Wir mussten ganz sch\u00f6n lachen, als Ralf pl\u00f6tzlich laut und \u00fcberzeugt rief \u201eNa, was ist denn jetzt mit denen?\u201c und ein paar im Publikum lachten ebenfalls mit uns mit.<\/p>\n<p>Ungef\u00e4hr ab der H\u00e4lfte der St\u00fccks zogen sich die T\u00e4nzerInnen auf der B\u00fchne pl\u00f6tzlich aus, und nach und nach waren immer mehr nackte K\u00f6rper auf der B\u00fchne, die in schummriger Lichtstimmung wie Affen \u00fcber die B\u00fchne fegten. Jefta van Dinther \u00e4u\u00dferte sich dazu so: \u201eSie bewegen sich in evolution\u00e4rem Sinn r\u00fcckw\u00e4rts, wobei dies als aktive Entscheidung zu verstehen ist, um sich wieder mit dem zu verbinden, was um uns ist. Als bewusste Entscheidung zur Pr\u00e4senz.\u201c<\/p>\n<p><img loading=\"lazy\" decoding=\"async\" class=\"alignleft size-full wp-image-2031\" alt=\"09\" src=\"http:\/\/www.integrationwien.at\/blog\/wp-content\/uploads\/2017\/04\/09.jpg\" width=\"1000\" height=\"667\" srcset=\"https:\/\/www.integrationwien.at\/blog\/wp-content\/uploads\/2017\/04\/09.jpg 1000w, https:\/\/www.integrationwien.at\/blog\/wp-content\/uploads\/2017\/04\/09-300x200.jpg 300w, https:\/\/www.integrationwien.at\/blog\/wp-content\/uploads\/2017\/04\/09-624x416.jpg 624w\" sizes=\"auto, (max-width: 1000px) 100vw, 1000px\" \/><\/p>\n<p>&nbsp;<\/p>\n<p>Ich war begeistert von der Tanzvorstellung und w\u00fcrde sie auf jeden Fall weiterempfehlen. Liisa fanddas St\u00fcck schr\u00e4g und gew\u00f6hnungsbed\u00fcrftig, es gefiel ihr aber im Gro\u00dfen und Ganzen recht gut.<\/p>\n<p style=\"text-align: left;\">Nach der Vorstellung gingen wir noch zur Aftershowparty ins Tanzquartier. Super, wir f\u00fchlten uns wie VIPs. \ud83d\ude42 Es gab leckeres Buffet, vor allem die Salate waren k\u00f6stlich. Die Musik, die Lichtstimmung und die Menschen waren stilvoll und nett, der Raum wirkte unter diesen Umst\u00e4nden ganz anders. Er war etwas klein f\u00fcr so viele Leute und Liisas Rollstuhl, aber wir suchten uns einen guten Platz bei einem Tisch. Dort genossen wir die Zeit, schlemmerten und tratschten mit Severin, Sabine und Verena. Um 22:30 machten wir uns auf den Weg nach Hause, wo wir um 23:00 ankamen. Ganz sch\u00f6n viel passiert in diesen 7 Stunden!<\/p>\n<p><img loading=\"lazy\" decoding=\"async\" class=\"alignleft size-thumbnail wp-image-2029\" alt=\"12\" src=\"http:\/\/www.integrationwien.at\/blog\/wp-content\/uploads\/2017\/04\/12-150x150.jpg\" width=\"150\" height=\"150\" \/><\/p>\n<p><img loading=\"lazy\" decoding=\"async\" class=\"alignleft size-thumbnail wp-image-2028\" alt=\"11\" src=\"http:\/\/www.integrationwien.at\/blog\/wp-content\/uploads\/2017\/04\/11-150x150.jpg\" width=\"150\" height=\"150\" \/><\/p>\n<p><img loading=\"lazy\" decoding=\"async\" class=\"alignleft size-thumbnail wp-image-2032\" alt=\"14\" src=\"http:\/\/www.integrationwien.at\/blog\/wp-content\/uploads\/2017\/04\/14-150x150.jpg\" width=\"150\" height=\"150\" \/><\/p>\n<p>&nbsp;<\/p>\n<p>&nbsp;<\/p>\n<p>&nbsp;<\/p>\n<p>&nbsp;<\/p>\n<p>Das Band zwischen Liisa und mir wurde wieder st\u00e4rker, der Tanzworkshop hat uns noch mehr verbunden und die gemeinsamen Erinnerungen sind so wertvoll \u2013 an ihnen werden wir uns immer erfreuen&#8230;<\/p>\n<p>Danke f\u00fcr diesen tollen Tag, wir freuen uns aufs n\u00e4chste Mal!<\/p>\n<p>Angelika Zach, Freizeitassistentin bei integration wien<\/p>\n","protected":false},"excerpt":{"rendered":"<p>Am Donnerstag, den 30. M\u00e4rz, holte ich Liisa um 16:00 von ihr zuhause ab und wir spazierten bzw. fuhren 20 Minuten bis zum Tanzquartier im Museumsquartier. Wie immer freuten sich Liisa und ich schon sehr aufs Tanzen und auf die Freunde von iwi, die uns dort erwarteten. Nachdem wir unsere Jacken ausgezogen hatten, gesellten wir [&hellip;]<\/p>\n","protected":false},"author":5,"featured_media":0,"comment_status":"closed","ping_status":"open","sticky":false,"template":"","format":"standard","meta":{"footnotes":""},"categories":[2,3],"tags":[],"class_list":["post-2014","post","type-post","status-publish","format-standard","hentry","category-freizeitassistenz","category-integration-wien"],"yoast_head":"<!-- This site is optimized with the Yoast SEO plugin v25.8 - https:\/\/yoast.com\/wordpress\/plugins\/seo\/ -->\n<title>Tanzen, tanzen und nochmals tanzen! \u2013 Tanzworkshop, Tanzvorstellung und Aftershowparty  - Integration Wien<\/title>\n<meta name=\"robots\" content=\"index, follow, max-snippet:-1, max-image-preview:large, max-video-preview:-1\" \/>\n<link rel=\"canonical\" href=\"https:\/\/www.integrationwien.at\/blog\/?p=2014\" \/>\n<meta property=\"og:locale\" content=\"de_DE\" \/>\n<meta property=\"og:type\" content=\"article\" \/>\n<meta property=\"og:title\" content=\"Tanzen, tanzen und nochmals tanzen! \u2013 Tanzworkshop, Tanzvorstellung und Aftershowparty  - Integration Wien\" \/>\n<meta property=\"og:description\" content=\"Am Donnerstag, den 30. M\u00e4rz, holte ich Liisa um 16:00 von ihr zuhause ab und wir spazierten bzw. fuhren 20 Minuten bis zum Tanzquartier im Museumsquartier. Wie immer freuten sich Liisa und ich schon sehr aufs Tanzen und auf die Freunde von iwi, die uns dort erwarteten. Nachdem wir unsere Jacken ausgezogen hatten, gesellten wir [&hellip;]\" \/>\n<meta property=\"og:url\" content=\"https:\/\/www.integrationwien.at\/blog\/?p=2014\" \/>\n<meta property=\"og:site_name\" content=\"Integration Wien\" \/>\n<meta property=\"article:published_time\" content=\"2017-04-06T12:30:16+00:00\" \/>\n<meta property=\"article:modified_time\" content=\"2017-05-29T10:57:26+00:00\" \/>\n<meta property=\"og:image\" content=\"http:\/\/www.integrationwien.at\/blog\/wp-content\/uploads\/2017\/04\/011-300x200.jpg\" \/>\n<meta name=\"author\" content=\"Sabine Wolf\" \/>\n<meta name=\"twitter:card\" content=\"summary_large_image\" \/>\n<meta name=\"twitter:label1\" content=\"Verfasst von\" \/>\n\t<meta name=\"twitter:data1\" content=\"Sabine Wolf\" \/>\n\t<meta name=\"twitter:label2\" content=\"Gesch\u00e4tzte Lesezeit\" \/>\n\t<meta name=\"twitter:data2\" content=\"6\u00a0Minuten\" \/>\n<script type=\"application\/ld+json\" class=\"yoast-schema-graph\">{\"@context\":\"https:\/\/schema.org\",\"@graph\":[{\"@type\":\"WebPage\",\"@id\":\"https:\/\/www.integrationwien.at\/blog\/?p=2014\",\"url\":\"https:\/\/www.integrationwien.at\/blog\/?p=2014\",\"name\":\"Tanzen, tanzen und nochmals tanzen! \u2013 Tanzworkshop, Tanzvorstellung und Aftershowparty - Integration Wien\",\"isPartOf\":{\"@id\":\"https:\/\/www.integrationwien.at\/blog\/#website\"},\"primaryImageOfPage\":{\"@id\":\"https:\/\/www.integrationwien.at\/blog\/?p=2014#primaryimage\"},\"image\":{\"@id\":\"https:\/\/www.integrationwien.at\/blog\/?p=2014#primaryimage\"},\"thumbnailUrl\":\"http:\/\/www.integrationwien.at\/blog\/wp-content\/uploads\/2017\/04\/011-300x200.jpg\",\"datePublished\":\"2017-04-06T12:30:16+00:00\",\"dateModified\":\"2017-05-29T10:57:26+00:00\",\"author\":{\"@id\":\"https:\/\/www.integrationwien.at\/blog\/#\/schema\/person\/037f1cbd2cf5d0891ab1ef3f8c411e1b\"},\"breadcrumb\":{\"@id\":\"https:\/\/www.integrationwien.at\/blog\/?p=2014#breadcrumb\"},\"inLanguage\":\"de\",\"potentialAction\":[{\"@type\":\"ReadAction\",\"target\":[\"https:\/\/www.integrationwien.at\/blog\/?p=2014\"]}]},{\"@type\":\"ImageObject\",\"inLanguage\":\"de\",\"@id\":\"https:\/\/www.integrationwien.at\/blog\/?p=2014#primaryimage\",\"url\":\"https:\/\/www.integrationwien.at\/blog\/wp-content\/uploads\/2017\/04\/011.jpg\",\"contentUrl\":\"https:\/\/www.integrationwien.at\/blog\/wp-content\/uploads\/2017\/04\/011.jpg\",\"width\":700,\"height\":467},{\"@type\":\"BreadcrumbList\",\"@id\":\"https:\/\/www.integrationwien.at\/blog\/?p=2014#breadcrumb\",\"itemListElement\":[{\"@type\":\"ListItem\",\"position\":1,\"name\":\"Startseite\",\"item\":\"https:\/\/www.integrationwien.at\/blog\"},{\"@type\":\"ListItem\",\"position\":2,\"name\":\"Tanzen, tanzen und nochmals tanzen! \u2013 Tanzworkshop, Tanzvorstellung und Aftershowparty\"}]},{\"@type\":\"WebSite\",\"@id\":\"https:\/\/www.integrationwien.at\/blog\/#website\",\"url\":\"https:\/\/www.integrationwien.at\/blog\/\",\"name\":\"Integration Wien\",\"description\":\"\",\"potentialAction\":[{\"@type\":\"SearchAction\",\"target\":{\"@type\":\"EntryPoint\",\"urlTemplate\":\"https:\/\/www.integrationwien.at\/blog\/?s={search_term_string}\"},\"query-input\":{\"@type\":\"PropertyValueSpecification\",\"valueRequired\":true,\"valueName\":\"search_term_string\"}}],\"inLanguage\":\"de\"},{\"@type\":\"Person\",\"@id\":\"https:\/\/www.integrationwien.at\/blog\/#\/schema\/person\/037f1cbd2cf5d0891ab1ef3f8c411e1b\",\"name\":\"Sabine Wolf\",\"image\":{\"@type\":\"ImageObject\",\"inLanguage\":\"de\",\"@id\":\"https:\/\/www.integrationwien.at\/blog\/#\/schema\/person\/image\/\",\"url\":\"https:\/\/secure.gravatar.com\/avatar\/bd61ef8204be3763c07e7bb17574a0a6514f1ce003afb24b6e162b483c9e4b32?s=96&d=retro&r=g\",\"contentUrl\":\"https:\/\/secure.gravatar.com\/avatar\/bd61ef8204be3763c07e7bb17574a0a6514f1ce003afb24b6e162b483c9e4b32?s=96&d=retro&r=g\",\"caption\":\"Sabine Wolf\"},\"url\":\"https:\/\/www.integrationwien.at\/blog\/?author=5\"}]}<\/script>\n<!-- \/ Yoast SEO plugin. -->","yoast_head_json":{"title":"Tanzen, tanzen und nochmals tanzen! \u2013 Tanzworkshop, Tanzvorstellung und Aftershowparty  - Integration Wien","robots":{"index":"index","follow":"follow","max-snippet":"max-snippet:-1","max-image-preview":"max-image-preview:large","max-video-preview":"max-video-preview:-1"},"canonical":"https:\/\/www.integrationwien.at\/blog\/?p=2014","og_locale":"de_DE","og_type":"article","og_title":"Tanzen, tanzen und nochmals tanzen! \u2013 Tanzworkshop, Tanzvorstellung und Aftershowparty  - Integration Wien","og_description":"Am Donnerstag, den 30. M\u00e4rz, holte ich Liisa um 16:00 von ihr zuhause ab und wir spazierten bzw. fuhren 20 Minuten bis zum Tanzquartier im Museumsquartier. Wie immer freuten sich Liisa und ich schon sehr aufs Tanzen und auf die Freunde von iwi, die uns dort erwarteten. Nachdem wir unsere Jacken ausgezogen hatten, gesellten wir [&hellip;]","og_url":"https:\/\/www.integrationwien.at\/blog\/?p=2014","og_site_name":"Integration Wien","article_published_time":"2017-04-06T12:30:16+00:00","article_modified_time":"2017-05-29T10:57:26+00:00","og_image":[{"url":"http:\/\/www.integrationwien.at\/blog\/wp-content\/uploads\/2017\/04\/011-300x200.jpg","type":"","width":"","height":""}],"author":"Sabine Wolf","twitter_card":"summary_large_image","twitter_misc":{"Verfasst von":"Sabine Wolf","Gesch\u00e4tzte Lesezeit":"6\u00a0Minuten"},"schema":{"@context":"https:\/\/schema.org","@graph":[{"@type":"WebPage","@id":"https:\/\/www.integrationwien.at\/blog\/?p=2014","url":"https:\/\/www.integrationwien.at\/blog\/?p=2014","name":"Tanzen, tanzen und nochmals tanzen! \u2013 Tanzworkshop, Tanzvorstellung und Aftershowparty - Integration Wien","isPartOf":{"@id":"https:\/\/www.integrationwien.at\/blog\/#website"},"primaryImageOfPage":{"@id":"https:\/\/www.integrationwien.at\/blog\/?p=2014#primaryimage"},"image":{"@id":"https:\/\/www.integrationwien.at\/blog\/?p=2014#primaryimage"},"thumbnailUrl":"http:\/\/www.integrationwien.at\/blog\/wp-content\/uploads\/2017\/04\/011-300x200.jpg","datePublished":"2017-04-06T12:30:16+00:00","dateModified":"2017-05-29T10:57:26+00:00","author":{"@id":"https:\/\/www.integrationwien.at\/blog\/#\/schema\/person\/037f1cbd2cf5d0891ab1ef3f8c411e1b"},"breadcrumb":{"@id":"https:\/\/www.integrationwien.at\/blog\/?p=2014#breadcrumb"},"inLanguage":"de","potentialAction":[{"@type":"ReadAction","target":["https:\/\/www.integrationwien.at\/blog\/?p=2014"]}]},{"@type":"ImageObject","inLanguage":"de","@id":"https:\/\/www.integrationwien.at\/blog\/?p=2014#primaryimage","url":"https:\/\/www.integrationwien.at\/blog\/wp-content\/uploads\/2017\/04\/011.jpg","contentUrl":"https:\/\/www.integrationwien.at\/blog\/wp-content\/uploads\/2017\/04\/011.jpg","width":700,"height":467},{"@type":"BreadcrumbList","@id":"https:\/\/www.integrationwien.at\/blog\/?p=2014#breadcrumb","itemListElement":[{"@type":"ListItem","position":1,"name":"Startseite","item":"https:\/\/www.integrationwien.at\/blog"},{"@type":"ListItem","position":2,"name":"Tanzen, tanzen und nochmals tanzen! \u2013 Tanzworkshop, Tanzvorstellung und Aftershowparty"}]},{"@type":"WebSite","@id":"https:\/\/www.integrationwien.at\/blog\/#website","url":"https:\/\/www.integrationwien.at\/blog\/","name":"Integration Wien","description":"","potentialAction":[{"@type":"SearchAction","target":{"@type":"EntryPoint","urlTemplate":"https:\/\/www.integrationwien.at\/blog\/?s={search_term_string}"},"query-input":{"@type":"PropertyValueSpecification","valueRequired":true,"valueName":"search_term_string"}}],"inLanguage":"de"},{"@type":"Person","@id":"https:\/\/www.integrationwien.at\/blog\/#\/schema\/person\/037f1cbd2cf5d0891ab1ef3f8c411e1b","name":"Sabine Wolf","image":{"@type":"ImageObject","inLanguage":"de","@id":"https:\/\/www.integrationwien.at\/blog\/#\/schema\/person\/image\/","url":"https:\/\/secure.gravatar.com\/avatar\/bd61ef8204be3763c07e7bb17574a0a6514f1ce003afb24b6e162b483c9e4b32?s=96&d=retro&r=g","contentUrl":"https:\/\/secure.gravatar.com\/avatar\/bd61ef8204be3763c07e7bb17574a0a6514f1ce003afb24b6e162b483c9e4b32?s=96&d=retro&r=g","caption":"Sabine Wolf"},"url":"https:\/\/www.integrationwien.at\/blog\/?author=5"}]}},"_links":{"self":[{"href":"https:\/\/www.integrationwien.at\/blog\/index.php?rest_route=\/wp\/v2\/posts\/2014","targetHints":{"allow":["GET"]}}],"collection":[{"href":"https:\/\/www.integrationwien.at\/blog\/index.php?rest_route=\/wp\/v2\/posts"}],"about":[{"href":"https:\/\/www.integrationwien.at\/blog\/index.php?rest_route=\/wp\/v2\/types\/post"}],"author":[{"embeddable":true,"href":"https:\/\/www.integrationwien.at\/blog\/index.php?rest_route=\/wp\/v2\/users\/5"}],"replies":[{"embeddable":true,"href":"https:\/\/www.integrationwien.at\/blog\/index.php?rest_route=%2Fwp%2Fv2%2Fcomments&post=2014"}],"version-history":[{"count":14,"href":"https:\/\/www.integrationwien.at\/blog\/index.php?rest_route=\/wp\/v2\/posts\/2014\/revisions"}],"predecessor-version":[{"id":2043,"href":"https:\/\/www.integrationwien.at\/blog\/index.php?rest_route=\/wp\/v2\/posts\/2014\/revisions\/2043"}],"wp:attachment":[{"href":"https:\/\/www.integrationwien.at\/blog\/index.php?rest_route=%2Fwp%2Fv2%2Fmedia&parent=2014"}],"wp:term":[{"taxonomy":"category","embeddable":true,"href":"https:\/\/www.integrationwien.at\/blog\/index.php?rest_route=%2Fwp%2Fv2%2Fcategories&post=2014"},{"taxonomy":"post_tag","embeddable":true,"href":"https:\/\/www.integrationwien.at\/blog\/index.php?rest_route=%2Fwp%2Fv2%2Ftags&post=2014"}],"curies":[{"name":"wp","href":"https:\/\/api.w.org\/{rel}","templated":true}]}}