{"id":1731,"date":"2016-11-24T12:10:21","date_gmt":"2016-11-24T10:10:21","guid":{"rendered":"http:\/\/www.integrationwien.at\/blog\/?p=1731"},"modified":"2016-12-15T16:50:16","modified_gmt":"2016-12-15T14:50:16","slug":"ganz-schon-intim","status":"publish","type":"post","link":"https:\/\/www.integrationwien.at\/blog\/?p=1731","title":{"rendered":"\u201eGanz sch\u00f6n intim\u201c"},"content":{"rendered":"<p>K\u00fcrzlich besuchten Fabian und ich gemeinsam den Workshop \u201e<strong><a href=\"http:\/\/d31580.ispservices.at\/selbstlaut.org\/was-wir-anbieten\/sexualpaedagogik-ausstellung\/\" target=\"_blank\">Ganz sch\u00f6n intim<\/a><\/strong>\u201c, vom <a title=\"Verein Selbstlaut\" href=\"http:\/\/selbstlaut.org\/\" target=\"_blank\">Verein Selbstlaut<\/a>. Hauptaufgabe des Vereins ist es, Aufkl\u00e4rungsarbeit zum Thema Sexualit\u00e4t zu leisten. Als Fabian und ich im Gemeinschaftsraum ankamen, trudelten nach der Reihe Conni und Michi, Christina und Theresa und Ralf und Georg ein. Darauf hin wurden wir von MitarbeiterInnen des Vereins freundlich in den R\u00e4umlichkeiten Willkommen gehei\u00dfen.<\/p>\n<p style=\"text-align: center;\"><img loading=\"lazy\" decoding=\"async\" class=\"aligncenter  wp-image-1737\" alt=\"1612_selbstlaut_01\" src=\"http:\/\/www.integrationwien.at\/blog\/wp-content\/uploads\/2016\/12\/1612_selbstlaut_01.jpg\" width=\"497\" height=\"329\" srcset=\"https:\/\/www.integrationwien.at\/blog\/wp-content\/uploads\/2016\/12\/1612_selbstlaut_01.jpg 985w, https:\/\/www.integrationwien.at\/blog\/wp-content\/uploads\/2016\/12\/1612_selbstlaut_01-300x198.jpg 300w, https:\/\/www.integrationwien.at\/blog\/wp-content\/uploads\/2016\/12\/1612_selbstlaut_01-624x413.jpg 624w\" sizes=\"auto, (max-width: 497px) 100vw, 497px\" \/><\/p>\n<p>Danach besuchten wir je nach Interesse und Freude selbst\u00e4ndig die einzelnen Stationen. F\u00fcr Fabian und mich ging es an diesem Punkt nat\u00fcrlich sofort zu den Computern. Hier galt es verschiedenste themenbezogene W\u00f6rter richtig ihren Bedeutungen zuzuordnen. Nach ein paar kleinen Fragen und gro\u00dfteils \u201eEh schon Wissen\u201c, sahen wir uns nach einer weiteren, f\u00fcr uns interessanten, Station um. Wir entschieden uns f\u00fcr ein Tischspiel, welches \u00e4hnlich wie Activity aufgebaut war. Ziel war es verschiedene Begriffe, wie zum Beispiel Klitoris, Orgasmus oder Sperma zu erkl\u00e4ren, zu zeichnen oder pantomimisch darzustellen. So hatten wir die Gelegenheit unser Wissen und Schauspieltalent unter Beweis zu stellen. Nach anf\u00e4nglichen kleinen Hemmungen dem Thema Sexualit\u00e4t gegen\u00fcber, schafften wir es offen dar\u00fcber zu reden und das Eis zu brechen. Als besonders hilfreich stellte es sich heraus, meine Zeichenk\u00fcnste dazu zu n\u00fctzen, unbekannte Sachen aufzuzeichnen und zu erkl\u00e4ren. W\u00e4hrend die anderen TeilnehmerInnen des Workshops immer wieder bei dem Spiel ein und ausstiegen, blieben wir zwei bis zum Schluss. Der kr\u00f6nende Abschluss war es den Begriff \u201esich ausziehen\u201c pantomimsch darzustellen.<\/p>\n<p>Mit erweitertem Wissen und gro\u00dfen Spa\u00df an der Thematik verabschiedeten wir uns von allen anderen und traten unsere Heimreise mittels \u00d6ffis an.<\/p>\n<p>Danke an die Mitarbeiterinnen des Vereins f\u00fcr diese tolle M\u00f6glichkeit der Teilnahme!<\/p>\n<p>Andreas Sachsenhofer, Freizeitassistent bei integration wien<\/p>\n","protected":false},"excerpt":{"rendered":"<p>K\u00fcrzlich besuchten Fabian und ich gemeinsam den Workshop \u201eGanz sch\u00f6n intim\u201c, vom Verein Selbstlaut. Hauptaufgabe des Vereins ist es, Aufkl\u00e4rungsarbeit zum Thema Sexualit\u00e4t zu leisten. Als Fabian und ich im Gemeinschaftsraum ankamen, trudelten nach der Reihe Conni und Michi, Christina und Theresa und Ralf und Georg ein. Darauf hin wurden wir von MitarbeiterInnen des Vereins [&hellip;]<\/p>\n","protected":false},"author":5,"featured_media":0,"comment_status":"closed","ping_status":"open","sticky":false,"template":"","format":"standard","meta":{"footnotes":""},"categories":[2],"tags":[],"class_list":["post-1731","post","type-post","status-publish","format-standard","hentry","category-freizeitassistenz"],"yoast_head":"<!-- This site is optimized with the Yoast SEO plugin v25.8 - https:\/\/yoast.com\/wordpress\/plugins\/seo\/ -->\n<title>\u201eGanz sch\u00f6n intim\u201c - Integration Wien<\/title>\n<meta name=\"robots\" content=\"index, follow, max-snippet:-1, max-image-preview:large, max-video-preview:-1\" \/>\n<link rel=\"canonical\" href=\"https:\/\/www.integrationwien.at\/blog\/?p=1731\" \/>\n<meta property=\"og:locale\" content=\"de_DE\" \/>\n<meta property=\"og:type\" content=\"article\" \/>\n<meta property=\"og:title\" content=\"\u201eGanz sch\u00f6n intim\u201c - Integration Wien\" \/>\n<meta property=\"og:description\" content=\"K\u00fcrzlich besuchten Fabian und ich gemeinsam den Workshop \u201eGanz sch\u00f6n intim\u201c, vom Verein Selbstlaut. Hauptaufgabe des Vereins ist es, Aufkl\u00e4rungsarbeit zum Thema Sexualit\u00e4t zu leisten. Als Fabian und ich im Gemeinschaftsraum ankamen, trudelten nach der Reihe Conni und Michi, Christina und Theresa und Ralf und Georg ein. Darauf hin wurden wir von MitarbeiterInnen des Vereins [&hellip;]\" \/>\n<meta property=\"og:url\" content=\"https:\/\/www.integrationwien.at\/blog\/?p=1731\" \/>\n<meta property=\"og:site_name\" content=\"Integration Wien\" \/>\n<meta property=\"article:published_time\" content=\"2016-11-24T10:10:21+00:00\" \/>\n<meta property=\"article:modified_time\" content=\"2016-12-15T14:50:16+00:00\" \/>\n<meta property=\"og:image\" content=\"http:\/\/www.integrationwien.at\/blog\/wp-content\/uploads\/2016\/12\/1612_selbstlaut_01.jpg\" \/>\n<meta name=\"author\" content=\"Sabine Wolf\" \/>\n<meta name=\"twitter:card\" content=\"summary_large_image\" \/>\n<meta name=\"twitter:label1\" content=\"Verfasst von\" \/>\n\t<meta name=\"twitter:data1\" content=\"Sabine Wolf\" \/>\n\t<meta name=\"twitter:label2\" content=\"Gesch\u00e4tzte Lesezeit\" \/>\n\t<meta name=\"twitter:data2\" content=\"1\u00a0Minute\" \/>\n<script type=\"application\/ld+json\" class=\"yoast-schema-graph\">{\"@context\":\"https:\/\/schema.org\",\"@graph\":[{\"@type\":\"WebPage\",\"@id\":\"https:\/\/www.integrationwien.at\/blog\/?p=1731\",\"url\":\"https:\/\/www.integrationwien.at\/blog\/?p=1731\",\"name\":\"\u201eGanz sch\u00f6n intim\u201c - Integration Wien\",\"isPartOf\":{\"@id\":\"https:\/\/www.integrationwien.at\/blog\/#website\"},\"primaryImageOfPage\":{\"@id\":\"https:\/\/www.integrationwien.at\/blog\/?p=1731#primaryimage\"},\"image\":{\"@id\":\"https:\/\/www.integrationwien.at\/blog\/?p=1731#primaryimage\"},\"thumbnailUrl\":\"http:\/\/www.integrationwien.at\/blog\/wp-content\/uploads\/2016\/12\/1612_selbstlaut_01.jpg\",\"datePublished\":\"2016-11-24T10:10:21+00:00\",\"dateModified\":\"2016-12-15T14:50:16+00:00\",\"author\":{\"@id\":\"https:\/\/www.integrationwien.at\/blog\/#\/schema\/person\/037f1cbd2cf5d0891ab1ef3f8c411e1b\"},\"breadcrumb\":{\"@id\":\"https:\/\/www.integrationwien.at\/blog\/?p=1731#breadcrumb\"},\"inLanguage\":\"de\",\"potentialAction\":[{\"@type\":\"ReadAction\",\"target\":[\"https:\/\/www.integrationwien.at\/blog\/?p=1731\"]}]},{\"@type\":\"ImageObject\",\"inLanguage\":\"de\",\"@id\":\"https:\/\/www.integrationwien.at\/blog\/?p=1731#primaryimage\",\"url\":\"https:\/\/www.integrationwien.at\/blog\/wp-content\/uploads\/2016\/12\/1612_selbstlaut_01.jpg\",\"contentUrl\":\"https:\/\/www.integrationwien.at\/blog\/wp-content\/uploads\/2016\/12\/1612_selbstlaut_01.jpg\",\"width\":985,\"height\":652},{\"@type\":\"BreadcrumbList\",\"@id\":\"https:\/\/www.integrationwien.at\/blog\/?p=1731#breadcrumb\",\"itemListElement\":[{\"@type\":\"ListItem\",\"position\":1,\"name\":\"Startseite\",\"item\":\"https:\/\/www.integrationwien.at\/blog\"},{\"@type\":\"ListItem\",\"position\":2,\"name\":\"\u201eGanz sch\u00f6n intim\u201c\"}]},{\"@type\":\"WebSite\",\"@id\":\"https:\/\/www.integrationwien.at\/blog\/#website\",\"url\":\"https:\/\/www.integrationwien.at\/blog\/\",\"name\":\"Integration Wien\",\"description\":\"\",\"potentialAction\":[{\"@type\":\"SearchAction\",\"target\":{\"@type\":\"EntryPoint\",\"urlTemplate\":\"https:\/\/www.integrationwien.at\/blog\/?s={search_term_string}\"},\"query-input\":{\"@type\":\"PropertyValueSpecification\",\"valueRequired\":true,\"valueName\":\"search_term_string\"}}],\"inLanguage\":\"de\"},{\"@type\":\"Person\",\"@id\":\"https:\/\/www.integrationwien.at\/blog\/#\/schema\/person\/037f1cbd2cf5d0891ab1ef3f8c411e1b\",\"name\":\"Sabine Wolf\",\"image\":{\"@type\":\"ImageObject\",\"inLanguage\":\"de\",\"@id\":\"https:\/\/www.integrationwien.at\/blog\/#\/schema\/person\/image\/\",\"url\":\"https:\/\/secure.gravatar.com\/avatar\/bd61ef8204be3763c07e7bb17574a0a6514f1ce003afb24b6e162b483c9e4b32?s=96&d=retro&r=g\",\"contentUrl\":\"https:\/\/secure.gravatar.com\/avatar\/bd61ef8204be3763c07e7bb17574a0a6514f1ce003afb24b6e162b483c9e4b32?s=96&d=retro&r=g\",\"caption\":\"Sabine Wolf\"},\"url\":\"https:\/\/www.integrationwien.at\/blog\/?author=5\"}]}<\/script>\n<!-- \/ Yoast SEO plugin. -->","yoast_head_json":{"title":"\u201eGanz sch\u00f6n intim\u201c - Integration Wien","robots":{"index":"index","follow":"follow","max-snippet":"max-snippet:-1","max-image-preview":"max-image-preview:large","max-video-preview":"max-video-preview:-1"},"canonical":"https:\/\/www.integrationwien.at\/blog\/?p=1731","og_locale":"de_DE","og_type":"article","og_title":"\u201eGanz sch\u00f6n intim\u201c - Integration Wien","og_description":"K\u00fcrzlich besuchten Fabian und ich gemeinsam den Workshop \u201eGanz sch\u00f6n intim\u201c, vom Verein Selbstlaut. Hauptaufgabe des Vereins ist es, Aufkl\u00e4rungsarbeit zum Thema Sexualit\u00e4t zu leisten. Als Fabian und ich im Gemeinschaftsraum ankamen, trudelten nach der Reihe Conni und Michi, Christina und Theresa und Ralf und Georg ein. Darauf hin wurden wir von MitarbeiterInnen des Vereins [&hellip;]","og_url":"https:\/\/www.integrationwien.at\/blog\/?p=1731","og_site_name":"Integration Wien","article_published_time":"2016-11-24T10:10:21+00:00","article_modified_time":"2016-12-15T14:50:16+00:00","og_image":[{"url":"http:\/\/www.integrationwien.at\/blog\/wp-content\/uploads\/2016\/12\/1612_selbstlaut_01.jpg","type":"","width":"","height":""}],"author":"Sabine Wolf","twitter_card":"summary_large_image","twitter_misc":{"Verfasst von":"Sabine Wolf","Gesch\u00e4tzte Lesezeit":"1\u00a0Minute"},"schema":{"@context":"https:\/\/schema.org","@graph":[{"@type":"WebPage","@id":"https:\/\/www.integrationwien.at\/blog\/?p=1731","url":"https:\/\/www.integrationwien.at\/blog\/?p=1731","name":"\u201eGanz sch\u00f6n intim\u201c - Integration Wien","isPartOf":{"@id":"https:\/\/www.integrationwien.at\/blog\/#website"},"primaryImageOfPage":{"@id":"https:\/\/www.integrationwien.at\/blog\/?p=1731#primaryimage"},"image":{"@id":"https:\/\/www.integrationwien.at\/blog\/?p=1731#primaryimage"},"thumbnailUrl":"http:\/\/www.integrationwien.at\/blog\/wp-content\/uploads\/2016\/12\/1612_selbstlaut_01.jpg","datePublished":"2016-11-24T10:10:21+00:00","dateModified":"2016-12-15T14:50:16+00:00","author":{"@id":"https:\/\/www.integrationwien.at\/blog\/#\/schema\/person\/037f1cbd2cf5d0891ab1ef3f8c411e1b"},"breadcrumb":{"@id":"https:\/\/www.integrationwien.at\/blog\/?p=1731#breadcrumb"},"inLanguage":"de","potentialAction":[{"@type":"ReadAction","target":["https:\/\/www.integrationwien.at\/blog\/?p=1731"]}]},{"@type":"ImageObject","inLanguage":"de","@id":"https:\/\/www.integrationwien.at\/blog\/?p=1731#primaryimage","url":"https:\/\/www.integrationwien.at\/blog\/wp-content\/uploads\/2016\/12\/1612_selbstlaut_01.jpg","contentUrl":"https:\/\/www.integrationwien.at\/blog\/wp-content\/uploads\/2016\/12\/1612_selbstlaut_01.jpg","width":985,"height":652},{"@type":"BreadcrumbList","@id":"https:\/\/www.integrationwien.at\/blog\/?p=1731#breadcrumb","itemListElement":[{"@type":"ListItem","position":1,"name":"Startseite","item":"https:\/\/www.integrationwien.at\/blog"},{"@type":"ListItem","position":2,"name":"\u201eGanz sch\u00f6n intim\u201c"}]},{"@type":"WebSite","@id":"https:\/\/www.integrationwien.at\/blog\/#website","url":"https:\/\/www.integrationwien.at\/blog\/","name":"Integration Wien","description":"","potentialAction":[{"@type":"SearchAction","target":{"@type":"EntryPoint","urlTemplate":"https:\/\/www.integrationwien.at\/blog\/?s={search_term_string}"},"query-input":{"@type":"PropertyValueSpecification","valueRequired":true,"valueName":"search_term_string"}}],"inLanguage":"de"},{"@type":"Person","@id":"https:\/\/www.integrationwien.at\/blog\/#\/schema\/person\/037f1cbd2cf5d0891ab1ef3f8c411e1b","name":"Sabine Wolf","image":{"@type":"ImageObject","inLanguage":"de","@id":"https:\/\/www.integrationwien.at\/blog\/#\/schema\/person\/image\/","url":"https:\/\/secure.gravatar.com\/avatar\/bd61ef8204be3763c07e7bb17574a0a6514f1ce003afb24b6e162b483c9e4b32?s=96&d=retro&r=g","contentUrl":"https:\/\/secure.gravatar.com\/avatar\/bd61ef8204be3763c07e7bb17574a0a6514f1ce003afb24b6e162b483c9e4b32?s=96&d=retro&r=g","caption":"Sabine Wolf"},"url":"https:\/\/www.integrationwien.at\/blog\/?author=5"}]}},"_links":{"self":[{"href":"https:\/\/www.integrationwien.at\/blog\/index.php?rest_route=\/wp\/v2\/posts\/1731","targetHints":{"allow":["GET"]}}],"collection":[{"href":"https:\/\/www.integrationwien.at\/blog\/index.php?rest_route=\/wp\/v2\/posts"}],"about":[{"href":"https:\/\/www.integrationwien.at\/blog\/index.php?rest_route=\/wp\/v2\/types\/post"}],"author":[{"embeddable":true,"href":"https:\/\/www.integrationwien.at\/blog\/index.php?rest_route=\/wp\/v2\/users\/5"}],"replies":[{"embeddable":true,"href":"https:\/\/www.integrationwien.at\/blog\/index.php?rest_route=%2Fwp%2Fv2%2Fcomments&post=1731"}],"version-history":[{"count":10,"href":"https:\/\/www.integrationwien.at\/blog\/index.php?rest_route=\/wp\/v2\/posts\/1731\/revisions"}],"predecessor-version":[{"id":1751,"href":"https:\/\/www.integrationwien.at\/blog\/index.php?rest_route=\/wp\/v2\/posts\/1731\/revisions\/1751"}],"wp:attachment":[{"href":"https:\/\/www.integrationwien.at\/blog\/index.php?rest_route=%2Fwp%2Fv2%2Fmedia&parent=1731"}],"wp:term":[{"taxonomy":"category","embeddable":true,"href":"https:\/\/www.integrationwien.at\/blog\/index.php?rest_route=%2Fwp%2Fv2%2Fcategories&post=1731"},{"taxonomy":"post_tag","embeddable":true,"href":"https:\/\/www.integrationwien.at\/blog\/index.php?rest_route=%2Fwp%2Fv2%2Ftags&post=1731"}],"curies":[{"name":"wp","href":"https:\/\/api.w.org\/{rel}","templated":true}]}}